{"id":192551,"date":"2020-07-17T09:29:30","date_gmt":"2020-07-17T06:29:30","guid":{"rendered":"http:\/\/arantv.az\/?p=192551"},"modified":"2020-07-17T09:29:30","modified_gmt":"2020-07-17T06:29:30","slug":"cavusoglu-ceyhun-bayramova-z%c9%99ng-etdi","status":"publish","type":"post","link":"https:\/\/arantv.az\/?p=192551","title":{"rendered":"\u00c7avu\u015fo\u011flu Ceyhun Bayramova z\u0259ng etdi"},"content":{"rendered":"<p>16 iyul 2020-ci il tarixind\u0259 Xarici \u0130\u015fl\u0259r naziri Ceyhun Bayramovun t\u00fcrkiy\u0259li h\u0259mkar\u0131 M\u00f6vlud \u00c7avu\u015fo\u011flu il\u0259 telefon dan\u0131\u015f\u0131\u011f\u0131 ba\u015f tutub.<\/p>\n<p>Bununla ba\u011fl\u0131 Az\u0259rbaycan Xarici \u0130\u015fl\u0259r Nazirliyi m\u0259lumat yay\u0131b.<\/p>\n<p>\u00c7avu\u015fo\u011flu Az\u0259rbaycan Xarici \u0130\u015fl\u0259r naziri v\u0259zif\u0259sin\u0259 t\u0259yin olunmas\u0131 m\u00fcnasib\u0259til\u0259 Ceyhun Bayramovu t\u0259brik edib v\u0259 ona f\u0259aliyy\u0259tind\u0259 u\u011furlar arzulay\u0131b.<\/p>\n<p>C.Bayramov s\u0259mimi t\u0259brikin\u0259 g\u00f6r\u0259 h\u0259mkar\u0131na t\u0259\u015f\u0259kk\u00fcr edib. O, qarda\u015f T\u00fcrkiy\u0259nin h\u0259r zaman Az\u0259rbaycana n\u00fcmayi\u015f etdirdiyi d\u0259st\u0259yi, o c\u00fcml\u0259d\u0259n Erm\u0259nistan\u0131n son h\u0259rbi t\u0259xribat\u0131 il\u0259 ba\u011fl\u0131 verdiyi \u0259dal\u0259tli b\u0259yanatlar\u0131 y\u00fcks\u0259k qiym\u0259tl\u0259ndirib v\u0259 bu x\u00fcsusda minn\u0259tdarl\u0131\u011f\u0131n\u0131 ifad\u0259 edib.<\/p>\n<p>Nazirl\u0259r t\u0259r\u0259find\u0259n iki qarda\u015f \u00f6lk\u0259 aras\u0131nda strateji \u0259m\u0259kda\u015fl\u0131q m\u00fcnasib\u0259tl\u0259rinin bundan sonra da inki\u015faf\u0131 istiqam\u0259tind\u0259 s\u0259yl\u0259rin \u0259sirg\u0259nilm\u0259y\u0259c\u0259yi vur\u011fulan\u0131b.<\/p>\n","protected":false},"excerpt":{"rendered":"<p>16 iyul 2020-ci il tarixind\u0259 Xarici \u0130\u015fl\u0259r naziri Ceyhun Bayramovun t\u00fcrkiy\u0259li h\u0259mkar\u0131 M\u00f6vlud \u00c7avu\u015fo\u011flu il\u0259 telefon dan\u0131\u015f\u0131\u011f\u0131 ba\u015f tutub. Bununla ba\u011fl\u0131 Az\u0259rbaycan Xarici \u0130\u015fl\u0259r Nazirliyi m\u0259lumat yay\u0131b. \u00c7avu\u015fo\u011flu Az\u0259rbaycan Xarici \u0130\u015fl\u0259r naziri v\u0259zif\u0259sin\u0259 t\u0259yin olunmas\u0131 m\u00fcnasib\u0259til\u0259 Ceyhun Bayramovu t\u0259brik edib v\u0259 ona f\u0259aliyy\u0259tind\u0259 u\u011furlar arzulay\u0131b. C.Bayramov s\u0259mimi t\u0259brikin\u0259 g\u00f6r\u0259 h\u0259mkar\u0131na t\u0259\u015f\u0259kk\u00fcr edib. O, qarda\u015f T\u00fcrkiy\u0259nin h\u0259r zaman Az\u0259rbaycana n\u00fcmayi\u015f etdirdiyi d\u0259st\u0259yi, o c\u00fcml\u0259d\u0259n Erm\u0259nistan\u0131n son h\u0259rbi t\u0259xribat\u0131 il\u0259 ba\u011fl\u0131 verdiyi \u0259dal\u0259tli b\u0259yanatlar\u0131 y\u00fcks\u0259k qiym\u0259tl\u0259ndirib v\u0259 bu x\u00fcsusda minn\u0259tdarl\u0131\u011f\u0131n\u0131 ifad\u0259 edib. Nazirl\u0259r t\u0259r\u0259find\u0259n iki qarda\u015f \u00f6lk\u0259 aras\u0131nda strateji \u0259m\u0259kda\u015fl\u0131q m\u00fcnasib\u0259tl\u0259rinin bundan&hellip;<\/p>\n","protected":false},"author":2,"featured_media":192552,"comment_status":"closed","ping_status":"closed","sticky":false,"template":"","format":"standard","meta":{"om_disable_all_campaigns":false,"_monsterinsights_skip_tracking":false,"_monsterinsights_sitenote_active":false,"_monsterinsights_sitenote_note":"","_monsterinsights_sitenote_category":0},"categories":[4],"tags":[],"aioseo_notices":[],"gutentor_comment":0,"rttpg_featured_image_url":{"full":["https:\/\/arantv.az\/wp-content\/uploads\/2020\/07\/FotoJet-13.jpg",620,419,false],"landscape":["https:\/\/arantv.az\/wp-content\/uploads\/2020\/07\/FotoJet-13.jpg",620,419,false],"portraits":["https:\/\/arantv.az\/wp-content\/uploads\/2020\/07\/FotoJet-13.jpg",620,419,false],"thumbnail":["https:\/\/arantv.az\/wp-content\/uploads\/2020\/07\/FotoJet-13-150x150.jpg",150,150,true],"medium":["https:\/\/arantv.az\/wp-content\/uploads\/2020\/07\/FotoJet-13-300x203.jpg",300,203,true],"large":["https:\/\/arantv.az\/wp-content\/uploads\/2020\/07\/FotoJet-13.jpg",620,419,false],"1536x1536":["https:\/\/arantv.az\/wp-content\/uploads\/2020\/07\/FotoJet-13.jpg",620,419,false],"2048x2048":["https:\/\/arantv.az\/wp-content\/uploads\/2020\/07\/FotoJet-13.jpg",620,419,false],"post-thumbnail":["https:\/\/arantv.az\/wp-content\/uploads\/2020\/07\/FotoJet-13-240x172.jpg",240,172,true],"advps-thumb-one":["https:\/\/arantv.az\/wp-content\/uploads\/2020\/07\/FotoJet-13.jpg",620,419,false]},"rttpg_author":{"display_name":"V\u00fcsal Rafiqo\u011flu","author_link":"https:\/\/arantv.az\/?author=2"},"rttpg_comment":0,"rttpg_category":"<a href=\"https:\/\/arantv.az\/?cat=4\" rel=\"category\">Siyas\u0259t<\/a>","rttpg_excerpt":"16 iyul 2020-ci il tarixind\u0259 Xarici \u0130\u015fl\u0259r naziri Ceyhun Bayramovun t\u00fcrkiy\u0259li h\u0259mkar\u0131 M\u00f6vlud \u00c7avu\u015fo\u011flu il\u0259 telefon dan\u0131\u015f\u0131\u011f\u0131 ba\u015f tutub. Bununla ba\u011fl\u0131 Az\u0259rbaycan Xarici \u0130\u015fl\u0259r Nazirliyi m\u0259lumat yay\u0131b. \u00c7avu\u015fo\u011flu Az\u0259rbaycan Xarici \u0130\u015fl\u0259r naziri v\u0259zif\u0259sin\u0259 t\u0259yin olunmas\u0131 m\u00fcnasib\u0259til\u0259 Ceyhun Bayramovu t\u0259brik edib v\u0259 ona f\u0259aliyy\u0259tind\u0259 u\u011furlar arzulay\u0131b. C.Bayramov s\u0259mimi t\u0259brikin\u0259 g\u00f6r\u0259 h\u0259mkar\u0131na t\u0259\u015f\u0259kk\u00fcr edib. O, qarda\u015f T\u00fcrkiy\u0259nin&hellip;","_links":{"self":[{"href":"https:\/\/arantv.az\/index.php?rest_route=\/wp\/v2\/posts\/192551"}],"collection":[{"href":"https:\/\/arantv.az\/index.php?rest_route=\/wp\/v2\/posts"}],"about":[{"href":"https:\/\/arantv.az\/index.php?rest_route=\/wp\/v2\/types\/post"}],"author":[{"embeddable":true,"href":"https:\/\/arantv.az\/index.php?rest_route=\/wp\/v2\/users\/2"}],"replies":[{"embeddable":true,"href":"https:\/\/arantv.az\/index.php?rest_route=%2Fwp%2Fv2%2Fcomments&post=192551"}],"version-history":[{"count":0,"href":"https:\/\/arantv.az\/index.php?rest_route=\/wp\/v2\/posts\/192551\/revisions"}],"wp:featuredmedia":[{"embeddable":true,"href":"https:\/\/arantv.az\/index.php?rest_route=\/wp\/v2\/media\/192552"}],"wp:attachment":[{"href":"https:\/\/arantv.az\/index.php?rest_route=%2Fwp%2Fv2%2Fmedia&parent=192551"}],"wp:term":[{"taxonomy":"category","embeddable":true,"href":"https:\/\/arantv.az\/index.php?rest_route=%2Fwp%2Fv2%2Fcategories&post=192551"},{"taxonomy":"post_tag","embeddable":true,"href":"https:\/\/arantv.az\/index.php?rest_route=%2Fwp%2Fv2%2Ftags&post=192551"}],"curies":[{"name":"wp","href":"https:\/\/api.w.org\/{rel}","templated":true}]}}