{"id":192555,"date":"2020-07-17T09:30:49","date_gmt":"2020-07-17T06:30:49","guid":{"rendered":"http:\/\/arantv.az\/?p=192555"},"modified":"2020-07-17T09:30:49","modified_gmt":"2020-07-17T06:30:49","slug":"emin-agalarovdan-s%c9%99hidl%c9%99rimizl%c9%99-bagli-paylasim-foto","status":"publish","type":"post","link":"https:\/\/arantv.az\/?p=192555","title":{"rendered":"Emin A\u011falarovdan \u015f\u0259hidl\u0259rimizl\u0259 ba\u011fl\u0131 payla\u015f\u0131m &#8211; FOTO"},"content":{"rendered":"<p>Xalq artisti Emin A\u011falarov \u201cInstagram\u201d hesab\u0131nda son g\u00fcnl\u0259r Erm\u0259nistan silahl\u0131 b\u00f6lm\u0259l\u0259rinin Az\u0259rbaycan Ordusunun Tovuz rayonu istiqam\u0259tind\u0259 t\u0259xribat c\u0259hdinin qar\u015f\u0131s\u0131n\u0131 alark\u0259n \u015f\u0259hid olmu\u015f h\u0259rb\u00e7il\u0259rimizin fotolar\u0131n\u0131 payla\u015f\u0131b.<\/p>\n<p><b>ARANTV.AZ\u00a0<\/b>x\u0259b\u0259r verir ki, E.A\u011falarov payla\u015f\u0131m\u0131nda Erm\u0259nistana t\u0259cav\u00fczkar siyas\u0259tind\u0259n \u0259l \u00e7\u0259km\u0259kl\u0259 ba\u011fl\u0131 \u00e7a\u011f\u0131r\u0131\u015f edib:<\/p>\n<p>\u201cBiz C\u0259nubi Qafqaz regionunda s\u00fclh v\u0259 stabilliyin olunmas\u0131 \u00fc\u00e7\u00fcn Erm\u0259nistan\u0131 Az\u0259rbaycan \u0259razil\u0259rinin i\u015f\u011fal\u0131na son qoyma\u011fa \u00e7a\u011f\u0131r\u0131r\u0131q\u201d.<\/p>\n<div class=\"gallery\">\n<div class=\"gallery-i\"><img src=\"https:\/\/cdn.oxu.az\/uploads\/W1siZiIsIjIwMjAvMDcvMTYvMjIvMDIvMDEvNjFkNjE2YTItNmU5ZC00MGU2LTk0YzQtZDk4NTY0YjcwMWY5LzExMDE1ODYzMl8yODY5MDY0ODI3NDY4MTVfMTk5MjE5MTgyOTAxNjEyMzM2Ml9uLmpwZyJdLFsicCIsImVuY29kZSIsImpwZyIsIi1xdWFsaXR5IDgwIl0sWyJwIiwidGh1bWIiLCI1OTB4NTkwXHUwMDNlIl1d?sha=8ccc8196e6215ea6\" alt=\"\" \/><\/div>\n<\/div>\n<div>Oxu.Az<\/div>\n","protected":false},"excerpt":{"rendered":"<p>Xalq artisti Emin A\u011falarov \u201cInstagram\u201d hesab\u0131nda son g\u00fcnl\u0259r Erm\u0259nistan silahl\u0131 b\u00f6lm\u0259l\u0259rinin Az\u0259rbaycan Ordusunun Tovuz rayonu istiqam\u0259tind\u0259 t\u0259xribat c\u0259hdinin qar\u015f\u0131s\u0131n\u0131 alark\u0259n \u015f\u0259hid olmu\u015f h\u0259rb\u00e7il\u0259rimizin fotolar\u0131n\u0131 payla\u015f\u0131b. ARANTV.AZ\u00a0x\u0259b\u0259r verir ki, E.A\u011falarov payla\u015f\u0131m\u0131nda Erm\u0259nistana t\u0259cav\u00fczkar siyas\u0259tind\u0259n \u0259l \u00e7\u0259km\u0259kl\u0259 ba\u011fl\u0131 \u00e7a\u011f\u0131r\u0131\u015f edib: \u201cBiz C\u0259nubi Qafqaz regionunda s\u00fclh v\u0259 stabilliyin olunmas\u0131 \u00fc\u00e7\u00fcn Erm\u0259nistan\u0131 Az\u0259rbaycan \u0259razil\u0259rinin i\u015f\u011fal\u0131na son qoyma\u011fa \u00e7a\u011f\u0131r\u0131r\u0131q\u201d. Oxu.Az<\/p>\n","protected":false},"author":2,"featured_media":192556,"comment_status":"closed","ping_status":"closed","sticky":false,"template":"","format":"standard","meta":{"om_disable_all_campaigns":false,"_monsterinsights_skip_tracking":false,"_monsterinsights_sitenote_active":false,"_monsterinsights_sitenote_note":"","_monsterinsights_sitenote_category":0},"categories":[20],"tags":[],"aioseo_notices":[],"gutentor_comment":0,"rttpg_featured_image_url":{"full":["https:\/\/arantv.az\/wp-content\/uploads\/2020\/07\/239531_b7era18mqt.jpg",620,390,false],"landscape":["https:\/\/arantv.az\/wp-content\/uploads\/2020\/07\/239531_b7era18mqt.jpg",620,390,false],"portraits":["https:\/\/arantv.az\/wp-content\/uploads\/2020\/07\/239531_b7era18mqt.jpg",620,390,false],"thumbnail":["https:\/\/arantv.az\/wp-content\/uploads\/2020\/07\/239531_b7era18mqt-150x150.jpg",150,150,true],"medium":["https:\/\/arantv.az\/wp-content\/uploads\/2020\/07\/239531_b7era18mqt-300x189.jpg",300,189,true],"large":["https:\/\/arantv.az\/wp-content\/uploads\/2020\/07\/239531_b7era18mqt.jpg",620,390,false],"1536x1536":["https:\/\/arantv.az\/wp-content\/uploads\/2020\/07\/239531_b7era18mqt.jpg",620,390,false],"2048x2048":["https:\/\/arantv.az\/wp-content\/uploads\/2020\/07\/239531_b7era18mqt.jpg",620,390,false],"post-thumbnail":["https:\/\/arantv.az\/wp-content\/uploads\/2020\/07\/239531_b7era18mqt-240x172.jpg",240,172,true],"advps-thumb-one":["https:\/\/arantv.az\/wp-content\/uploads\/2020\/07\/239531_b7era18mqt.jpg",620,390,false]},"rttpg_author":{"display_name":"V\u00fcsal Rafiqo\u011flu","author_link":"https:\/\/arantv.az\/?author=2"},"rttpg_comment":0,"rttpg_category":"<a href=\"https:\/\/arantv.az\/?cat=20\" rel=\"category\">\u015eou biznes<\/a>","rttpg_excerpt":"Xalq artisti Emin A\u011falarov \u201cInstagram\u201d hesab\u0131nda son g\u00fcnl\u0259r Erm\u0259nistan silahl\u0131 b\u00f6lm\u0259l\u0259rinin Az\u0259rbaycan Ordusunun Tovuz rayonu istiqam\u0259tind\u0259 t\u0259xribat c\u0259hdinin qar\u015f\u0131s\u0131n\u0131 alark\u0259n \u015f\u0259hid olmu\u015f h\u0259rb\u00e7il\u0259rimizin fotolar\u0131n\u0131 payla\u015f\u0131b. ARANTV.AZ\u00a0x\u0259b\u0259r verir ki, E.A\u011falarov payla\u015f\u0131m\u0131nda Erm\u0259nistana t\u0259cav\u00fczkar siyas\u0259tind\u0259n \u0259l \u00e7\u0259km\u0259kl\u0259 ba\u011fl\u0131 \u00e7a\u011f\u0131r\u0131\u015f edib: \u201cBiz C\u0259nubi Qafqaz regionunda s\u00fclh v\u0259 stabilliyin olunmas\u0131 \u00fc\u00e7\u00fcn Erm\u0259nistan\u0131 Az\u0259rbaycan \u0259razil\u0259rinin i\u015f\u011fal\u0131na son qoyma\u011fa \u00e7a\u011f\u0131r\u0131r\u0131q\u201d. Oxu.Az","_links":{"self":[{"href":"https:\/\/arantv.az\/index.php?rest_route=\/wp\/v2\/posts\/192555"}],"collection":[{"href":"https:\/\/arantv.az\/index.php?rest_route=\/wp\/v2\/posts"}],"about":[{"href":"https:\/\/arantv.az\/index.php?rest_route=\/wp\/v2\/types\/post"}],"author":[{"embeddable":true,"href":"https:\/\/arantv.az\/index.php?rest_route=\/wp\/v2\/users\/2"}],"replies":[{"embeddable":true,"href":"https:\/\/arantv.az\/index.php?rest_route=%2Fwp%2Fv2%2Fcomments&post=192555"}],"version-history":[{"count":0,"href":"https:\/\/arantv.az\/index.php?rest_route=\/wp\/v2\/posts\/192555\/revisions"}],"wp:featuredmedia":[{"embeddable":true,"href":"https:\/\/arantv.az\/index.php?rest_route=\/wp\/v2\/media\/192556"}],"wp:attachment":[{"href":"https:\/\/arantv.az\/index.php?rest_route=%2Fwp%2Fv2%2Fmedia&parent=192555"}],"wp:term":[{"taxonomy":"category","embeddable":true,"href":"https:\/\/arantv.az\/index.php?rest_route=%2Fwp%2Fv2%2Fcategories&post=192555"},{"taxonomy":"post_tag","embeddable":true,"href":"https:\/\/arantv.az\/index.php?rest_route=%2Fwp%2Fv2%2Ftags&post=192555"}],"curies":[{"name":"wp","href":"https:\/\/api.w.org\/{rel}","templated":true}]}}