{"id":192559,"date":"2020-07-17T09:31:46","date_gmt":"2020-07-17T06:31:46","guid":{"rendered":"http:\/\/arantv.az\/?p=192559"},"modified":"2020-07-17T09:31:46","modified_gmt":"2020-07-17T06:31:46","slug":"dusm%c9%99nin-avtomobil-texnikasi-s%c9%99rrast-at%c9%99sl%c9%99-m%c9%99hv-edildi-video","status":"publish","type":"post","link":"https:\/\/arantv.az\/?p=192559","title":{"rendered":"D\u00fc\u015fm\u0259nin avtomobil texnikas\u0131 s\u0259rrast at\u0259\u015fl\u0259 m\u0259hv edildi &#8211; V\u0130DEO"},"content":{"rendered":"<p>Bu g\u00fcn Az\u0259rbaycan-Erm\u0259nistan d\u00f6vl\u0259t s\u0259rh\u0259dinin Tovuz rayonu istiqam\u0259tind\u0259 ged\u0259n d\u00f6y\u00fc\u015fl\u0259r zaman\u0131 ehtiyat q\u00fcvv\u0259l\u0259rini d\u00fc\u015fm\u0259nin d\u00f6y\u00fc\u015f m\u00f6vqel\u0259rin\u0259 \u00e7atd\u0131ran avtomobil texnikas\u0131 b\u00f6lm\u0259l\u0259rimizin s\u0259rrast at\u0259\u015fi il\u0259 m\u0259hv edilib.<\/p>\n<article class=\"news\">\n<div class=\"news-inner\">\n<p>Bununla ba\u011fl\u0131 Az\u0259rbaycan M\u00fcdafi\u0259 Nazirliyi m\u0259lumat yay\u0131b.<\/p>\n<div><iframe loading=\"lazy\" src=\"https:\/\/player.baku.tv\/embed\/21956\" width=\"560\" height=\"315\" frameborder=\"0\" allowfullscreen=\"allowfullscreen\" data-mce-fragment=\"1\"><\/iframe><\/div>\n<\/div>\n<\/article>\n<h2 class=\"news-share-title\"><\/h2>\n","protected":false},"excerpt":{"rendered":"<p>Bu g\u00fcn Az\u0259rbaycan-Erm\u0259nistan d\u00f6vl\u0259t s\u0259rh\u0259dinin Tovuz rayonu istiqam\u0259tind\u0259 ged\u0259n d\u00f6y\u00fc\u015fl\u0259r zaman\u0131 ehtiyat q\u00fcvv\u0259l\u0259rini d\u00fc\u015fm\u0259nin d\u00f6y\u00fc\u015f m\u00f6vqel\u0259rin\u0259 \u00e7atd\u0131ran avtomobil texnikas\u0131 b\u00f6lm\u0259l\u0259rimizin s\u0259rrast at\u0259\u015fi il\u0259 m\u0259hv edilib. Bununla ba\u011fl\u0131 Az\u0259rbaycan M\u00fcdafi\u0259 Nazirliyi m\u0259lumat yay\u0131b.<\/p>\n","protected":false},"author":2,"featured_media":192560,"comment_status":"closed","ping_status":"closed","sticky":false,"template":"","format":"standard","meta":{"om_disable_all_campaigns":false,"_monsterinsights_skip_tracking":false,"_monsterinsights_sitenote_active":false,"_monsterinsights_sitenote_note":"","_monsterinsights_sitenote_category":0},"categories":[19],"tags":[],"aioseo_notices":[],"gutentor_comment":0,"rttpg_featured_image_url":{"full":["https:\/\/arantv.az\/wp-content\/uploads\/2020\/07\/dcd17b2471fc3294f4ab28affc3c5061.jpg",620,379,false],"landscape":["https:\/\/arantv.az\/wp-content\/uploads\/2020\/07\/dcd17b2471fc3294f4ab28affc3c5061.jpg",620,379,false],"portraits":["https:\/\/arantv.az\/wp-content\/uploads\/2020\/07\/dcd17b2471fc3294f4ab28affc3c5061.jpg",620,379,false],"thumbnail":["https:\/\/arantv.az\/wp-content\/uploads\/2020\/07\/dcd17b2471fc3294f4ab28affc3c5061-150x150.jpg",150,150,true],"medium":["https:\/\/arantv.az\/wp-content\/uploads\/2020\/07\/dcd17b2471fc3294f4ab28affc3c5061-300x183.jpg",300,183,true],"large":["https:\/\/arantv.az\/wp-content\/uploads\/2020\/07\/dcd17b2471fc3294f4ab28affc3c5061.jpg",620,379,false],"1536x1536":["https:\/\/arantv.az\/wp-content\/uploads\/2020\/07\/dcd17b2471fc3294f4ab28affc3c5061.jpg",620,379,false],"2048x2048":["https:\/\/arantv.az\/wp-content\/uploads\/2020\/07\/dcd17b2471fc3294f4ab28affc3c5061.jpg",620,379,false],"post-thumbnail":["https:\/\/arantv.az\/wp-content\/uploads\/2020\/07\/dcd17b2471fc3294f4ab28affc3c5061-240x172.jpg",240,172,true],"advps-thumb-one":["https:\/\/arantv.az\/wp-content\/uploads\/2020\/07\/dcd17b2471fc3294f4ab28affc3c5061.jpg",620,379,false]},"rttpg_author":{"display_name":"V\u00fcsal Rafiqo\u011flu","author_link":"https:\/\/arantv.az\/?author=2"},"rttpg_comment":0,"rttpg_category":"<a href=\"https:\/\/arantv.az\/?cat=19\" rel=\"category\">G\u00fcnd\u0259m<\/a>","rttpg_excerpt":"Bu g\u00fcn Az\u0259rbaycan-Erm\u0259nistan d\u00f6vl\u0259t s\u0259rh\u0259dinin Tovuz rayonu istiqam\u0259tind\u0259 ged\u0259n d\u00f6y\u00fc\u015fl\u0259r zaman\u0131 ehtiyat q\u00fcvv\u0259l\u0259rini d\u00fc\u015fm\u0259nin d\u00f6y\u00fc\u015f m\u00f6vqel\u0259rin\u0259 \u00e7atd\u0131ran avtomobil texnikas\u0131 b\u00f6lm\u0259l\u0259rimizin s\u0259rrast at\u0259\u015fi il\u0259 m\u0259hv edilib. Bununla ba\u011fl\u0131 Az\u0259rbaycan M\u00fcdafi\u0259 Nazirliyi m\u0259lumat yay\u0131b.","_links":{"self":[{"href":"https:\/\/arantv.az\/index.php?rest_route=\/wp\/v2\/posts\/192559"}],"collection":[{"href":"https:\/\/arantv.az\/index.php?rest_route=\/wp\/v2\/posts"}],"about":[{"href":"https:\/\/arantv.az\/index.php?rest_route=\/wp\/v2\/types\/post"}],"author":[{"embeddable":true,"href":"https:\/\/arantv.az\/index.php?rest_route=\/wp\/v2\/users\/2"}],"replies":[{"embeddable":true,"href":"https:\/\/arantv.az\/index.php?rest_route=%2Fwp%2Fv2%2Fcomments&post=192559"}],"version-history":[{"count":0,"href":"https:\/\/arantv.az\/index.php?rest_route=\/wp\/v2\/posts\/192559\/revisions"}],"wp:featuredmedia":[{"embeddable":true,"href":"https:\/\/arantv.az\/index.php?rest_route=\/wp\/v2\/media\/192560"}],"wp:attachment":[{"href":"https:\/\/arantv.az\/index.php?rest_route=%2Fwp%2Fv2%2Fmedia&parent=192559"}],"wp:term":[{"taxonomy":"category","embeddable":true,"href":"https:\/\/arantv.az\/index.php?rest_route=%2Fwp%2Fv2%2Fcategories&post=192559"},{"taxonomy":"post_tag","embeddable":true,"href":"https:\/\/arantv.az\/index.php?rest_route=%2Fwp%2Fv2%2Ftags&post=192559"}],"curies":[{"name":"wp","href":"https:\/\/api.w.org\/{rel}","templated":true}]}}