{"id":192567,"date":"2020-07-17T09:33:58","date_gmt":"2020-07-17T06:33:58","guid":{"rendered":"http:\/\/arantv.az\/?p=192567"},"modified":"2020-07-17T09:33:58","modified_gmt":"2020-07-17T06:33:58","slug":"159-az%c9%99rbaycan-v%c9%99t%c9%99ndasi-dask%c9%99ndd%c9%99n-v%c9%99t%c9%99n%c9%99-catdirildi-foto","status":"publish","type":"post","link":"https:\/\/arantv.az\/?p=192567","title":{"rendered":"159 Az\u0259rbaycan v\u0259t\u0259nda\u015f\u0131 Da\u015fk\u0259ndd\u0259n v\u0259t\u0259n\u0259 \u00e7atd\u0131r\u0131ld\u0131 &#8211; FOTO"},"content":{"rendered":"<p>Az\u0259rbaycan\u0131n milli aviada\u015f\u0131y\u0131c\u0131s\u0131 (AZAL) iyulun 16-da ax\u015fam saatlar\u0131nda Da\u015fk\u0259ndd\u0259n 159 Az\u0259rbaycan v\u0259t\u0259nda\u015f\u0131 il\u0259 \u00e7arter reysi yerin\u0259 yetirib.<\/p>\n<p>Bununla ba\u011fl\u0131 AZAL m\u0259lumat yay\u0131b.<\/p>\n<p>Yaln\u0131z reysd\u0259n \u0259vv\u0259l 48 saat \u0259rzind\u0259 koronavirus COVID-19-a dair testin m\u0259nfi n\u0259tic\u0259si bar\u0259d\u0259 aray\u0131\u015f\u0131 t\u0259qdim ed\u0259n s\u0259rni\u015finl\u0259r u\u00e7u\u015fa burax\u0131l\u0131b. Qeyd edil\u0259n reysl\u0259 g\u0259l\u0259n b\u00fct\u00fcn s\u0259rni\u015finl\u0259r iki h\u0259ft\u0259 m\u00fcdd\u0259tind\u0259 \u00f6z\u00fcn\u00fct\u0259crid \u015f\u0259raitind\u0259 qalmal\u0131d\u0131r. \u2800<\/p>\n<p>Qeyd etm\u0259liyik ki, AZAL-\u0131n \u00e7arter reysl\u0259ri Az\u0259rbaycan Respublikas\u0131n\u0131n Nazirl\u0259r Kabineti yan\u0131nda operativ q\u0259rargah\u0131n m\u00fc\u0259yy\u0259n etdiyi plana uy\u011fun qaydada yerin\u0259 yetirilir.<\/p>\n<div class=\"gallery\">\n<div class=\"gallery-i\"><img src=\"https:\/\/cdn.oxu.az\/uploads\/W1siZiIsIjIwMjAvMDcvMTYvMjEvMDkvMDQvYzllMTk1MTItYTJiYy00ZmFiLWE5MWItM2M2N2JiNjdjNzIxL0FaQUxfVGFzaGtlbnRfY2hhcnRlcl82LmpwZyJdLFsicCIsImVuY29kZSIsImpwZyIsIi1xdWFsaXR5IDgwIl0sWyJwIiwidGh1bWIiLCI1OTB4NTkwXHUwMDNlIl1d?sha=4a2b600dd6281ea1\" alt=\"\" \/><\/p>\n<div class=\"gallery-i-caption\"><\/div>\n<\/div>\n<div class=\"gallery-i\"><img src=\"https:\/\/cdn.oxu.az\/uploads\/W1siZiIsIjIwMjAvMDcvMTYvMjEvMDkvMDQvNDYzNTU1ZjEtMDRkMC00ODc3LWE4MDktNjBiMjVmM2M2ZTVkL0FaQUxfVGFzaGtlbnRfY2hhcnRlcl81LmpwZyJdLFsicCIsImVuY29kZSIsImpwZyIsIi1xdWFsaXR5IDgwIl0sWyJwIiwidGh1bWIiLCI1OTB4NTkwXHUwMDNlIl1d?sha=0e29f7f31e1eb7ad\" alt=\"\" \/><\/p>\n<div class=\"gallery-i-caption\"><\/div>\n<\/div>\n<div class=\"gallery-i\"><img src=\"https:\/\/cdn.oxu.az\/uploads\/W1siZiIsIjIwMjAvMDcvMTYvMjEvMDkvMDUvYmZlYWY2N2MtYjI5Yy00ODlhLTgxZDMtY2NkNzQ5ZTk1YjQwL0FaQUxfVGFzaGtlbnRfY2hhcnRlcl80LmpwZyJdLFsicCIsImVuY29kZSIsImpwZyIsIi1xdWFsaXR5IDgwIl0sWyJwIiwidGh1bWIiLCI1OTB4NTkwXHUwMDNlIl1d?sha=ffa68e89a2911404\" alt=\"\" \/><\/p>\n<div class=\"gallery-i-caption\"><\/div>\n<\/div>\n<div class=\"gallery-i\"><img src=\"https:\/\/cdn.oxu.az\/uploads\/W1siZiIsIjIwMjAvMDcvMTYvMjEvMDkvMDUvNjhmMTNmYWQtYzA2NC00NjZmLTk5ZWEtOTI3ODhjZGE3ZDBjL0FaQUxfVGFzaGtlbnRfY2hhcnRlcl8zLmpwZyJdLFsicCIsImVuY29kZSIsImpwZyIsIi1xdWFsaXR5IDgwIl0sWyJwIiwidGh1bWIiLCI1OTB4NTkwXHUwMDNlIl1d?sha=c1ec1a24392c56e1\" alt=\"\" \/><\/p>\n<div class=\"gallery-i-caption\"><\/div>\n<\/div>\n<div class=\"gallery-i\"><img src=\"https:\/\/cdn.oxu.az\/uploads\/W1siZiIsIjIwMjAvMDcvMTYvMjEvMDkvMDUvNzJiMTIxOGQtY2RiMy00ZDc3LTg4OWYtMTVmODVkMzc0NWM2L0FaQUxfVGFzaGtlbnRfY2hhcnRlcl8xLmpwZyJdLFsicCIsImVuY29kZSIsImpwZyIsIi1xdWFsaXR5IDgwIl0sWyJwIiwidGh1bWIiLCI1OTB4NTkwXHUwMDNlIl1d?sha=d06e2adea39fb959\" alt=\"\" \/><\/div>\n<\/div>\n","protected":false},"excerpt":{"rendered":"<p>Az\u0259rbaycan\u0131n milli aviada\u015f\u0131y\u0131c\u0131s\u0131 (AZAL) iyulun 16-da ax\u015fam saatlar\u0131nda Da\u015fk\u0259ndd\u0259n 159 Az\u0259rbaycan v\u0259t\u0259nda\u015f\u0131 il\u0259 \u00e7arter reysi yerin\u0259 yetirib. Bununla ba\u011fl\u0131 AZAL m\u0259lumat yay\u0131b. Yaln\u0131z reysd\u0259n \u0259vv\u0259l 48 saat \u0259rzind\u0259 koronavirus COVID-19-a dair testin m\u0259nfi n\u0259tic\u0259si bar\u0259d\u0259 aray\u0131\u015f\u0131 t\u0259qdim ed\u0259n s\u0259rni\u015finl\u0259r u\u00e7u\u015fa burax\u0131l\u0131b. Qeyd edil\u0259n reysl\u0259 g\u0259l\u0259n b\u00fct\u00fcn s\u0259rni\u015finl\u0259r iki h\u0259ft\u0259 m\u00fcdd\u0259tind\u0259 \u00f6z\u00fcn\u00fct\u0259crid \u015f\u0259raitind\u0259 qalmal\u0131d\u0131r. \u2800 Qeyd etm\u0259liyik ki, AZAL-\u0131n \u00e7arter reysl\u0259ri Az\u0259rbaycan Respublikas\u0131n\u0131n Nazirl\u0259r Kabineti yan\u0131nda operativ q\u0259rargah\u0131n m\u00fc\u0259yy\u0259n etdiyi plana uy\u011fun qaydada yerin\u0259 yetirilir.<\/p>\n","protected":false},"author":2,"featured_media":192568,"comment_status":"closed","ping_status":"closed","sticky":false,"template":"","format":"standard","meta":{"om_disable_all_campaigns":false,"_monsterinsights_skip_tracking":false,"_monsterinsights_sitenote_active":false,"_monsterinsights_sitenote_note":"","_monsterinsights_sitenote_category":0},"categories":[26],"tags":[],"aioseo_notices":[],"gutentor_comment":0,"rttpg_featured_image_url":{"full":["https:\/\/arantv.az\/wp-content\/uploads\/2020\/07\/AZAL_Tashkent_charter_2.jpg",620,413,false],"landscape":["https:\/\/arantv.az\/wp-content\/uploads\/2020\/07\/AZAL_Tashkent_charter_2.jpg",620,413,false],"portraits":["https:\/\/arantv.az\/wp-content\/uploads\/2020\/07\/AZAL_Tashkent_charter_2.jpg",620,413,false],"thumbnail":["https:\/\/arantv.az\/wp-content\/uploads\/2020\/07\/AZAL_Tashkent_charter_2-150x150.jpg",150,150,true],"medium":["https:\/\/arantv.az\/wp-content\/uploads\/2020\/07\/AZAL_Tashkent_charter_2-300x200.jpg",300,200,true],"large":["https:\/\/arantv.az\/wp-content\/uploads\/2020\/07\/AZAL_Tashkent_charter_2.jpg",620,413,false],"1536x1536":["https:\/\/arantv.az\/wp-content\/uploads\/2020\/07\/AZAL_Tashkent_charter_2.jpg",620,413,false],"2048x2048":["https:\/\/arantv.az\/wp-content\/uploads\/2020\/07\/AZAL_Tashkent_charter_2.jpg",620,413,false],"post-thumbnail":["https:\/\/arantv.az\/wp-content\/uploads\/2020\/07\/AZAL_Tashkent_charter_2-240x172.jpg",240,172,true],"advps-thumb-one":["https:\/\/arantv.az\/wp-content\/uploads\/2020\/07\/AZAL_Tashkent_charter_2.jpg",620,413,false]},"rttpg_author":{"display_name":"V\u00fcsal Rafiqo\u011flu","author_link":"https:\/\/arantv.az\/?author=2"},"rttpg_comment":0,"rttpg_category":"<a href=\"https:\/\/arantv.az\/?cat=26\" rel=\"category\">Sosial<\/a>","rttpg_excerpt":"Az\u0259rbaycan\u0131n milli aviada\u015f\u0131y\u0131c\u0131s\u0131 (AZAL) iyulun 16-da ax\u015fam saatlar\u0131nda Da\u015fk\u0259ndd\u0259n 159 Az\u0259rbaycan v\u0259t\u0259nda\u015f\u0131 il\u0259 \u00e7arter reysi yerin\u0259 yetirib. Bununla ba\u011fl\u0131 AZAL m\u0259lumat yay\u0131b. Yaln\u0131z reysd\u0259n \u0259vv\u0259l 48 saat \u0259rzind\u0259 koronavirus COVID-19-a dair testin m\u0259nfi n\u0259tic\u0259si bar\u0259d\u0259 aray\u0131\u015f\u0131 t\u0259qdim ed\u0259n s\u0259rni\u015finl\u0259r u\u00e7u\u015fa burax\u0131l\u0131b. Qeyd edil\u0259n reysl\u0259 g\u0259l\u0259n b\u00fct\u00fcn s\u0259rni\u015finl\u0259r iki h\u0259ft\u0259 m\u00fcdd\u0259tind\u0259 \u00f6z\u00fcn\u00fct\u0259crid \u015f\u0259raitind\u0259 qalmal\u0131d\u0131r. \u2800 Qeyd&hellip;","_links":{"self":[{"href":"https:\/\/arantv.az\/index.php?rest_route=\/wp\/v2\/posts\/192567"}],"collection":[{"href":"https:\/\/arantv.az\/index.php?rest_route=\/wp\/v2\/posts"}],"about":[{"href":"https:\/\/arantv.az\/index.php?rest_route=\/wp\/v2\/types\/post"}],"author":[{"embeddable":true,"href":"https:\/\/arantv.az\/index.php?rest_route=\/wp\/v2\/users\/2"}],"replies":[{"embeddable":true,"href":"https:\/\/arantv.az\/index.php?rest_route=%2Fwp%2Fv2%2Fcomments&post=192567"}],"version-history":[{"count":0,"href":"https:\/\/arantv.az\/index.php?rest_route=\/wp\/v2\/posts\/192567\/revisions"}],"wp:featuredmedia":[{"embeddable":true,"href":"https:\/\/arantv.az\/index.php?rest_route=\/wp\/v2\/media\/192568"}],"wp:attachment":[{"href":"https:\/\/arantv.az\/index.php?rest_route=%2Fwp%2Fv2%2Fmedia&parent=192567"}],"wp:term":[{"taxonomy":"category","embeddable":true,"href":"https:\/\/arantv.az\/index.php?rest_route=%2Fwp%2Fv2%2Fcategories&post=192567"},{"taxonomy":"post_tag","embeddable":true,"href":"https:\/\/arantv.az\/index.php?rest_route=%2Fwp%2Fv2%2Ftags&post=192567"}],"curies":[{"name":"wp","href":"https:\/\/api.w.org\/{rel}","templated":true}]}}