{"id":192702,"date":"2020-07-17T19:40:12","date_gmt":"2020-07-17T16:40:12","guid":{"rendered":"http:\/\/arantv.az\/?p=192702"},"modified":"2020-07-17T19:40:12","modified_gmt":"2020-07-17T16:40:12","slug":"sms-icaz%c9%99nin-mudd%c9%99ti-artirildi-r%c9%99smi","status":"publish","type":"post","link":"https:\/\/arantv.az\/?p=192702","title":{"rendered":"SMS icaz\u0259nin m\u00fcdd\u0259ti art\u0131r\u0131ld\u0131 &#8211; R\u018fSM\u0130"},"content":{"rendered":"<p>\u015e\u0259xsl\u0259rin ya\u015fay\u0131\u015f yerini v\u0259 oldu\u011fu yeri t\u0259rk etm\u0259k \u00fc\u00e7\u00fcn SMS icaz\u0259nin m\u00fcdd\u0259ti iki\u00a0saatdan \u00fc\u00e7\u00a0saatad\u0259k art\u0131r\u0131l\u0131r.<\/p>\n<div id=\"AdviadNativeVideo0\" class=\"AdviadNativeVideo\"><\/div>\n<p>Az\u0259rbaycan Respublikas\u0131 Nazirl\u0259r Kabineti yan\u0131nda Operativ Q\u0259rargahdan veril\u0259n m\u0259lumatda bel\u0259 deyilir.<\/p>\n<p>Qeyd ed\u0259k ki, yeni n\u00f6v koronavirus (COVID-19) infeksiyas\u0131n\u0131n yay\u0131lmas\u0131 il\u0259 ba\u011fl\u0131 m\u00f6vcud sanitar-epidemioloji v\u0259ziyy\u0259tin t\u0259hlilin\u0259 uy\u011fun olaraq, \u00f6lk\u0259 \u00fczr\u0259 x\u00fcsusi karantin rejimi 2020-ci il 31 avqust saat 00:00-d\u0259k uzad\u0131l\u0131r.<\/p>\n","protected":false},"excerpt":{"rendered":"<p>\u015e\u0259xsl\u0259rin ya\u015fay\u0131\u015f yerini v\u0259 oldu\u011fu yeri t\u0259rk etm\u0259k \u00fc\u00e7\u00fcn SMS icaz\u0259nin m\u00fcdd\u0259ti iki\u00a0saatdan \u00fc\u00e7\u00a0saatad\u0259k art\u0131r\u0131l\u0131r. Az\u0259rbaycan Respublikas\u0131 Nazirl\u0259r Kabineti yan\u0131nda Operativ Q\u0259rargahdan veril\u0259n m\u0259lumatda bel\u0259 deyilir. Qeyd ed\u0259k ki, yeni n\u00f6v koronavirus (COVID-19) infeksiyas\u0131n\u0131n yay\u0131lmas\u0131 il\u0259 ba\u011fl\u0131 m\u00f6vcud sanitar-epidemioloji v\u0259ziyy\u0259tin t\u0259hlilin\u0259 uy\u011fun olaraq, \u00f6lk\u0259 \u00fczr\u0259 x\u00fcsusi karantin rejimi 2020-ci il 31 avqust saat 00:00-d\u0259k uzad\u0131l\u0131r.<\/p>\n","protected":false},"author":2,"featured_media":192703,"comment_status":"closed","ping_status":"closed","sticky":false,"template":"","format":"standard","meta":{"om_disable_all_campaigns":false,"_monsterinsights_skip_tracking":false,"_monsterinsights_sitenote_active":false,"_monsterinsights_sitenote_note":"","_monsterinsights_sitenote_category":0},"categories":[26],"tags":[],"aioseo_notices":[],"gutentor_comment":0,"rttpg_featured_image_url":{"full":["https:\/\/arantv.az\/wp-content\/uploads\/2020\/07\/unnamed-17.jpg",512,341,false],"landscape":["https:\/\/arantv.az\/wp-content\/uploads\/2020\/07\/unnamed-17.jpg",512,341,false],"portraits":["https:\/\/arantv.az\/wp-content\/uploads\/2020\/07\/unnamed-17.jpg",512,341,false],"thumbnail":["https:\/\/arantv.az\/wp-content\/uploads\/2020\/07\/unnamed-17-150x150.jpg",150,150,true],"medium":["https:\/\/arantv.az\/wp-content\/uploads\/2020\/07\/unnamed-17-300x200.jpg",300,200,true],"large":["https:\/\/arantv.az\/wp-content\/uploads\/2020\/07\/unnamed-17.jpg",512,341,false],"1536x1536":["https:\/\/arantv.az\/wp-content\/uploads\/2020\/07\/unnamed-17.jpg",512,341,false],"2048x2048":["https:\/\/arantv.az\/wp-content\/uploads\/2020\/07\/unnamed-17.jpg",512,341,false],"post-thumbnail":["https:\/\/arantv.az\/wp-content\/uploads\/2020\/07\/unnamed-17-240x172.jpg",240,172,true],"advps-thumb-one":["https:\/\/arantv.az\/wp-content\/uploads\/2020\/07\/unnamed-17.jpg",512,341,false]},"rttpg_author":{"display_name":"V\u00fcsal Rafiqo\u011flu","author_link":"https:\/\/arantv.az\/?author=2"},"rttpg_comment":0,"rttpg_category":"<a href=\"https:\/\/arantv.az\/?cat=26\" rel=\"category\">Sosial<\/a>","rttpg_excerpt":"\u015e\u0259xsl\u0259rin ya\u015fay\u0131\u015f yerini v\u0259 oldu\u011fu yeri t\u0259rk etm\u0259k \u00fc\u00e7\u00fcn SMS icaz\u0259nin m\u00fcdd\u0259ti iki\u00a0saatdan \u00fc\u00e7\u00a0saatad\u0259k art\u0131r\u0131l\u0131r. Az\u0259rbaycan Respublikas\u0131 Nazirl\u0259r Kabineti yan\u0131nda Operativ Q\u0259rargahdan veril\u0259n m\u0259lumatda bel\u0259 deyilir. Qeyd ed\u0259k ki, yeni n\u00f6v koronavirus (COVID-19) infeksiyas\u0131n\u0131n yay\u0131lmas\u0131 il\u0259 ba\u011fl\u0131 m\u00f6vcud sanitar-epidemioloji v\u0259ziyy\u0259tin t\u0259hlilin\u0259 uy\u011fun olaraq, \u00f6lk\u0259 \u00fczr\u0259 x\u00fcsusi karantin rejimi 2020-ci il 31 avqust saat 00:00-d\u0259k uzad\u0131l\u0131r.","_links":{"self":[{"href":"https:\/\/arantv.az\/index.php?rest_route=\/wp\/v2\/posts\/192702"}],"collection":[{"href":"https:\/\/arantv.az\/index.php?rest_route=\/wp\/v2\/posts"}],"about":[{"href":"https:\/\/arantv.az\/index.php?rest_route=\/wp\/v2\/types\/post"}],"author":[{"embeddable":true,"href":"https:\/\/arantv.az\/index.php?rest_route=\/wp\/v2\/users\/2"}],"replies":[{"embeddable":true,"href":"https:\/\/arantv.az\/index.php?rest_route=%2Fwp%2Fv2%2Fcomments&post=192702"}],"version-history":[{"count":0,"href":"https:\/\/arantv.az\/index.php?rest_route=\/wp\/v2\/posts\/192702\/revisions"}],"wp:featuredmedia":[{"embeddable":true,"href":"https:\/\/arantv.az\/index.php?rest_route=\/wp\/v2\/media\/192703"}],"wp:attachment":[{"href":"https:\/\/arantv.az\/index.php?rest_route=%2Fwp%2Fv2%2Fmedia&parent=192702"}],"wp:term":[{"taxonomy":"category","embeddable":true,"href":"https:\/\/arantv.az\/index.php?rest_route=%2Fwp%2Fv2%2Fcategories&post=192702"},{"taxonomy":"post_tag","embeddable":true,"href":"https:\/\/arantv.az\/index.php?rest_route=%2Fwp%2Fv2%2Ftags&post=192702"}],"curies":[{"name":"wp","href":"https:\/\/api.w.org\/{rel}","templated":true}]}}