{"id":192706,"date":"2020-07-17T19:42:32","date_gmt":"2020-07-17T16:42:32","guid":{"rendered":"http:\/\/arantv.az\/?p=192706"},"modified":"2020-07-17T19:42:32","modified_gmt":"2020-07-17T16:42:32","slug":"iyulun-20-d%c9%99n-b%c9%99rb%c9%99rxana-v%c9%99-goz%c9%99llik-salonlarinin-f%c9%99aliyy%c9%99tin%c9%99-icaz%c9%99-verilir-r%c9%99smi","status":"publish","type":"post","link":"https:\/\/arantv.az\/?p=192706","title":{"rendered":"\u0130yulun 20-d\u0259n b\u0259rb\u0259rxana v\u0259 g\u00f6z\u0259llik salonlar\u0131n\u0131n f\u0259aliyy\u0259tin\u0259 icaz\u0259 verilir &#8211; R\u018fSM\u0130"},"content":{"rendered":"<p>X\u00fcsusi karantin rejiminin s\u0259rtl\u0259\u015fdirildiyi \u015f\u0259h\u0259r v\u0259 rayonlarda 2020-ci il 20 iyul tarixind\u0259n etibar\u0259n masaj v\u0259 hamam xidm\u0259ti istisna olmaqla b\u0259rb\u0259rxana, g\u00f6z\u0259llik salonlar\u0131n\u0131n f\u0259aliyy\u0259tin\u0259 v\u0259 kosmetik xidm\u0259tl\u0259rin g\u00f6st\u0259rilm\u0259sin\u0259 icaz\u0259 verilir.<\/p>\n<div id=\"AdviadNativeVideo0\" class=\"AdviadNativeVideo\"><\/div>\n<p>Az\u0259rbaycan Respublikas\u0131 Nazirl\u0259r Kabineti yan\u0131nda Operativ Q\u0259rargahdan veril\u0259n m\u0259lumatda bel\u0259 deyilir.<\/p>\n<p>Qeyd ed\u0259k ki, yeni n\u00f6v koronavirus (COVID-19) infeksiyas\u0131n\u0131n yay\u0131lmas\u0131 il\u0259 ba\u011fl\u0131 m\u00f6vcud sanitar-epidemioloji v\u0259ziyy\u0259tin t\u0259hlilin\u0259 uy\u011fun olaraq, \u00f6lk\u0259 \u00fczr\u0259 x\u00fcsusi karantin rejimi 2020-ci il 31 avqust saat 00:00-d\u0259k uzad\u0131l\u0131r.<\/p>\n","protected":false},"excerpt":{"rendered":"<p>X\u00fcsusi karantin rejiminin s\u0259rtl\u0259\u015fdirildiyi \u015f\u0259h\u0259r v\u0259 rayonlarda 2020-ci il 20 iyul tarixind\u0259n etibar\u0259n masaj v\u0259 hamam xidm\u0259ti istisna olmaqla b\u0259rb\u0259rxana, g\u00f6z\u0259llik salonlar\u0131n\u0131n f\u0259aliyy\u0259tin\u0259 v\u0259 kosmetik xidm\u0259tl\u0259rin g\u00f6st\u0259rilm\u0259sin\u0259 icaz\u0259 verilir. Az\u0259rbaycan Respublikas\u0131 Nazirl\u0259r Kabineti yan\u0131nda Operativ Q\u0259rargahdan veril\u0259n m\u0259lumatda bel\u0259 deyilir. Qeyd ed\u0259k ki, yeni n\u00f6v koronavirus (COVID-19) infeksiyas\u0131n\u0131n yay\u0131lmas\u0131 il\u0259 ba\u011fl\u0131 m\u00f6vcud sanitar-epidemioloji v\u0259ziyy\u0259tin t\u0259hlilin\u0259 uy\u011fun olaraq, \u00f6lk\u0259 \u00fczr\u0259 x\u00fcsusi karantin rejimi 2020-ci il 31 avqust saat 00:00-d\u0259k uzad\u0131l\u0131r.<\/p>\n","protected":false},"author":2,"featured_media":192707,"comment_status":"closed","ping_status":"closed","sticky":false,"template":"","format":"standard","meta":{"om_disable_all_campaigns":false,"_monsterinsights_skip_tracking":false,"_monsterinsights_sitenote_active":false,"_monsterinsights_sitenote_note":"","_monsterinsights_sitenote_category":0},"categories":[26],"tags":[],"aioseo_notices":[],"gutentor_comment":0,"rttpg_featured_image_url":{"full":["https:\/\/arantv.az\/wp-content\/uploads\/2020\/07\/salon.jpg",620,415,false],"landscape":["https:\/\/arantv.az\/wp-content\/uploads\/2020\/07\/salon.jpg",620,415,false],"portraits":["https:\/\/arantv.az\/wp-content\/uploads\/2020\/07\/salon.jpg",620,415,false],"thumbnail":["https:\/\/arantv.az\/wp-content\/uploads\/2020\/07\/salon-150x150.jpg",150,150,true],"medium":["https:\/\/arantv.az\/wp-content\/uploads\/2020\/07\/salon-300x201.jpg",300,201,true],"large":["https:\/\/arantv.az\/wp-content\/uploads\/2020\/07\/salon.jpg",620,415,false],"1536x1536":["https:\/\/arantv.az\/wp-content\/uploads\/2020\/07\/salon.jpg",620,415,false],"2048x2048":["https:\/\/arantv.az\/wp-content\/uploads\/2020\/07\/salon.jpg",620,415,false],"post-thumbnail":["https:\/\/arantv.az\/wp-content\/uploads\/2020\/07\/salon-240x172.jpg",240,172,true],"advps-thumb-one":["https:\/\/arantv.az\/wp-content\/uploads\/2020\/07\/salon.jpg",620,415,false]},"rttpg_author":{"display_name":"V\u00fcsal Rafiqo\u011flu","author_link":"https:\/\/arantv.az\/?author=2"},"rttpg_comment":0,"rttpg_category":"<a href=\"https:\/\/arantv.az\/?cat=26\" rel=\"category\">Sosial<\/a>","rttpg_excerpt":"X\u00fcsusi karantin rejiminin s\u0259rtl\u0259\u015fdirildiyi \u015f\u0259h\u0259r v\u0259 rayonlarda 2020-ci il 20 iyul tarixind\u0259n etibar\u0259n masaj v\u0259 hamam xidm\u0259ti istisna olmaqla b\u0259rb\u0259rxana, g\u00f6z\u0259llik salonlar\u0131n\u0131n f\u0259aliyy\u0259tin\u0259 v\u0259 kosmetik xidm\u0259tl\u0259rin g\u00f6st\u0259rilm\u0259sin\u0259 icaz\u0259 verilir. Az\u0259rbaycan Respublikas\u0131 Nazirl\u0259r Kabineti yan\u0131nda Operativ Q\u0259rargahdan veril\u0259n m\u0259lumatda bel\u0259 deyilir. Qeyd ed\u0259k ki, yeni n\u00f6v koronavirus (COVID-19) infeksiyas\u0131n\u0131n yay\u0131lmas\u0131 il\u0259 ba\u011fl\u0131 m\u00f6vcud sanitar-epidemioloji v\u0259ziyy\u0259tin t\u0259hlilin\u0259&hellip;","_links":{"self":[{"href":"https:\/\/arantv.az\/index.php?rest_route=\/wp\/v2\/posts\/192706"}],"collection":[{"href":"https:\/\/arantv.az\/index.php?rest_route=\/wp\/v2\/posts"}],"about":[{"href":"https:\/\/arantv.az\/index.php?rest_route=\/wp\/v2\/types\/post"}],"author":[{"embeddable":true,"href":"https:\/\/arantv.az\/index.php?rest_route=\/wp\/v2\/users\/2"}],"replies":[{"embeddable":true,"href":"https:\/\/arantv.az\/index.php?rest_route=%2Fwp%2Fv2%2Fcomments&post=192706"}],"version-history":[{"count":0,"href":"https:\/\/arantv.az\/index.php?rest_route=\/wp\/v2\/posts\/192706\/revisions"}],"wp:featuredmedia":[{"embeddable":true,"href":"https:\/\/arantv.az\/index.php?rest_route=\/wp\/v2\/media\/192707"}],"wp:attachment":[{"href":"https:\/\/arantv.az\/index.php?rest_route=%2Fwp%2Fv2%2Fmedia&parent=192706"}],"wp:term":[{"taxonomy":"category","embeddable":true,"href":"https:\/\/arantv.az\/index.php?rest_route=%2Fwp%2Fv2%2Fcategories&post=192706"},{"taxonomy":"post_tag","embeddable":true,"href":"https:\/\/arantv.az\/index.php?rest_route=%2Fwp%2Fv2%2Ftags&post=192706"}],"curies":[{"name":"wp","href":"https:\/\/api.w.org\/{rel}","templated":true}]}}