{"id":192710,"date":"2020-07-17T19:52:09","date_gmt":"2020-07-17T16:52:09","guid":{"rendered":"http:\/\/arantv.az\/?p=192710"},"modified":"2020-07-17T19:52:09","modified_gmt":"2020-07-17T16:52:09","slug":"ovladlarimin-ucu-d%c9%99-orduya-yazilib-roza-z%c9%99rg%c9%99rli","status":"publish","type":"post","link":"https:\/\/arantv.az\/?p=192710","title":{"rendered":"&#8220;\u00d6vladlar\u0131m\u0131n \u00fc\u00e7\u00fc d\u0259 orduya yaz\u0131l\u0131b&#8221; &#8211; Roza Z\u0259rg\u0259rli"},"content":{"rendered":"<p><strong>M\u00fc\u011f\u0259nni Roza Z\u0259rg\u0259rli \u00f6vladlar\u0131n\u0131n Az\u0259rbaycan Ordusunda k\u00f6n\u00fcll\u00fc h\u0259rbi xidm\u0259t \u00fc\u00e7\u00fcn qeydiyyatdan ke\u00e7diyini bildirib.<\/strong><\/p>\n<p><strong>ARANTV.AZ<\/strong>\u00a0 x\u0259b\u0259r verir ki, s\u0259n\u0259t\u00e7i bir ne\u00e7\u0259 g\u00fcn \u0259vv\u0259l h\u0259rbi xidm\u0259td\u0259n g\u0259l\u0259n Jerar v\u0259 b\u00f6y\u00fck \u00f6vlad\u0131 Corcla yana\u015f\u0131 q\u0131z\u0131 B\u0259n\u00f6v\u015f\u0259nin bu add\u0131m\u0131 atd\u0131\u011f\u0131n\u0131 s\u00f6yl\u0259yib:<\/p>\n<div id=\"AdviadNativeVideo0\" class=\"AdviadNativeVideo\"><\/div>\n<p>&#8220;Onlar\u0131n bunu ed\u0259c\u0259yind\u0259n x\u0259b\u0259rim yox idi. M\u0259nd\u0259n gizlin gedibl\u0259r. \u00d6vladlar\u0131mla q\u00fcrur duydum.\u00a0Onlar\u0131n v\u0259t\u0259n sevgisin\u0259 heyran oldum.<\/p>\n<p>14 il\u0259 yax\u0131nd\u0131r ki, u\u015faqlar\u0131m\u0131n birliyi \u00fc\u00e7\u00fcn \u00e7al\u0131\u015f\u0131ram. Dem\u0259k, bunu bacarm\u0131\u015fam. \u00dc\u00e7\u00fcn\u00fczl\u0259 d\u0259 q\u00fcrur duyuram. G\u00fcc birlikd\u0259dir.<\/p>\n<p>B\u0259n\u00f6v\u015f\u0259y\u0259 deyir\u0259m ki, o\u011flanlar\u0131 ba\u015fa d\u00fc\u015fd\u00fcm, s\u0259n n\u0259 \u00fc\u00e7\u00fcn etdin? Gedib c\u0259bh\u0259d\u0259 n\u0259 ed\u0259c\u0259ks\u0259n? Deyir ki, tibb bac\u0131s\u0131 kimi \u00e7al\u0131\u015facam&#8221;.<\/p>\n<p><iframe loading=\"lazy\" src=\"https:\/\/ok.ru\/videoembed\/1817538988756\" width=\"780\" height=\"450\" data-mce-fragment=\"1\"><\/iframe><\/p>\n<p><img src=\"https:\/\/axsam.az\/img\/pics\/large\/2020-07\/203257_t9zeb0nkgi.jpg\" alt=\"\" align=\"baseline\" border=\"0\" hspace=\"0\" \/><\/p>\n<p>Ax\u015fam.az<\/p>\n","protected":false},"excerpt":{"rendered":"<p>M\u00fc\u011f\u0259nni Roza Z\u0259rg\u0259rli \u00f6vladlar\u0131n\u0131n Az\u0259rbaycan Ordusunda k\u00f6n\u00fcll\u00fc h\u0259rbi xidm\u0259t \u00fc\u00e7\u00fcn qeydiyyatdan ke\u00e7diyini bildirib. ARANTV.AZ\u00a0 x\u0259b\u0259r verir ki, s\u0259n\u0259t\u00e7i bir ne\u00e7\u0259 g\u00fcn \u0259vv\u0259l h\u0259rbi xidm\u0259td\u0259n g\u0259l\u0259n Jerar v\u0259 b\u00f6y\u00fck \u00f6vlad\u0131 Corcla yana\u015f\u0131 q\u0131z\u0131 B\u0259n\u00f6v\u015f\u0259nin bu add\u0131m\u0131 atd\u0131\u011f\u0131n\u0131 s\u00f6yl\u0259yib: &#8220;Onlar\u0131n bunu ed\u0259c\u0259yind\u0259n x\u0259b\u0259rim yox idi. M\u0259nd\u0259n gizlin gedibl\u0259r. \u00d6vladlar\u0131mla q\u00fcrur duydum.\u00a0Onlar\u0131n v\u0259t\u0259n sevgisin\u0259 heyran oldum. 14 il\u0259 yax\u0131nd\u0131r ki, u\u015faqlar\u0131m\u0131n birliyi \u00fc\u00e7\u00fcn \u00e7al\u0131\u015f\u0131ram. Dem\u0259k, bunu bacarm\u0131\u015fam. \u00dc\u00e7\u00fcn\u00fczl\u0259 d\u0259 q\u00fcrur duyuram. G\u00fcc birlikd\u0259dir. B\u0259n\u00f6v\u015f\u0259y\u0259 deyir\u0259m ki, o\u011flanlar\u0131 ba\u015fa d\u00fc\u015fd\u00fcm, s\u0259n n\u0259 \u00fc\u00e7\u00fcn etdin? Gedib c\u0259bh\u0259d\u0259 n\u0259 ed\u0259c\u0259ks\u0259n? Deyir ki, tibb bac\u0131s\u0131 kimi \u00e7al\u0131\u015facam&#8221;.&hellip;<\/p>\n","protected":false},"author":2,"featured_media":192711,"comment_status":"closed","ping_status":"closed","sticky":false,"template":"","format":"standard","meta":{"om_disable_all_campaigns":false,"_monsterinsights_skip_tracking":false,"_monsterinsights_sitenote_active":false,"_monsterinsights_sitenote_note":"","_monsterinsights_sitenote_category":0},"categories":[20],"tags":[],"aioseo_notices":[],"gutentor_comment":0,"rttpg_featured_image_url":{"full":["https:\/\/arantv.az\/wp-content\/uploads\/2020\/07\/203255_ba91m5ntm6.jpg",1000,617,false],"landscape":["https:\/\/arantv.az\/wp-content\/uploads\/2020\/07\/203255_ba91m5ntm6.jpg",1000,617,false],"portraits":["https:\/\/arantv.az\/wp-content\/uploads\/2020\/07\/203255_ba91m5ntm6.jpg",1000,617,false],"thumbnail":["https:\/\/arantv.az\/wp-content\/uploads\/2020\/07\/203255_ba91m5ntm6-150x150.jpg",150,150,true],"medium":["https:\/\/arantv.az\/wp-content\/uploads\/2020\/07\/203255_ba91m5ntm6-300x185.jpg",300,185,true],"large":["https:\/\/arantv.az\/wp-content\/uploads\/2020\/07\/203255_ba91m5ntm6.jpg",640,395,false],"1536x1536":["https:\/\/arantv.az\/wp-content\/uploads\/2020\/07\/203255_ba91m5ntm6.jpg",1000,617,false],"2048x2048":["https:\/\/arantv.az\/wp-content\/uploads\/2020\/07\/203255_ba91m5ntm6.jpg",1000,617,false],"post-thumbnail":["https:\/\/arantv.az\/wp-content\/uploads\/2020\/07\/203255_ba91m5ntm6-240x172.jpg",240,172,true],"advps-thumb-one":["https:\/\/arantv.az\/wp-content\/uploads\/2020\/07\/203255_ba91m5ntm6.jpg",1000,617,false]},"rttpg_author":{"display_name":"V\u00fcsal Rafiqo\u011flu","author_link":"https:\/\/arantv.az\/?author=2"},"rttpg_comment":0,"rttpg_category":"<a href=\"https:\/\/arantv.az\/?cat=20\" rel=\"category\">\u015eou biznes<\/a>","rttpg_excerpt":"M\u00fc\u011f\u0259nni Roza Z\u0259rg\u0259rli \u00f6vladlar\u0131n\u0131n Az\u0259rbaycan Ordusunda k\u00f6n\u00fcll\u00fc h\u0259rbi xidm\u0259t \u00fc\u00e7\u00fcn qeydiyyatdan ke\u00e7diyini bildirib. ARANTV.AZ\u00a0 x\u0259b\u0259r verir ki, s\u0259n\u0259t\u00e7i bir ne\u00e7\u0259 g\u00fcn \u0259vv\u0259l h\u0259rbi xidm\u0259td\u0259n g\u0259l\u0259n Jerar v\u0259 b\u00f6y\u00fck \u00f6vlad\u0131 Corcla yana\u015f\u0131 q\u0131z\u0131 B\u0259n\u00f6v\u015f\u0259nin bu add\u0131m\u0131 atd\u0131\u011f\u0131n\u0131 s\u00f6yl\u0259yib: &#8220;Onlar\u0131n bunu ed\u0259c\u0259yind\u0259n x\u0259b\u0259rim yox idi. M\u0259nd\u0259n gizlin gedibl\u0259r. \u00d6vladlar\u0131mla q\u00fcrur duydum.\u00a0Onlar\u0131n v\u0259t\u0259n sevgisin\u0259 heyran oldum. 14 il\u0259&hellip;","_links":{"self":[{"href":"https:\/\/arantv.az\/index.php?rest_route=\/wp\/v2\/posts\/192710"}],"collection":[{"href":"https:\/\/arantv.az\/index.php?rest_route=\/wp\/v2\/posts"}],"about":[{"href":"https:\/\/arantv.az\/index.php?rest_route=\/wp\/v2\/types\/post"}],"author":[{"embeddable":true,"href":"https:\/\/arantv.az\/index.php?rest_route=\/wp\/v2\/users\/2"}],"replies":[{"embeddable":true,"href":"https:\/\/arantv.az\/index.php?rest_route=%2Fwp%2Fv2%2Fcomments&post=192710"}],"version-history":[{"count":0,"href":"https:\/\/arantv.az\/index.php?rest_route=\/wp\/v2\/posts\/192710\/revisions"}],"wp:featuredmedia":[{"embeddable":true,"href":"https:\/\/arantv.az\/index.php?rest_route=\/wp\/v2\/media\/192711"}],"wp:attachment":[{"href":"https:\/\/arantv.az\/index.php?rest_route=%2Fwp%2Fv2%2Fmedia&parent=192710"}],"wp:term":[{"taxonomy":"category","embeddable":true,"href":"https:\/\/arantv.az\/index.php?rest_route=%2Fwp%2Fv2%2Fcategories&post=192710"},{"taxonomy":"post_tag","embeddable":true,"href":"https:\/\/arantv.az\/index.php?rest_route=%2Fwp%2Fv2%2Ftags&post=192710"}],"curies":[{"name":"wp","href":"https:\/\/api.w.org\/{rel}","templated":true}]}}