{"id":192762,"date":"2020-07-18T08:22:44","date_gmt":"2020-07-18T05:22:44","guid":{"rendered":"http:\/\/arantv.az\/?p=192762"},"modified":"2020-07-18T08:22:44","modified_gmt":"2020-07-18T05:22:44","slug":"turkiy%c9%99li-is-adamlarindan-az%c9%99rbaycana-d%c9%99st%c9%99k","status":"publish","type":"post","link":"https:\/\/arantv.az\/?p=192762","title":{"rendered":"T\u00fcrkiy\u0259li i\u015f adamlar\u0131ndan Az\u0259rbaycana d\u0259st\u0259k"},"content":{"rendered":"<p>&#8220;Du\u0308nya birliyi t\u0259r\u0259find\u0259n t\u0259cavu\u0308zkar do\u0308vl\u0259t kimi ad c\u0327\u0131xarm\u0131s\u0327 Erm\u0259nistan\u0131n dost v\u0259 qardas\u0327 Az\u0259rbaycana xain h\u00fccumu\u00a0bu\u0308tu\u0308n TU\u0308I\u0307B (\u201cT\u00fcrkiy\u0259 v\u0259 Az\u0259rbaycan \u0130\u015f Adamlar\u0131 v\u0259 S\u0259naye\u00e7il\u0259r\u201d \u0130ctimai Birliyi) ail\u0259sini d\u0259rind\u0259n hidd\u0259tl\u0259ndirib. T\u0259kc\u0259 Az\u0259rbaycan\u0131n yox, eyni zamanda regionun su\u0308lh v\u0259 \u0259min-amanl\u0131g\u0306\u0131n\u0131 t\u0259hlu\u0308k\u0259y\u0259 atan, beyn\u0259lxalq hu\u0308ququnun bu\u0308tu\u0308n norma v\u0259 prinsipl\u0259rin\u0259 zidd oldug\u0306u s\u0327u\u0308bh\u0259 dog\u0306urmayan, provakativ, insan t\u0259l\u0259fat\u0131 il\u0259 n\u0259tic\u0259l\u0259n\u0259n bu cu\u0308r \u0259m\u0259ll\u0259ri s\u0327idd\u0259tl\u0259 q\u0131nay\u0131r\u0131q&#8221;.<\/p>\n<p>Bunu \u201cT\u00fcrkiy\u0259 v\u0259 Az\u0259rbaycan \u0130\u015f Adamlar\u0131 v\u0259 S\u0259naye\u00e7il\u0259r\u201d \u0130ctimai Birliyi\u00a0I\u0307dar\u0259 Hey\u0259tinin s\u0259dri\u00a0Hu\u0308seyin Bu\u0308yu\u0308kf\u0131rat bildirib.<\/p>\n<p>O qeyd edib ki, ist\u0259r is\u0327 adamlar\u0131 birliyi olaraq, ist\u0259rs\u0259 d\u0259 f\u0259rd olaraq Az\u0259rbaycan Respublikas\u0131n\u0131n Prezidenti C\u0259nab I\u0307lham \u018fliyevin mu\u0308vafiq taps\u0327\u0131r\u0131qlar\u0131n\u0131 go\u0308zl\u0259yirl\u0259r\u00a0v\u0259 yerin\u0259 yetirm\u0259y\u0259 haz\u0131rd\u0131rlar:<\/p>\n<p>&#8220;Tu\u0308rkiy\u0259 v\u0259 Az\u0259rbaycan Prezidentl\u0259ri aras\u0131ndak\u0131 xalqlar\u0131m\u0131z\u0131n ruhuna uyg\u0306un s\u0259mimi dostluq, qardas\u0327l\u0131q v\u0259 qars\u0327\u0131l\u0131ql\u0131 t\u0259\u0259ssu\u0308bkes\u0327lik mu\u0308nasib\u0259tl\u0259rin\u0259 h\u0259r cu\u0308r to\u0308hf\u0259 verm\u0259k bizim u\u0308c\u0327u\u0308n s\u0327\u0259r\u0259fdir. \u018fhd edirik, Ali Bas\u0327 Komandan\u0131n r\u0259hb\u0259rliyi il\u0259 torpaqlar\u0131m\u0131z is\u0327g\u0306aldan azad edildikd\u0259n sonra S\u0327us\u0327ada Tu\u0308rkiy\u0259-Az\u0259rbaycan qardas\u0327l\u0131g\u0306\u0131n\u0131n r\u0259mzi v\u0259 du\u0308s\u0327m\u0259n\u0259 go\u0308zdag\u0306\u0131 olan \u0259z\u0259m\u0259tli abid\u0259 ucaldacag\u0306\u0131q!<\/p>\n<p>I\u0307ns\u0327allah, o gu\u0308n uzaqda deyil. V\u0259t\u0259nimizi qoruyark\u0259n s\u0327\u0259hid olan bu\u0308tu\u0308n qardas\u0327lar\u0131m\u0131za Allahdan r\u0259hm\u0259t dil\u0259yir, Az\u0259rbaycan xalq\u0131na d\u0259rin hu\u0308znl\u0259 bas\u0327sag\u0306l\u0131g\u0306\u0131 veririk. Z\u0259f\u0259r biziml\u0259 olsun!&#8221;<\/p>\n","protected":false},"excerpt":{"rendered":"<p>&#8220;Du\u0308nya birliyi t\u0259r\u0259find\u0259n t\u0259cavu\u0308zkar do\u0308vl\u0259t kimi ad c\u0327\u0131xarm\u0131s\u0327 Erm\u0259nistan\u0131n dost v\u0259 qardas\u0327 Az\u0259rbaycana xain h\u00fccumu\u00a0bu\u0308tu\u0308n TU\u0308I\u0307B (\u201cT\u00fcrkiy\u0259 v\u0259 Az\u0259rbaycan \u0130\u015f Adamlar\u0131 v\u0259 S\u0259naye\u00e7il\u0259r\u201d \u0130ctimai Birliyi) ail\u0259sini d\u0259rind\u0259n hidd\u0259tl\u0259ndirib. T\u0259kc\u0259 Az\u0259rbaycan\u0131n yox, eyni zamanda regionun su\u0308lh v\u0259 \u0259min-amanl\u0131g\u0306\u0131n\u0131 t\u0259hlu\u0308k\u0259y\u0259 atan, beyn\u0259lxalq hu\u0308ququnun bu\u0308tu\u0308n norma v\u0259 prinsipl\u0259rin\u0259 zidd oldug\u0306u s\u0327u\u0308bh\u0259 dog\u0306urmayan, provakativ, insan t\u0259l\u0259fat\u0131 il\u0259 n\u0259tic\u0259l\u0259n\u0259n bu cu\u0308r \u0259m\u0259ll\u0259ri s\u0327idd\u0259tl\u0259 q\u0131nay\u0131r\u0131q&#8221;. Bunu \u201cT\u00fcrkiy\u0259 v\u0259 Az\u0259rbaycan \u0130\u015f Adamlar\u0131 v\u0259 S\u0259naye\u00e7il\u0259r\u201d \u0130ctimai Birliyi\u00a0I\u0307dar\u0259 Hey\u0259tinin s\u0259dri\u00a0Hu\u0308seyin Bu\u0308yu\u0308kf\u0131rat bildirib. O qeyd edib ki, ist\u0259r is\u0327 adamlar\u0131 birliyi olaraq, ist\u0259rs\u0259 d\u0259 f\u0259rd olaraq Az\u0259rbaycan Respublikas\u0131n\u0131n Prezidenti C\u0259nab&hellip;<\/p>\n","protected":false},"author":2,"featured_media":192769,"comment_status":"closed","ping_status":"closed","sticky":false,"template":"","format":"standard","meta":{"om_disable_all_campaigns":false,"_monsterinsights_skip_tracking":false,"_monsterinsights_sitenote_active":false,"_monsterinsights_sitenote_note":"","_monsterinsights_sitenote_category":0},"categories":[26],"tags":[],"aioseo_notices":[],"gutentor_comment":0,"rttpg_featured_image_url":{"full":["https:\/\/arantv.az\/wp-content\/uploads\/2020\/07\/88947.jpg",620,310,false],"landscape":["https:\/\/arantv.az\/wp-content\/uploads\/2020\/07\/88947.jpg",620,310,false],"portraits":["https:\/\/arantv.az\/wp-content\/uploads\/2020\/07\/88947.jpg",620,310,false],"thumbnail":["https:\/\/arantv.az\/wp-content\/uploads\/2020\/07\/88947-150x150.jpg",150,150,true],"medium":["https:\/\/arantv.az\/wp-content\/uploads\/2020\/07\/88947-300x150.jpg",300,150,true],"large":["https:\/\/arantv.az\/wp-content\/uploads\/2020\/07\/88947.jpg",620,310,false],"1536x1536":["https:\/\/arantv.az\/wp-content\/uploads\/2020\/07\/88947.jpg",620,310,false],"2048x2048":["https:\/\/arantv.az\/wp-content\/uploads\/2020\/07\/88947.jpg",620,310,false],"post-thumbnail":["https:\/\/arantv.az\/wp-content\/uploads\/2020\/07\/88947-240x172.jpg",240,172,true],"advps-thumb-one":["https:\/\/arantv.az\/wp-content\/uploads\/2020\/07\/88947.jpg",620,310,false]},"rttpg_author":{"display_name":"V\u00fcsal Rafiqo\u011flu","author_link":"https:\/\/arantv.az\/?author=2"},"rttpg_comment":0,"rttpg_category":"<a href=\"https:\/\/arantv.az\/?cat=26\" rel=\"category\">Sosial<\/a>","rttpg_excerpt":"&#8220;Du\u0308nya birliyi t\u0259r\u0259find\u0259n t\u0259cavu\u0308zkar do\u0308vl\u0259t kimi ad c\u0327\u0131xarm\u0131s\u0327 Erm\u0259nistan\u0131n dost v\u0259 qardas\u0327 Az\u0259rbaycana xain h\u00fccumu\u00a0bu\u0308tu\u0308n TU\u0308I\u0307B (\u201cT\u00fcrkiy\u0259 v\u0259 Az\u0259rbaycan \u0130\u015f Adamlar\u0131 v\u0259 S\u0259naye\u00e7il\u0259r\u201d \u0130ctimai Birliyi) ail\u0259sini d\u0259rind\u0259n hidd\u0259tl\u0259ndirib. T\u0259kc\u0259 Az\u0259rbaycan\u0131n yox, eyni zamanda regionun su\u0308lh v\u0259 \u0259min-amanl\u0131g\u0306\u0131n\u0131 t\u0259hlu\u0308k\u0259y\u0259 atan, beyn\u0259lxalq hu\u0308ququnun bu\u0308tu\u0308n norma v\u0259 prinsipl\u0259rin\u0259 zidd oldug\u0306u s\u0327u\u0308bh\u0259 dog\u0306urmayan, provakativ, insan t\u0259l\u0259fat\u0131 il\u0259 n\u0259tic\u0259l\u0259n\u0259n bu&hellip;","_links":{"self":[{"href":"https:\/\/arantv.az\/index.php?rest_route=\/wp\/v2\/posts\/192762"}],"collection":[{"href":"https:\/\/arantv.az\/index.php?rest_route=\/wp\/v2\/posts"}],"about":[{"href":"https:\/\/arantv.az\/index.php?rest_route=\/wp\/v2\/types\/post"}],"author":[{"embeddable":true,"href":"https:\/\/arantv.az\/index.php?rest_route=\/wp\/v2\/users\/2"}],"replies":[{"embeddable":true,"href":"https:\/\/arantv.az\/index.php?rest_route=%2Fwp%2Fv2%2Fcomments&post=192762"}],"version-history":[{"count":0,"href":"https:\/\/arantv.az\/index.php?rest_route=\/wp\/v2\/posts\/192762\/revisions"}],"wp:featuredmedia":[{"embeddable":true,"href":"https:\/\/arantv.az\/index.php?rest_route=\/wp\/v2\/media\/192769"}],"wp:attachment":[{"href":"https:\/\/arantv.az\/index.php?rest_route=%2Fwp%2Fv2%2Fmedia&parent=192762"}],"wp:term":[{"taxonomy":"category","embeddable":true,"href":"https:\/\/arantv.az\/index.php?rest_route=%2Fwp%2Fv2%2Fcategories&post=192762"},{"taxonomy":"post_tag","embeddable":true,"href":"https:\/\/arantv.az\/index.php?rest_route=%2Fwp%2Fv2%2Ftags&post=192762"}],"curies":[{"name":"wp","href":"https:\/\/api.w.org\/{rel}","templated":true}]}}