{"id":192772,"date":"2020-07-18T08:24:04","date_gmt":"2020-07-18T05:24:04","guid":{"rendered":"http:\/\/arantv.az\/?p=192772"},"modified":"2020-07-18T08:24:04","modified_gmt":"2020-07-18T05:24:04","slug":"s%c9%99hid-ail%c9%99l%c9%99rin%c9%99-yeni-m%c9%99nzill%c9%99r-t%c9%99qdim-olundu-video","status":"publish","type":"post","link":"https:\/\/arantv.az\/?p=192772","title":{"rendered":"\u015e\u0259hid ail\u0259l\u0259rin\u0259 yeni m\u0259nzill\u0259r t\u0259qdim olundu &#8211; V\u0130DEO"},"content":{"rendered":"<p>\u018fm\u0259k v\u0259 \u018fhalinin Sosial M\u00fcdafi\u0259si Nazirliyi t\u0259r\u0259find\u0259n \u015f\u0259hid ail\u0259l\u0259ri v\u0259 Qaraba\u011f m\u00fcharib\u0259si \u0259lill\u0259ri \u00fc\u00e7\u00fcn \u015eirvan \u015f\u0259h\u0259rind\u0259 68 m\u0259nzilli\u00a0 ya\u015fay\u0131\u015f binas\u0131 in\u015fa etdirilib v\u0259 bu g\u00fcn binadak\u0131 m\u0259nzill\u0259r v\u0259t\u0259nda\u015flara t\u0259qdim olunub. Bu m\u0259nzill\u0259r \u015eirvan \u015f\u0259h\u0259ri, Salyan v\u0259 Hac\u0131qabul rayonlar\u0131ndan olan \u015f\u0259hid ail\u0259l\u0259ri v\u0259 Qaraba\u011f m\u00fcharib\u0259si \u0259lill\u0259ri \u00fc\u00e7\u00fcn n\u0259z\u0259rd\u0259 tutulub.<\/p>\n<p>Baku TV\u00a0x\u0259b\u0259r verir ki, bu g\u00fcn ke\u00e7ril\u0259n t\u0259dbird\u0259 daha 17 m\u0259nzil Hac\u0131qabul rayonundan olan \u015f\u0259hid ail\u0259l\u0259ri v\u0259 Qaraba\u011f m\u00fcharib\u0259si \u0259lill\u0259rin\u0259 t\u0259qdim olunub.<\/p>\n<article class=\"news\">\n<div class=\"news-inner\">\n<p>\u201c\u00dc\u00e7\u00a0il olard\u0131 ev n\u00f6vb\u0259sind\u0259ydim.\u00a0Bu il verdil\u0259r. Allah k\u00f6m\u0259kl\u0259ri olsun. Sa\u011f olsunlar. \u00c7a\u011f\u0131rd\u0131lar, dedil\u0259r, ev n\u00f6vb\u0259niz \u00e7at\u0131r. \u018fvv\u0259lki v\u0259ziyy\u0259tim pis idi, evim u\u00e7uq idi.\u00a0\u00c7\u0259kib Bak\u0131da g\u00f6st\u0259rdil\u0259r, sonra ev verdil\u0259r,\u201d &#8211; dey\u0259 \u015f\u0259hid anas\u0131 Q\u0131zb\u0259s \u015eahbazova bildirib.<\/p>\n<p>M\u00fcasir t\u0259l\u0259bl\u0259r\u0259 uy\u011fun ya\u015fay\u0131\u015f \u015f\u0259raitinin yarad\u0131ld\u0131\u011f\u0131 binadak\u0131 m\u0259nzill\u0259rd\u0259n 16-s\u0131 bir otaql\u0131, 44-\u00fc iki otaql\u0131, qalanlar\u0131 \u00fc\u00e7 otaql\u0131d\u0131r.<\/p>\n<div><iframe loading=\"lazy\" src=\"https:\/\/www.youtube.com\/embed\/p4pK6yJcTnI\" width=\"560\" height=\"315\" frameborder=\"0\" allowfullscreen=\"allowfullscreen\" data-mce-fragment=\"1\"><\/iframe><\/div>\n<\/div>\n<\/article>\n<h2 class=\"news-share-title\"><\/h2>\n","protected":false},"excerpt":{"rendered":"<p>\u018fm\u0259k v\u0259 \u018fhalinin Sosial M\u00fcdafi\u0259si Nazirliyi t\u0259r\u0259find\u0259n \u015f\u0259hid ail\u0259l\u0259ri v\u0259 Qaraba\u011f m\u00fcharib\u0259si \u0259lill\u0259ri \u00fc\u00e7\u00fcn \u015eirvan \u015f\u0259h\u0259rind\u0259 68 m\u0259nzilli\u00a0 ya\u015fay\u0131\u015f binas\u0131 in\u015fa etdirilib v\u0259 bu g\u00fcn binadak\u0131 m\u0259nzill\u0259r v\u0259t\u0259nda\u015flara t\u0259qdim olunub. Bu m\u0259nzill\u0259r \u015eirvan \u015f\u0259h\u0259ri, Salyan v\u0259 Hac\u0131qabul rayonlar\u0131ndan olan \u015f\u0259hid ail\u0259l\u0259ri v\u0259 Qaraba\u011f m\u00fcharib\u0259si \u0259lill\u0259ri \u00fc\u00e7\u00fcn n\u0259z\u0259rd\u0259 tutulub. Baku TV\u00a0x\u0259b\u0259r verir ki, bu g\u00fcn ke\u00e7ril\u0259n t\u0259dbird\u0259 daha 17 m\u0259nzil Hac\u0131qabul rayonundan olan \u015f\u0259hid ail\u0259l\u0259ri v\u0259 Qaraba\u011f m\u00fcharib\u0259si \u0259lill\u0259rin\u0259 t\u0259qdim olunub. \u201c\u00dc\u00e7\u00a0il olard\u0131 ev n\u00f6vb\u0259sind\u0259ydim.\u00a0Bu il verdil\u0259r. Allah k\u00f6m\u0259kl\u0259ri olsun. Sa\u011f olsunlar. \u00c7a\u011f\u0131rd\u0131lar, dedil\u0259r, ev n\u00f6vb\u0259niz \u00e7at\u0131r. \u018fvv\u0259lki v\u0259ziyy\u0259tim pis idi,&hellip;<\/p>\n","protected":false},"author":2,"featured_media":192773,"comment_status":"closed","ping_status":"closed","sticky":false,"template":"","format":"standard","meta":{"om_disable_all_campaigns":false,"_monsterinsights_skip_tracking":false,"_monsterinsights_sitenote_active":false,"_monsterinsights_sitenote_note":"","_monsterinsights_sitenote_category":0},"categories":[26],"tags":[],"aioseo_notices":[],"gutentor_comment":0,"rttpg_featured_image_url":{"full":["https:\/\/arantv.az\/wp-content\/uploads\/2020\/07\/ev.jpg",618,348,false],"landscape":["https:\/\/arantv.az\/wp-content\/uploads\/2020\/07\/ev.jpg",618,348,false],"portraits":["https:\/\/arantv.az\/wp-content\/uploads\/2020\/07\/ev.jpg",618,348,false],"thumbnail":["https:\/\/arantv.az\/wp-content\/uploads\/2020\/07\/ev-150x150.jpg",150,150,true],"medium":["https:\/\/arantv.az\/wp-content\/uploads\/2020\/07\/ev-300x169.jpg",300,169,true],"large":["https:\/\/arantv.az\/wp-content\/uploads\/2020\/07\/ev.jpg",618,348,false],"1536x1536":["https:\/\/arantv.az\/wp-content\/uploads\/2020\/07\/ev.jpg",618,348,false],"2048x2048":["https:\/\/arantv.az\/wp-content\/uploads\/2020\/07\/ev.jpg",618,348,false],"post-thumbnail":["https:\/\/arantv.az\/wp-content\/uploads\/2020\/07\/ev-240x172.jpg",240,172,true],"advps-thumb-one":["https:\/\/arantv.az\/wp-content\/uploads\/2020\/07\/ev.jpg",618,348,false]},"rttpg_author":{"display_name":"V\u00fcsal Rafiqo\u011flu","author_link":"https:\/\/arantv.az\/?author=2"},"rttpg_comment":0,"rttpg_category":"<a href=\"https:\/\/arantv.az\/?cat=26\" rel=\"category\">Sosial<\/a>","rttpg_excerpt":"\u018fm\u0259k v\u0259 \u018fhalinin Sosial M\u00fcdafi\u0259si Nazirliyi t\u0259r\u0259find\u0259n \u015f\u0259hid ail\u0259l\u0259ri v\u0259 Qaraba\u011f m\u00fcharib\u0259si \u0259lill\u0259ri \u00fc\u00e7\u00fcn \u015eirvan \u015f\u0259h\u0259rind\u0259 68 m\u0259nzilli\u00a0 ya\u015fay\u0131\u015f binas\u0131 in\u015fa etdirilib v\u0259 bu g\u00fcn binadak\u0131 m\u0259nzill\u0259r v\u0259t\u0259nda\u015flara t\u0259qdim olunub. Bu m\u0259nzill\u0259r \u015eirvan \u015f\u0259h\u0259ri, Salyan v\u0259 Hac\u0131qabul rayonlar\u0131ndan olan \u015f\u0259hid ail\u0259l\u0259ri v\u0259 Qaraba\u011f m\u00fcharib\u0259si \u0259lill\u0259ri \u00fc\u00e7\u00fcn n\u0259z\u0259rd\u0259 tutulub. Baku TV\u00a0x\u0259b\u0259r verir ki, bu g\u00fcn ke\u00e7ril\u0259n&hellip;","_links":{"self":[{"href":"https:\/\/arantv.az\/index.php?rest_route=\/wp\/v2\/posts\/192772"}],"collection":[{"href":"https:\/\/arantv.az\/index.php?rest_route=\/wp\/v2\/posts"}],"about":[{"href":"https:\/\/arantv.az\/index.php?rest_route=\/wp\/v2\/types\/post"}],"author":[{"embeddable":true,"href":"https:\/\/arantv.az\/index.php?rest_route=\/wp\/v2\/users\/2"}],"replies":[{"embeddable":true,"href":"https:\/\/arantv.az\/index.php?rest_route=%2Fwp%2Fv2%2Fcomments&post=192772"}],"version-history":[{"count":0,"href":"https:\/\/arantv.az\/index.php?rest_route=\/wp\/v2\/posts\/192772\/revisions"}],"wp:featuredmedia":[{"embeddable":true,"href":"https:\/\/arantv.az\/index.php?rest_route=\/wp\/v2\/media\/192773"}],"wp:attachment":[{"href":"https:\/\/arantv.az\/index.php?rest_route=%2Fwp%2Fv2%2Fmedia&parent=192772"}],"wp:term":[{"taxonomy":"category","embeddable":true,"href":"https:\/\/arantv.az\/index.php?rest_route=%2Fwp%2Fv2%2Fcategories&post=192772"},{"taxonomy":"post_tag","embeddable":true,"href":"https:\/\/arantv.az\/index.php?rest_route=%2Fwp%2Fv2%2Ftags&post=192772"}],"curies":[{"name":"wp","href":"https:\/\/api.w.org\/{rel}","templated":true}]}}