{"id":192784,"date":"2020-07-18T08:28:01","date_gmt":"2020-07-18T05:28:01","guid":{"rendered":"http:\/\/arantv.az\/?p=192784"},"modified":"2020-07-18T08:28:01","modified_gmt":"2020-07-18T05:28:01","slug":"az%c9%99rbaycan-ordusu-s%c9%99rh%c9%99dd%c9%99-g%c9%99ncl%c9%99ri-is%c9%99-virtual-m%c9%99kanda-erm%c9%99ni-t%c9%99xribati-il%c9%99-doyusur","status":"publish","type":"post","link":"https:\/\/arantv.az\/?p=192784","title":{"rendered":"Az\u0259rbaycan ordusu s\u0259rh\u0259dd\u0259, g\u0259ncl\u0259ri is\u0259 virtual m\u0259kanda erm\u0259ni t\u0259xribat\u0131 il\u0259 d\u00f6y\u00fc\u015f\u00fcr"},"content":{"rendered":"<p>12 iyul tarixind\u0259n etibar\u0259n milli ordumuz Az\u0259rbaycan-Erm\u0259nistan s\u0259rh\u0259dinin Tovuz rayonu istiqam\u0259tind\u0259 erm\u0259ni silahl\u0131 birl\u0259\u015fm\u0259l\u0259rinin t\u0259cav\u00fczkar h\u00fccumuna qar\u015f\u0131 r\u0259\u015fad\u0259tl\u0259 d\u00f6y\u00fc\u015fm\u0259kd\u0259dir.<\/p>\n<p>Az\u0259rbaycan G\u0259ncl\u0259r Fondundan daxil olan m\u0259lumatda deyilir ki, c\u0259bh\u0259d\u0259 ged\u0259n m\u00fcharib\u0259 il\u0259 yana\u015f\u0131, son g\u00fcnl\u0259rd\u0259 erm\u0259ni t\u0259bli\u011fat ma\u015f\u0131n\u0131 sosial \u015f\u0259b\u0259k\u0259l\u0259rd\u0259 tam g\u00fcc\u00fc il\u0259 d\u00f6vl\u0259timiz\u0259, ordumuza v\u0259 xalq\u0131m\u0131za qar\u015f\u0131 \u00e7irkin h\u00fccuma ba\u015flay\u0131b. Erm\u0259nistana ba\u011fl\u0131 olan ayr\u0131-ayr\u0131 s\u0259hif\u0259l\u0259r, xarici \u00f6lk\u0259l\u0259rd\u0259 ya\u015fayan erm\u0259nil\u0259r, erm\u0259ni diaspora f\u0259allar\u0131 v\u0259 onun \u00fczvl\u0259ri t\u0259r\u0259find\u0259n yalan v\u0259 kin \u00fcz\u0259rind\u0259 qurulmu\u015f uydurma m\u0259lumatlar payla\u015f\u0131lmaqdad\u0131r. Bu f\u0259aliyy\u0259tin k\u00f6k\u00fcnd\u0259 Az\u0259rbaycan c\u0259miyy\u0259tind\u0259 h\u00f6km s\u00fcr\u0259n v\u0259t\u0259np\u0259rv\u0259rlik ruhunu sars\u0131tmaq v\u0259 beyn\u0259lxalq ictimaiyy\u0259tin r\u0259yini Erm\u0259nistan\u0131n t\u0259cav\u00fczkar mahiyy\u0259tind\u0259n yay\u0131nd\u0131rmaq c\u0259hdi dayan\u0131r.<\/p>\n<p>Bu g\u00fcnl\u0259r \u0259rzind\u0259 az\u0259rbaycanl\u0131 sosial \u015f\u0259b\u0259k\u0259 istifad\u0259\u00e7il\u0259ri, x\u00fcsusil\u0259 d\u0259 g\u0259ncl\u0259rimiz erm\u0259nil\u0259r t\u0259r\u0259find\u0259n yay\u0131lan b\u00fct\u00fcn m\u0259lumat v\u0259 saxta x\u0259b\u0259rl\u0259r\u0259, beyn\u0259lxalq ictimaiyy\u0259t\u0259 edil\u0259n \u00e7a\u011f\u0131r\u0131\u015flara qar\u015f\u0131 s\u0259rt m\u00f6vqe n\u00fcmayi\u015f etdirir, dan\u0131lmaz arqument v\u0259 faktlara \u0259saslanan payla\u015f\u0131mlar etm\u0259kl\u0259 erm\u0259ni yalan\u0131n\u0131 if\u015fa edir. Bu s\u0259yl\u0259r \u00f6z n\u0259tic\u0259l\u0259rini verm\u0259kd\u0259dir, bel\u0259 ki, bir \u00e7ox saxta m\u0259lumat v\u0259 \u00e7a\u011f\u0131r\u0131\u015flar internet m\u0259kan\u0131ndan \u00e7\u0131xar\u0131l\u0131b.<\/p>\n<p>T\u0259hlill\u0259r\u0259 \u0259sas\u0259n dey\u0259 bil\u0259rik ki, Az\u0259rbaycan h\u0259qiq\u0259tl\u0259rini\u00a0geni\u015f beyn\u0259lxalq ictimaiyy\u0259t\u0259 \u00e7atd\u0131rmaq bax\u0131m\u0131ndan bu m\u00fcbariz\u0259 fasil\u0259siz v\u0259 sistematik \u015f\u0259kild\u0259 davam etdirilm\u0259lidir.<\/p>\n<p>Bu m\u0259qs\u0259dl\u0259, G\u0259ncl\u0259r Fondu\u00a0Az\u0259rbaycan\u0131n f\u0259al g\u0259ncl\u0259ri v\u0259 g\u0259ncl\u0259r t\u0259\u015fkilatlar\u0131 n\u00fcmay\u0259nd\u0259l\u0259ri b\u00fct\u00fcn sosial \u015f\u0259b\u0259k\u0259 istifad\u0259\u00e7il\u0259rini virtual platformalarda bundan sonra da f\u0259al \u015f\u0259kild\u0259 milli maraqlar\u0131m\u0131z\u0131n m\u00fcdafi\u0259sind\u0259 durma\u011fa s\u0259sl\u0259yir.<\/p>\n<p>Az\u0259rbaycan h\u0259qiq\u0259tl\u0259rini dol\u011fun \u00e7atd\u0131rmaq v\u0259 erm\u0259ni yalanlar\u0131na son qoymaq m\u0259qs\u0259dil\u0259 h\u0259r k\u0259si \u201cAz\u0259rbaycan g\u0259ncliyi\u201d \u201cFacebook\u201d qrupuna qo\u015fulma\u011fa v\u0259 orada, el\u0259c\u0259 d\u0259 \u201cazerbaycangencliyi\u201d \u201c\u0130nstagram\u201d v\u0259 \u201cazerbaijanyouth\u201d \u201cTvitter\u201d s\u0259hif\u0259l\u0259rind\u0259 yay\u0131lan m\u0259lumat v\u0259 faktlar\u0131\u00a0d\u00fcnya ictimaiyy\u0259tin\u0259 \u00e7atd\u0131rma\u011fa d\u0259st\u0259k olma\u011fa \u00e7a\u011f\u0131r\u0131r\u0131q! Qrup t\u0259r\u0259find\u0259n h\u0259r g\u00fcn fasil\u0259siz olaraq, sosial \u015f\u0259b\u0259k\u0259l\u0259rd\u0259 monitorinql\u0259r apar\u0131lacaq, m\u00fcmk\u00fcn t\u0259xribatlar v\u0259 onlar\u0131n cavabland\u0131r\u0131lmas\u0131 yollar\u0131 bar\u0259d\u0259 \u00fczvl\u0259r\u0259 t\u0259limatlar g\u00f6nd\u0259ril\u0259c\u0259k.<\/p>\n<p>\u018fdal\u0259tin z\u0259f\u0259r \u00e7almas\u0131 \u00fc\u00e7\u00fcn g\u0259lin birlikd\u0259 t\u0259bli\u011fat aparaq!<\/p>\n<p>10 milyon insan \u2013 10 milyon \u0259sg\u0259r!<\/p>\n","protected":false},"excerpt":{"rendered":"<p>12 iyul tarixind\u0259n etibar\u0259n milli ordumuz Az\u0259rbaycan-Erm\u0259nistan s\u0259rh\u0259dinin Tovuz rayonu istiqam\u0259tind\u0259 erm\u0259ni silahl\u0131 birl\u0259\u015fm\u0259l\u0259rinin t\u0259cav\u00fczkar h\u00fccumuna qar\u015f\u0131 r\u0259\u015fad\u0259tl\u0259 d\u00f6y\u00fc\u015fm\u0259kd\u0259dir. Az\u0259rbaycan G\u0259ncl\u0259r Fondundan daxil olan m\u0259lumatda deyilir ki, c\u0259bh\u0259d\u0259 ged\u0259n m\u00fcharib\u0259 il\u0259 yana\u015f\u0131, son g\u00fcnl\u0259rd\u0259 erm\u0259ni t\u0259bli\u011fat ma\u015f\u0131n\u0131 sosial \u015f\u0259b\u0259k\u0259l\u0259rd\u0259 tam g\u00fcc\u00fc il\u0259 d\u00f6vl\u0259timiz\u0259, ordumuza v\u0259 xalq\u0131m\u0131za qar\u015f\u0131 \u00e7irkin h\u00fccuma ba\u015flay\u0131b. Erm\u0259nistana ba\u011fl\u0131 olan ayr\u0131-ayr\u0131 s\u0259hif\u0259l\u0259r, xarici \u00f6lk\u0259l\u0259rd\u0259 ya\u015fayan erm\u0259nil\u0259r, erm\u0259ni diaspora f\u0259allar\u0131 v\u0259 onun \u00fczvl\u0259ri t\u0259r\u0259find\u0259n yalan v\u0259 kin \u00fcz\u0259rind\u0259 qurulmu\u015f uydurma m\u0259lumatlar payla\u015f\u0131lmaqdad\u0131r. Bu f\u0259aliyy\u0259tin k\u00f6k\u00fcnd\u0259 Az\u0259rbaycan c\u0259miyy\u0259tind\u0259 h\u00f6km s\u00fcr\u0259n v\u0259t\u0259np\u0259rv\u0259rlik ruhunu sars\u0131tmaq v\u0259 beyn\u0259lxalq ictimaiyy\u0259tin r\u0259yini Erm\u0259nistan\u0131n t\u0259cav\u00fczkar&hellip;<\/p>\n","protected":false},"author":2,"featured_media":192785,"comment_status":"closed","ping_status":"closed","sticky":false,"template":"","format":"standard","meta":{"om_disable_all_campaigns":false,"_monsterinsights_skip_tracking":false,"_monsterinsights_sitenote_active":false,"_monsterinsights_sitenote_note":"","_monsterinsights_sitenote_category":0},"categories":[26],"tags":[],"aioseo_notices":[],"gutentor_comment":0,"rttpg_featured_image_url":{"full":["https:\/\/arantv.az\/wp-content\/uploads\/2020\/07\/IMG-20200717-WA0144-2.jpg",620,324,false],"landscape":["https:\/\/arantv.az\/wp-content\/uploads\/2020\/07\/IMG-20200717-WA0144-2.jpg",620,324,false],"portraits":["https:\/\/arantv.az\/wp-content\/uploads\/2020\/07\/IMG-20200717-WA0144-2.jpg",620,324,false],"thumbnail":["https:\/\/arantv.az\/wp-content\/uploads\/2020\/07\/IMG-20200717-WA0144-2-150x150.jpg",150,150,true],"medium":["https:\/\/arantv.az\/wp-content\/uploads\/2020\/07\/IMG-20200717-WA0144-2-300x157.jpg",300,157,true],"large":["https:\/\/arantv.az\/wp-content\/uploads\/2020\/07\/IMG-20200717-WA0144-2.jpg",620,324,false],"1536x1536":["https:\/\/arantv.az\/wp-content\/uploads\/2020\/07\/IMG-20200717-WA0144-2.jpg",620,324,false],"2048x2048":["https:\/\/arantv.az\/wp-content\/uploads\/2020\/07\/IMG-20200717-WA0144-2.jpg",620,324,false],"post-thumbnail":["https:\/\/arantv.az\/wp-content\/uploads\/2020\/07\/IMG-20200717-WA0144-2-240x172.jpg",240,172,true],"advps-thumb-one":["https:\/\/arantv.az\/wp-content\/uploads\/2020\/07\/IMG-20200717-WA0144-2.jpg",620,324,false]},"rttpg_author":{"display_name":"V\u00fcsal Rafiqo\u011flu","author_link":"https:\/\/arantv.az\/?author=2"},"rttpg_comment":0,"rttpg_category":"<a href=\"https:\/\/arantv.az\/?cat=26\" rel=\"category\">Sosial<\/a>","rttpg_excerpt":"12 iyul tarixind\u0259n etibar\u0259n milli ordumuz Az\u0259rbaycan-Erm\u0259nistan s\u0259rh\u0259dinin Tovuz rayonu istiqam\u0259tind\u0259 erm\u0259ni silahl\u0131 birl\u0259\u015fm\u0259l\u0259rinin t\u0259cav\u00fczkar h\u00fccumuna qar\u015f\u0131 r\u0259\u015fad\u0259tl\u0259 d\u00f6y\u00fc\u015fm\u0259kd\u0259dir. Az\u0259rbaycan G\u0259ncl\u0259r Fondundan daxil olan m\u0259lumatda deyilir ki, c\u0259bh\u0259d\u0259 ged\u0259n m\u00fcharib\u0259 il\u0259 yana\u015f\u0131, son g\u00fcnl\u0259rd\u0259 erm\u0259ni t\u0259bli\u011fat ma\u015f\u0131n\u0131 sosial \u015f\u0259b\u0259k\u0259l\u0259rd\u0259 tam g\u00fcc\u00fc il\u0259 d\u00f6vl\u0259timiz\u0259, ordumuza v\u0259 xalq\u0131m\u0131za qar\u015f\u0131 \u00e7irkin h\u00fccuma ba\u015flay\u0131b. Erm\u0259nistana ba\u011fl\u0131 olan ayr\u0131-ayr\u0131 s\u0259hif\u0259l\u0259r,&hellip;","_links":{"self":[{"href":"https:\/\/arantv.az\/index.php?rest_route=\/wp\/v2\/posts\/192784"}],"collection":[{"href":"https:\/\/arantv.az\/index.php?rest_route=\/wp\/v2\/posts"}],"about":[{"href":"https:\/\/arantv.az\/index.php?rest_route=\/wp\/v2\/types\/post"}],"author":[{"embeddable":true,"href":"https:\/\/arantv.az\/index.php?rest_route=\/wp\/v2\/users\/2"}],"replies":[{"embeddable":true,"href":"https:\/\/arantv.az\/index.php?rest_route=%2Fwp%2Fv2%2Fcomments&post=192784"}],"version-history":[{"count":0,"href":"https:\/\/arantv.az\/index.php?rest_route=\/wp\/v2\/posts\/192784\/revisions"}],"wp:featuredmedia":[{"embeddable":true,"href":"https:\/\/arantv.az\/index.php?rest_route=\/wp\/v2\/media\/192785"}],"wp:attachment":[{"href":"https:\/\/arantv.az\/index.php?rest_route=%2Fwp%2Fv2%2Fmedia&parent=192784"}],"wp:term":[{"taxonomy":"category","embeddable":true,"href":"https:\/\/arantv.az\/index.php?rest_route=%2Fwp%2Fv2%2Fcategories&post=192784"},{"taxonomy":"post_tag","embeddable":true,"href":"https:\/\/arantv.az\/index.php?rest_route=%2Fwp%2Fv2%2Ftags&post=192784"}],"curies":[{"name":"wp","href":"https:\/\/api.w.org\/{rel}","templated":true}]}}