{"id":192788,"date":"2020-07-18T08:29:29","date_gmt":"2020-07-18T05:29:29","guid":{"rendered":"http:\/\/arantv.az\/?p=192788"},"modified":"2020-07-18T08:29:29","modified_gmt":"2020-07-18T05:29:29","slug":"fuzulid%c9%99-tank-%c9%99leyhin%c9%99-raket-z%c9%99r%c9%99rsizl%c9%99sdirildi-foto","status":"publish","type":"post","link":"https:\/\/arantv.az\/?p=192788","title":{"rendered":"F\u00fczulid\u0259 tank \u0259leyhin\u0259 raket z\u0259r\u0259rsizl\u0259\u015fdirildi &#8211; FOTO"},"content":{"rendered":"<p>2020-ci il 17 \u0130yul tarixind\u0259 saat 11:14-d\u0259 Daxili \u0130\u015fl\u0259r Nazirliyinin \u201c102\u201d\u00a0Xidm\u0259ti-z\u0259ng m\u0259rk\u0259zi sistemind\u0259n Az\u0259rbaycan Respublikas\u0131 \u018frazil\u0259rinin Minalardan T\u0259mizl\u0259nm\u0259si \u00fczr\u0259 Milli Agentliy\u0259 (ANAMA)\u00a0F\u00fczuli rayonu, Bab\u0131 k\u0259ndi \u0259razisind\u0259 yolun k\u0259nar\u0131nda bir\u00a0\u0259d\u0259d m\u0259rminin tap\u0131lmas\u0131 bar\u0259d\u0259 m\u0259lumat daxil olub.<\/p>\n<p>M\u0259lumata \u0259sas\u0259n, Agentliyin x\u00fcsusi mobil \u00e7evik \u0259m\u0259liyyat v\u0259 partlad\u0131c\u0131 axtaran x\u00fcsusi t\u0259lim ke\u00e7mi\u015f itl\u0259rd\u0259n ibar\u0259t kinoloji qruplar\u0131, Daxili \u0130\u015fl\u0259r Nazirliyinin F\u00fczuli rayon Polis \u015e\u00f6b\u0259sinin v\u0259 M\u0259rk\u0259zi X\u0259st\u0259xanas\u0131n\u0131n \u0259m\u0259kda\u015flar\u0131 d\u0259rhal h\u0259min \u0259raziy\u0259 g\u00f6nd\u0259rilib.<\/p>\n<p>Agentliyin m\u00fct\u0259x\u0259ssisl\u0259ri v\u0259 F\u00fczuli rayon Polis \u015e\u00f6b\u0259sinin \u0259m\u0259kda\u015flar\u0131 t\u0259r\u0259find\u0259n birlikd\u0259 yuxar\u0131da ad\u0131 qeyd olunmu\u015f \u0259raziy\u0259 bax\u0131\u015f ke\u00e7irilib. T\u0259hl\u00fck\u0259sizliyi t\u0259min etm\u0259k m\u0259qs\u0259dil\u0259 \u0259razi polisl\u0259r t\u0259r\u0259find\u0259n m\u00fchasir\u0259y\u0259 al\u0131n\u0131b. Agentliyin m\u00fct\u0259x\u0259ssisl\u0259ri t\u0259r\u0259find\u0259n apar\u0131lan t\u0259cili t\u0259xir\u0259sal\u0131nmaz \u0259m\u0259liyyat-axtar\u0131\u015f t\u0259dbirl\u0259ri n\u0259tic\u0259sind\u0259 bir\u00a0\u0259d\u0259d tank \u0259leyhin\u0259 idar\u0259olunmayan PQ-7L raketi a\u015fkar olunub, z\u0259r\u0259rsizl\u0259\u015fdirilm\u0259si \u00fc\u00e7\u00fcn g\u00f6t\u00fcr\u00fcl\u0259r\u0259k Agentliyin m\u0259rk\u0259zi m\u0259hvetm\u0259 \u0259razisin\u0259 da\u015f\u0131n\u0131b.<\/p>\n<p>Raketin \u0259traf\u0131nda 200 kv.m \u0259raziy\u0259 yer\u00fcst\u00fc, 120 kv.m \u0259raziy\u0259 is\u0259 yeralt\u0131 bax\u0131\u015f ke\u00e7irilib, \u0259lav\u0259 t\u0259hl\u00fck\u0259li \u0259\u015fya v\u0259 qur\u011fu a\u015fkarlanmay\u0131b.<\/p>\n<div class=\"gallery\">\n<div class=\"gallery-i\"><img src=\"https:\/\/cdn.oxu.az\/uploads\/W1siZiIsIjIwMjAvMDcvMTgvMDAvMTYvMjEvNzgzNzI1MTktNjE2Ni00Mjc5LTg4ZjQtOWYzMGYzMzIwNmM3LzE3LjA3LjIwMjAgLSBGw7x6dWxpIHJheW9udSwgQmFixLEga8mZbmRpIC0gVFRSLTEuSlBHIl0sWyJwIiwiZW5jb2RlIiwianBnIiwiLXF1YWxpdHkgODAiXSxbInAiLCJ0aHVtYiIsIjU5MHg1OTBcdTAwM2UiXV0?sha=00eb83f8db00655b\" \/><\/p>\n<div class=\"gallery-i-caption\"><\/div>\n<\/div>\n<div class=\"gallery-i\"><img src=\"https:\/\/cdn.oxu.az\/uploads\/W1siZiIsIjIwMjAvMDcvMTgvMDAvMTYvMjEvMDJhYzk0NTUtODYxMi00NzFmLWFlMTAtM2VmNDgyZGZjMTQ5LzE3LjA3LjIwMjAgLSBGw7x6dWxpIHJheW9udSwgQmFixLEga8mZbmRpIC0gKDEwKS5qcGciXSxbInAiLCJlbmNvZGUiLCJqcGciLCItcXVhbGl0eSA4MCJdLFsicCIsInRodW1iIiwiNTkweDU5MFx1MDAzZSJdXQ?sha=48a8bb5bffcb3e9c\" \/><\/p>\n<div class=\"gallery-i-caption\"><\/div>\n<\/div>\n<div class=\"gallery-i\"><img src=\"https:\/\/cdn.oxu.az\/uploads\/W1siZiIsIjIwMjAvMDcvMTgvMDAvMTYvMjEvNWQyZWVhYWItZjM5NC00ZTRjLTgwYmEtYjFjNzMzMGU3YjhiLzE3LjA3LjIwMjAgLSBGw7x6dWxpIHJheW9udSwgQmFixLEga8mZbmRpIC0gKFPJmWggTmF6IDEwMykuanBnIl0sWyJwIiwiZW5jb2RlIiwianBnIiwiLXF1YWxpdHkgODAiXSxbInAiLCJ0aHVtYiIsIjU5MHg1OTBcdTAwM2UiXV0?sha=f8f792092c5efbd0\" \/><\/p>\n<div class=\"gallery-i-caption\"><\/div>\n<\/div>\n<div class=\"gallery-i\"><img src=\"https:\/\/cdn.oxu.az\/uploads\/W1siZiIsIjIwMjAvMDcvMTgvMDAvMTYvMjEvYmRjMzUxNmYtYzliYS00MTVkLTk4MTEtYTI4ZjRlMWM3MTY2LzE3LjA3LjIwMjAgLSBGw7x6dWxpIHJheW9udSwgQmFixLEga8mZbmRpIC0gKDkpLmpwZyJdLFsicCIsImVuY29kZSIsImpwZyIsIi1xdWFsaXR5IDgwIl0sWyJwIiwidGh1bWIiLCI1OTB4NTkwXHUwMDNlIl1d?sha=c948949726ea7876\" \/><\/p>\n<div class=\"gallery-i-caption\"><\/div>\n<\/div>\n<div class=\"gallery-i\"><img src=\"https:\/\/cdn.oxu.az\/uploads\/W1siZiIsIjIwMjAvMDcvMTgvMDAvMTYvMjIvNmRlZGNlM2UtZWQxYS00YmY2LTk5NGYtM2ExZDFlYzU3ZDI1LzE3LjA3LjIwMjAgLSBGw7x6dWxpIHJheW9udSwgQmFixLEga8mZbmRpIC0gKDQpLmpwZyJdLFsicCIsImVuY29kZSIsImpwZyIsIi1xdWFsaXR5IDgwIl0sWyJwIiwidGh1bWIiLCI1OTB4NTkwXHUwMDNlIl1d?sha=374edcd81d317792\" \/><\/p>\n<div class=\"gallery-i-caption\"><\/div>\n<\/div>\n<div class=\"gallery-i\"><img src=\"https:\/\/cdn.oxu.az\/uploads\/W1siZiIsIjIwMjAvMDcvMTgvMDAvMTYvMjIvNDgwY2IwYWItNTA5NS00N2UyLWE1MmUtYzBhY2IwZGM2YWEwLzE3LjA3LjIwMjAgLSBGw7x6dWxpIHJheW9udSwgQmFixLEga8mZbmRpIC0gKDMpLmpwZyJdLFsicCIsImVuY29kZSIsImpwZyIsIi1xdWFsaXR5IDgwIl0sWyJwIiwidGh1bWIiLCI1OTB4NTkwXHUwMDNlIl1d?sha=4225b4e4afb6aed5\" \/><\/p>\n<div class=\"gallery-i-caption\"><\/div>\n<\/div>\n<div class=\"gallery-i\"><img src=\"https:\/\/cdn.oxu.az\/uploads\/W1siZiIsIjIwMjAvMDcvMTgvMDAvMTYvMjIvMzdhMDBhNDYtZDc3Yi00MWQxLTk0ODctODI2MmE1YzMxOTY3LzE3LjA3LjIwMjAgLSBGw7x6dWxpIHJheW9udSwgQmFixLEga8mZbmRpIC0gKDIpLmpwZyJdLFsicCIsImVuY29kZSIsImpwZyIsIi1xdWFsaXR5IDgwIl0sWyJwIiwidGh1bWIiLCI1OTB4NTkwXHUwMDNlIl1d?sha=ab64eb9ad60a700b\" \/><\/p>\n<div class=\"gallery-i-caption\"><\/div>\n<\/div>\n<div class=\"gallery-i\"><img src=\"https:\/\/cdn.oxu.az\/uploads\/W1siZiIsIjIwMjAvMDcvMTgvMDAvMTYvMjIvYmI2Y2JlM2YtZmM1Yi00Y2U2LWE2M2UtMDhhN2Y1YTVkOTUzLzE3LjA3LjIwMjAgLSBGw7x6dWxpIHJheW9udSwgQmFixLEga8mZbmRpIC0gKDEpLmpwZyJdLFsicCIsImVuY29kZSIsImpwZyIsIi1xdWFsaXR5IDgwIl0sWyJwIiwidGh1bWIiLCI1OTB4NTkwXHUwMDNlIl1d?sha=c52c6c9ca508bc1d\" \/><\/div>\n<\/div>\n","protected":false},"excerpt":{"rendered":"<p>2020-ci il 17 \u0130yul tarixind\u0259 saat 11:14-d\u0259 Daxili \u0130\u015fl\u0259r Nazirliyinin \u201c102\u201d\u00a0Xidm\u0259ti-z\u0259ng m\u0259rk\u0259zi sistemind\u0259n Az\u0259rbaycan Respublikas\u0131 \u018frazil\u0259rinin Minalardan T\u0259mizl\u0259nm\u0259si \u00fczr\u0259 Milli Agentliy\u0259 (ANAMA)\u00a0F\u00fczuli rayonu, Bab\u0131 k\u0259ndi \u0259razisind\u0259 yolun k\u0259nar\u0131nda bir\u00a0\u0259d\u0259d m\u0259rminin tap\u0131lmas\u0131 bar\u0259d\u0259 m\u0259lumat daxil olub. M\u0259lumata \u0259sas\u0259n, Agentliyin x\u00fcsusi mobil \u00e7evik \u0259m\u0259liyyat v\u0259 partlad\u0131c\u0131 axtaran x\u00fcsusi t\u0259lim ke\u00e7mi\u015f itl\u0259rd\u0259n ibar\u0259t kinoloji qruplar\u0131, Daxili \u0130\u015fl\u0259r Nazirliyinin F\u00fczuli rayon Polis \u015e\u00f6b\u0259sinin v\u0259 M\u0259rk\u0259zi X\u0259st\u0259xanas\u0131n\u0131n \u0259m\u0259kda\u015flar\u0131 d\u0259rhal h\u0259min \u0259raziy\u0259 g\u00f6nd\u0259rilib. Agentliyin m\u00fct\u0259x\u0259ssisl\u0259ri v\u0259 F\u00fczuli rayon Polis \u015e\u00f6b\u0259sinin \u0259m\u0259kda\u015flar\u0131 t\u0259r\u0259find\u0259n birlikd\u0259 yuxar\u0131da ad\u0131 qeyd olunmu\u015f \u0259raziy\u0259 bax\u0131\u015f ke\u00e7irilib. T\u0259hl\u00fck\u0259sizliyi t\u0259min etm\u0259k m\u0259qs\u0259dil\u0259 \u0259razi polisl\u0259r&hellip;<\/p>\n","protected":false},"author":2,"featured_media":192789,"comment_status":"closed","ping_status":"closed","sticky":false,"template":"","format":"standard","meta":{"om_disable_all_campaigns":false,"_monsterinsights_skip_tracking":false,"_monsterinsights_sitenote_active":false,"_monsterinsights_sitenote_note":"","_monsterinsights_sitenote_category":0},"categories":[19],"tags":[],"aioseo_notices":[],"gutentor_comment":0,"rttpg_featured_image_url":{"full":["https:\/\/arantv.az\/wp-content\/uploads\/2020\/07\/17.07.2020-F\u00c3\u00bczuli-rayonu-Bab\u00c4\u00b1-k\u00c9_ndi-9-2.jpg",620,465,false],"landscape":["https:\/\/arantv.az\/wp-content\/uploads\/2020\/07\/17.07.2020-F\u00c3\u00bczuli-rayonu-Bab\u00c4\u00b1-k\u00c9_ndi-9-2.jpg",620,465,false],"portraits":["https:\/\/arantv.az\/wp-content\/uploads\/2020\/07\/17.07.2020-F\u00c3\u00bczuli-rayonu-Bab\u00c4\u00b1-k\u00c9_ndi-9-2.jpg",620,465,false],"thumbnail":["https:\/\/arantv.az\/wp-content\/uploads\/2020\/07\/17.07.2020-F\u00c3\u00bczuli-rayonu-Bab\u00c4\u00b1-k\u00c9_ndi-9-2-150x150.jpg",150,150,true],"medium":["https:\/\/arantv.az\/wp-content\/uploads\/2020\/07\/17.07.2020-F\u00c3\u00bczuli-rayonu-Bab\u00c4\u00b1-k\u00c9_ndi-9-2-300x225.jpg",300,225,true],"large":["https:\/\/arantv.az\/wp-content\/uploads\/2020\/07\/17.07.2020-F\u00c3\u00bczuli-rayonu-Bab\u00c4\u00b1-k\u00c9_ndi-9-2.jpg",620,465,false],"1536x1536":["https:\/\/arantv.az\/wp-content\/uploads\/2020\/07\/17.07.2020-F\u00c3\u00bczuli-rayonu-Bab\u00c4\u00b1-k\u00c9_ndi-9-2.jpg",620,465,false],"2048x2048":["https:\/\/arantv.az\/wp-content\/uploads\/2020\/07\/17.07.2020-F\u00c3\u00bczuli-rayonu-Bab\u00c4\u00b1-k\u00c9_ndi-9-2.jpg",620,465,false],"post-thumbnail":["https:\/\/arantv.az\/wp-content\/uploads\/2020\/07\/17.07.2020-F\u00c3\u00bczuli-rayonu-Bab\u00c4\u00b1-k\u00c9_ndi-9-2-240x172.jpg",240,172,true],"advps-thumb-one":["https:\/\/arantv.az\/wp-content\/uploads\/2020\/07\/17.07.2020-F\u00c3\u00bczuli-rayonu-Bab\u00c4\u00b1-k\u00c9_ndi-9-2.jpg",620,465,false]},"rttpg_author":{"display_name":"V\u00fcsal Rafiqo\u011flu","author_link":"https:\/\/arantv.az\/?author=2"},"rttpg_comment":0,"rttpg_category":"<a href=\"https:\/\/arantv.az\/?cat=19\" rel=\"category\">G\u00fcnd\u0259m<\/a>","rttpg_excerpt":"2020-ci il 17 \u0130yul tarixind\u0259 saat 11:14-d\u0259 Daxili \u0130\u015fl\u0259r Nazirliyinin \u201c102\u201d\u00a0Xidm\u0259ti-z\u0259ng m\u0259rk\u0259zi sistemind\u0259n Az\u0259rbaycan Respublikas\u0131 \u018frazil\u0259rinin Minalardan T\u0259mizl\u0259nm\u0259si \u00fczr\u0259 Milli Agentliy\u0259 (ANAMA)\u00a0F\u00fczuli rayonu, Bab\u0131 k\u0259ndi \u0259razisind\u0259 yolun k\u0259nar\u0131nda bir\u00a0\u0259d\u0259d m\u0259rminin tap\u0131lmas\u0131 bar\u0259d\u0259 m\u0259lumat daxil olub. M\u0259lumata \u0259sas\u0259n, Agentliyin x\u00fcsusi mobil \u00e7evik \u0259m\u0259liyyat v\u0259 partlad\u0131c\u0131 axtaran x\u00fcsusi t\u0259lim ke\u00e7mi\u015f itl\u0259rd\u0259n ibar\u0259t kinoloji qruplar\u0131, Daxili \u0130\u015fl\u0259r Nazirliyinin&hellip;","_links":{"self":[{"href":"https:\/\/arantv.az\/index.php?rest_route=\/wp\/v2\/posts\/192788"}],"collection":[{"href":"https:\/\/arantv.az\/index.php?rest_route=\/wp\/v2\/posts"}],"about":[{"href":"https:\/\/arantv.az\/index.php?rest_route=\/wp\/v2\/types\/post"}],"author":[{"embeddable":true,"href":"https:\/\/arantv.az\/index.php?rest_route=\/wp\/v2\/users\/2"}],"replies":[{"embeddable":true,"href":"https:\/\/arantv.az\/index.php?rest_route=%2Fwp%2Fv2%2Fcomments&post=192788"}],"version-history":[{"count":0,"href":"https:\/\/arantv.az\/index.php?rest_route=\/wp\/v2\/posts\/192788\/revisions"}],"wp:featuredmedia":[{"embeddable":true,"href":"https:\/\/arantv.az\/index.php?rest_route=\/wp\/v2\/media\/192789"}],"wp:attachment":[{"href":"https:\/\/arantv.az\/index.php?rest_route=%2Fwp%2Fv2%2Fmedia&parent=192788"}],"wp:term":[{"taxonomy":"category","embeddable":true,"href":"https:\/\/arantv.az\/index.php?rest_route=%2Fwp%2Fv2%2Fcategories&post=192788"},{"taxonomy":"post_tag","embeddable":true,"href":"https:\/\/arantv.az\/index.php?rest_route=%2Fwp%2Fv2%2Ftags&post=192788"}],"curies":[{"name":"wp","href":"https:\/\/api.w.org\/{rel}","templated":true}]}}