{"id":192800,"date":"2020-07-18T08:33:14","date_gmt":"2020-07-18T05:33:14","guid":{"rendered":"http:\/\/arantv.az\/?p=192800"},"modified":"2020-07-18T08:33:14","modified_gmt":"2020-07-18T05:33:14","slug":"leyla-%c9%99liyeva-s%c9%99hidl%c9%99r%c9%99-seir-h%c9%99sr-etdi-foto","status":"publish","type":"post","link":"https:\/\/arantv.az\/?p=192800","title":{"rendered":"Leyla \u018fliyeva \u015f\u0259hidl\u0259r\u0259 \u015feir h\u0259sr etdi &#8211; FOTO"},"content":{"rendered":"<article class=\"news\">\n<div class=\"news-inner\">\n<p>Heyd\u0259r \u018fliyev Fondunun vitse-prezidenti\u00a0Leyla \u018fliyeva &#8220;\u0130nstagram&#8221; hesab\u0131nda \u015f\u0259hidl\u0259rl\u0259 ba\u011fl\u0131 payla\u015f\u0131m edib.<\/p>\n<div>O, iyulun 12-d\u0259 Erm\u0259nistan\u0131n t\u0259xribat\u0131 il\u0259 ba\u015flayan d\u00f6y\u00fc\u015fl\u0259rd\u0259 h\u0259lak olmu\u015f \u015f\u0259hidl\u0259rimizin xatir\u0259sin\u0259 \u015feir h\u0259sr edib.\u00a0L.\u018fliyeva h\u0259min \u015feiri \u015f\u0259hidl\u0259rin \u00f6vladlar\u0131 \u0259ks olunmu\u015f fotolarla birlikd\u0259 yay\u0131mlay\u0131b.<\/div>\n<div>\n<div><iframe id=\"instagram-embed-0\" class=\"instagram-media instagram-media-rendered\" src=\"https:\/\/www.instagram.com\/p\/CCwF4fhDaGo\/embed\/captioned\/?cr=1&amp;v=12&amp;wp=540&amp;rd=https%3A%2F%2Foxu.az&amp;rp=%2Fpolitics%2F406699#%7B%22ci%22%3A0%2C%22os%22%3A4601.000000024214%2C%22ls%22%3A3079.1800000006333%2C%22le%22%3A3084.7650000359863%7D\" height=\"1437\" frameborder=\"0\" scrolling=\"no\" allowfullscreen=\"allowfullscreen\" data-instgrm-payload-id=\"instagram-media-payload-0\" data-mce-fragment=\"1\"><\/iframe><\/div>\n<\/div>\n<div>\n<div><iframe id=\"instagram-embed-1\" class=\"instagram-media instagram-media-rendered\" src=\"https:\/\/www.instagram.com\/p\/CCwBqFkDoiF\/embed\/captioned\/?cr=1&amp;v=12&amp;wp=540&amp;rd=https%3A%2F%2Foxu.az&amp;rp=%2Fpolitics%2F406699#%7B%22ci%22%3A1%2C%22os%22%3A4628.344999975525%2C%22ls%22%3A3079.1800000006333%2C%22le%22%3A3084.7650000359863%7D\" height=\"1419\" frameborder=\"0\" scrolling=\"no\" allowfullscreen=\"allowfullscreen\" data-instgrm-payload-id=\"instagram-media-payload-1\" data-mce-fragment=\"1\"><\/iframe><\/div>\n<\/div>\n<\/div>\n<\/article>\n<h2 class=\"news-share-title\">B<\/h2>\n","protected":false},"excerpt":{"rendered":"<p>Heyd\u0259r \u018fliyev Fondunun vitse-prezidenti\u00a0Leyla \u018fliyeva &#8220;\u0130nstagram&#8221; hesab\u0131nda \u015f\u0259hidl\u0259rl\u0259 ba\u011fl\u0131 payla\u015f\u0131m edib. O, iyulun 12-d\u0259 Erm\u0259nistan\u0131n t\u0259xribat\u0131 il\u0259 ba\u015flayan d\u00f6y\u00fc\u015fl\u0259rd\u0259 h\u0259lak olmu\u015f \u015f\u0259hidl\u0259rimizin xatir\u0259sin\u0259 \u015feir h\u0259sr edib.\u00a0L.\u018fliyeva h\u0259min \u015feiri \u015f\u0259hidl\u0259rin \u00f6vladlar\u0131 \u0259ks olunmu\u015f fotolarla birlikd\u0259 yay\u0131mlay\u0131b. B<\/p>\n","protected":false},"author":2,"featured_media":192801,"comment_status":"closed","ping_status":"closed","sticky":false,"template":"","format":"standard","meta":{"om_disable_all_campaigns":false,"_monsterinsights_skip_tracking":false,"_monsterinsights_sitenote_active":false,"_monsterinsights_sitenote_note":"","_monsterinsights_sitenote_category":0},"categories":[4],"tags":[],"aioseo_notices":[],"gutentor_comment":0,"rttpg_featured_image_url":{"full":["https:\/\/arantv.az\/wp-content\/uploads\/2020\/07\/leyla_aliyeva_280215.jpg",620,465,false],"landscape":["https:\/\/arantv.az\/wp-content\/uploads\/2020\/07\/leyla_aliyeva_280215.jpg",620,465,false],"portraits":["https:\/\/arantv.az\/wp-content\/uploads\/2020\/07\/leyla_aliyeva_280215.jpg",620,465,false],"thumbnail":["https:\/\/arantv.az\/wp-content\/uploads\/2020\/07\/leyla_aliyeva_280215-150x150.jpg",150,150,true],"medium":["https:\/\/arantv.az\/wp-content\/uploads\/2020\/07\/leyla_aliyeva_280215-300x225.jpg",300,225,true],"large":["https:\/\/arantv.az\/wp-content\/uploads\/2020\/07\/leyla_aliyeva_280215.jpg",620,465,false],"1536x1536":["https:\/\/arantv.az\/wp-content\/uploads\/2020\/07\/leyla_aliyeva_280215.jpg",620,465,false],"2048x2048":["https:\/\/arantv.az\/wp-content\/uploads\/2020\/07\/leyla_aliyeva_280215.jpg",620,465,false],"post-thumbnail":["https:\/\/arantv.az\/wp-content\/uploads\/2020\/07\/leyla_aliyeva_280215-240x172.jpg",240,172,true],"advps-thumb-one":["https:\/\/arantv.az\/wp-content\/uploads\/2020\/07\/leyla_aliyeva_280215.jpg",620,465,false]},"rttpg_author":{"display_name":"V\u00fcsal Rafiqo\u011flu","author_link":"https:\/\/arantv.az\/?author=2"},"rttpg_comment":0,"rttpg_category":"<a href=\"https:\/\/arantv.az\/?cat=4\" rel=\"category\">Siyas\u0259t<\/a>","rttpg_excerpt":"Heyd\u0259r \u018fliyev Fondunun vitse-prezidenti\u00a0Leyla \u018fliyeva &#8220;\u0130nstagram&#8221; hesab\u0131nda \u015f\u0259hidl\u0259rl\u0259 ba\u011fl\u0131 payla\u015f\u0131m edib. O, iyulun 12-d\u0259 Erm\u0259nistan\u0131n t\u0259xribat\u0131 il\u0259 ba\u015flayan d\u00f6y\u00fc\u015fl\u0259rd\u0259 h\u0259lak olmu\u015f \u015f\u0259hidl\u0259rimizin xatir\u0259sin\u0259 \u015feir h\u0259sr edib.\u00a0L.\u018fliyeva h\u0259min \u015feiri \u015f\u0259hidl\u0259rin \u00f6vladlar\u0131 \u0259ks olunmu\u015f fotolarla birlikd\u0259 yay\u0131mlay\u0131b. B","_links":{"self":[{"href":"https:\/\/arantv.az\/index.php?rest_route=\/wp\/v2\/posts\/192800"}],"collection":[{"href":"https:\/\/arantv.az\/index.php?rest_route=\/wp\/v2\/posts"}],"about":[{"href":"https:\/\/arantv.az\/index.php?rest_route=\/wp\/v2\/types\/post"}],"author":[{"embeddable":true,"href":"https:\/\/arantv.az\/index.php?rest_route=\/wp\/v2\/users\/2"}],"replies":[{"embeddable":true,"href":"https:\/\/arantv.az\/index.php?rest_route=%2Fwp%2Fv2%2Fcomments&post=192800"}],"version-history":[{"count":0,"href":"https:\/\/arantv.az\/index.php?rest_route=\/wp\/v2\/posts\/192800\/revisions"}],"wp:featuredmedia":[{"embeddable":true,"href":"https:\/\/arantv.az\/index.php?rest_route=\/wp\/v2\/media\/192801"}],"wp:attachment":[{"href":"https:\/\/arantv.az\/index.php?rest_route=%2Fwp%2Fv2%2Fmedia&parent=192800"}],"wp:term":[{"taxonomy":"category","embeddable":true,"href":"https:\/\/arantv.az\/index.php?rest_route=%2Fwp%2Fv2%2Fcategories&post=192800"},{"taxonomy":"post_tag","embeddable":true,"href":"https:\/\/arantv.az\/index.php?rest_route=%2Fwp%2Fv2%2Ftags&post=192800"}],"curies":[{"name":"wp","href":"https:\/\/api.w.org\/{rel}","templated":true}]}}