{"id":192828,"date":"2020-07-18T08:49:31","date_gmt":"2020-07-18T05:49:31","guid":{"rendered":"http:\/\/arantv.az\/?p=192828"},"modified":"2020-07-18T08:49:31","modified_gmt":"2020-07-18T05:49:31","slug":"budapestd%c9%99n-bakiya-birbasa-carter-reysi-yerin%c9%99-yetirildi-foto","status":"publish","type":"post","link":"https:\/\/arantv.az\/?p=192828","title":{"rendered":"Budape\u015ftd\u0259n Bak\u0131ya birba\u015fa \u00e7arter reysi yerin\u0259 yetirildi &#8211; FOTO"},"content":{"rendered":"<p>\u0130yulun 18-d\u0259 s\u0259h\u0259r saatlar\u0131nda Az\u0259rbaycan\u0131n milli aviada\u015f\u0131y\u0131c\u0131s\u0131 Budape\u015ftd\u0259n Bak\u0131ya birba\u015fa \u00e7arter reysi yerin\u0259 yetirib.<\/p>\n<p>Bununla ba\u011fl\u0131 AZAL m\u0259lumat yay\u0131b.<\/p>\n<p>Macar\u0131stan\u0131n paytaxt\u0131ndan h\u0259yata ke\u00e7iril\u0259n u\u00e7u\u015fa yaln\u0131z koronavirus testi vermi\u015f\u00a0v\u0259 n\u0259tic\u0259si neqativ olan s\u0259rni\u015finl\u0259r burax\u0131l\u0131b. M\u00fc\u0259yy\u0259n edilmi\u015f qaydalara uy\u011fun olaraq, v\u0259t\u0259n\u0259 qay\u0131dan 48 n\u0259f\u0259r s\u0259rni\u015fin iki h\u0259ft\u0259 m\u00fcdd\u0259tind\u0259 \u00f6z\u00fcn\u00fct\u0259crid \u015f\u0259raitind\u0259 qalmal\u0131d\u0131r.<\/p>\n<p>Xat\u0131rlad\u0131r\u0131q ki, AZAL-\u0131n \u00e7arter reysl\u0259ri\u00a0Nazirl\u0259r Kabineti yan\u0131nda operativ q\u0259rargah\u0131n \u0259vv\u0259lc\u0259d\u0259n raz\u0131la\u015fd\u0131r\u0131lm\u0131\u015f plan\u0131na uy\u011fun qaydada yerin\u0259 yetirilir.<\/p>\n<div class=\"gallery\">\n<div class=\"gallery-i\"><img src=\"https:\/\/cdn.oxu.az\/uploads\/W1siZiIsIjIwMjAvMDcvMTgvMDkvMzEvMTMvNGMxZmU5ZmUtMzEzZC00MDUyLWI2NzItM2Y5ZmFkOGI5YjFkLzEwOTkwNzA4NV8zMTk2ODc2MzUwNDA0NTk0XzYwNjgwNzIxNjE3MzgzNTA1OTZfby5qcGciXSxbInAiLCJlbmNvZGUiLCJqcGciLCItcXVhbGl0eSA4MCJdLFsicCIsInRodW1iIiwiNTkweDU5MFx1MDAzZSJdXQ?sha=9b1f82ba80f61862\" alt=\"\" \/><\/p>\n<div class=\"gallery-i-caption\"><\/div>\n<\/div>\n<div class=\"gallery-i\"><img src=\"https:\/\/cdn.oxu.az\/uploads\/W1siZiIsIjIwMjAvMDcvMTgvMDkvMzEvMTMvMjE4YWJiZDEtZWY4Ny00Y2Q1LThlMTItZTYzMWY0NzUxYTY3LzEwOTkyMjQ0NF8zMTk2ODc2MDkwNDA0NjIwXzY0NDQ3MzYzMjk4MjExMzgxOTZfby5qcGciXSxbInAiLCJlbmNvZGUiLCJqcGciLCItcXVhbGl0eSA4MCJdLFsicCIsInRodW1iIiwiNTkweDU5MFx1MDAzZSJdXQ?sha=9b23aeb02f484f1f\" alt=\"\" \/><\/div>\n<\/div>\n","protected":false},"excerpt":{"rendered":"<p>\u0130yulun 18-d\u0259 s\u0259h\u0259r saatlar\u0131nda Az\u0259rbaycan\u0131n milli aviada\u015f\u0131y\u0131c\u0131s\u0131 Budape\u015ftd\u0259n Bak\u0131ya birba\u015fa \u00e7arter reysi yerin\u0259 yetirib. Bununla ba\u011fl\u0131 AZAL m\u0259lumat yay\u0131b. Macar\u0131stan\u0131n paytaxt\u0131ndan h\u0259yata ke\u00e7iril\u0259n u\u00e7u\u015fa yaln\u0131z koronavirus testi vermi\u015f\u00a0v\u0259 n\u0259tic\u0259si neqativ olan s\u0259rni\u015finl\u0259r burax\u0131l\u0131b. M\u00fc\u0259yy\u0259n edilmi\u015f qaydalara uy\u011fun olaraq, v\u0259t\u0259n\u0259 qay\u0131dan 48 n\u0259f\u0259r s\u0259rni\u015fin iki h\u0259ft\u0259 m\u00fcdd\u0259tind\u0259 \u00f6z\u00fcn\u00fct\u0259crid \u015f\u0259raitind\u0259 qalmal\u0131d\u0131r. Xat\u0131rlad\u0131r\u0131q ki, AZAL-\u0131n \u00e7arter reysl\u0259ri\u00a0Nazirl\u0259r Kabineti yan\u0131nda operativ q\u0259rargah\u0131n \u0259vv\u0259lc\u0259d\u0259n raz\u0131la\u015fd\u0131r\u0131lm\u0131\u015f plan\u0131na uy\u011fun qaydada yerin\u0259 yetirilir.<\/p>\n","protected":false},"author":2,"featured_media":192829,"comment_status":"closed","ping_status":"closed","sticky":false,"template":"","format":"standard","meta":{"om_disable_all_campaigns":false,"_monsterinsights_skip_tracking":false,"_monsterinsights_sitenote_active":false,"_monsterinsights_sitenote_note":"","_monsterinsights_sitenote_category":0},"categories":[26],"tags":[],"aioseo_notices":[],"gutentor_comment":0,"rttpg_featured_image_url":{"full":["https:\/\/arantv.az\/wp-content\/uploads\/2020\/07\/110314316_3196875907071305_3993965136529810823_o.jpg",620,413,false],"landscape":["https:\/\/arantv.az\/wp-content\/uploads\/2020\/07\/110314316_3196875907071305_3993965136529810823_o.jpg",620,413,false],"portraits":["https:\/\/arantv.az\/wp-content\/uploads\/2020\/07\/110314316_3196875907071305_3993965136529810823_o.jpg",620,413,false],"thumbnail":["https:\/\/arantv.az\/wp-content\/uploads\/2020\/07\/110314316_3196875907071305_3993965136529810823_o-150x150.jpg",150,150,true],"medium":["https:\/\/arantv.az\/wp-content\/uploads\/2020\/07\/110314316_3196875907071305_3993965136529810823_o-300x200.jpg",300,200,true],"large":["https:\/\/arantv.az\/wp-content\/uploads\/2020\/07\/110314316_3196875907071305_3993965136529810823_o.jpg",620,413,false],"1536x1536":["https:\/\/arantv.az\/wp-content\/uploads\/2020\/07\/110314316_3196875907071305_3993965136529810823_o.jpg",620,413,false],"2048x2048":["https:\/\/arantv.az\/wp-content\/uploads\/2020\/07\/110314316_3196875907071305_3993965136529810823_o.jpg",620,413,false],"post-thumbnail":["https:\/\/arantv.az\/wp-content\/uploads\/2020\/07\/110314316_3196875907071305_3993965136529810823_o-240x172.jpg",240,172,true],"advps-thumb-one":["https:\/\/arantv.az\/wp-content\/uploads\/2020\/07\/110314316_3196875907071305_3993965136529810823_o.jpg",620,413,false]},"rttpg_author":{"display_name":"V\u00fcsal Rafiqo\u011flu","author_link":"https:\/\/arantv.az\/?author=2"},"rttpg_comment":0,"rttpg_category":"<a href=\"https:\/\/arantv.az\/?cat=26\" rel=\"category\">Sosial<\/a>","rttpg_excerpt":"\u0130yulun 18-d\u0259 s\u0259h\u0259r saatlar\u0131nda Az\u0259rbaycan\u0131n milli aviada\u015f\u0131y\u0131c\u0131s\u0131 Budape\u015ftd\u0259n Bak\u0131ya birba\u015fa \u00e7arter reysi yerin\u0259 yetirib. Bununla ba\u011fl\u0131 AZAL m\u0259lumat yay\u0131b. Macar\u0131stan\u0131n paytaxt\u0131ndan h\u0259yata ke\u00e7iril\u0259n u\u00e7u\u015fa yaln\u0131z koronavirus testi vermi\u015f\u00a0v\u0259 n\u0259tic\u0259si neqativ olan s\u0259rni\u015finl\u0259r burax\u0131l\u0131b. M\u00fc\u0259yy\u0259n edilmi\u015f qaydalara uy\u011fun olaraq, v\u0259t\u0259n\u0259 qay\u0131dan 48 n\u0259f\u0259r s\u0259rni\u015fin iki h\u0259ft\u0259 m\u00fcdd\u0259tind\u0259 \u00f6z\u00fcn\u00fct\u0259crid \u015f\u0259raitind\u0259 qalmal\u0131d\u0131r. Xat\u0131rlad\u0131r\u0131q ki, AZAL-\u0131n \u00e7arter reysl\u0259ri\u00a0Nazirl\u0259r Kabineti&hellip;","_links":{"self":[{"href":"https:\/\/arantv.az\/index.php?rest_route=\/wp\/v2\/posts\/192828"}],"collection":[{"href":"https:\/\/arantv.az\/index.php?rest_route=\/wp\/v2\/posts"}],"about":[{"href":"https:\/\/arantv.az\/index.php?rest_route=\/wp\/v2\/types\/post"}],"author":[{"embeddable":true,"href":"https:\/\/arantv.az\/index.php?rest_route=\/wp\/v2\/users\/2"}],"replies":[{"embeddable":true,"href":"https:\/\/arantv.az\/index.php?rest_route=%2Fwp%2Fv2%2Fcomments&post=192828"}],"version-history":[{"count":0,"href":"https:\/\/arantv.az\/index.php?rest_route=\/wp\/v2\/posts\/192828\/revisions"}],"wp:featuredmedia":[{"embeddable":true,"href":"https:\/\/arantv.az\/index.php?rest_route=\/wp\/v2\/media\/192829"}],"wp:attachment":[{"href":"https:\/\/arantv.az\/index.php?rest_route=%2Fwp%2Fv2%2Fmedia&parent=192828"}],"wp:term":[{"taxonomy":"category","embeddable":true,"href":"https:\/\/arantv.az\/index.php?rest_route=%2Fwp%2Fv2%2Fcategories&post=192828"},{"taxonomy":"post_tag","embeddable":true,"href":"https:\/\/arantv.az\/index.php?rest_route=%2Fwp%2Fv2%2Ftags&post=192828"}],"curies":[{"name":"wp","href":"https:\/\/api.w.org\/{rel}","templated":true}]}}