{"id":19317,"date":"2018-10-16T14:38:53","date_gmt":"2018-10-16T11:38:53","guid":{"rendered":"http:\/\/arantv.az\/?p=19317"},"modified":"2018-10-16T14:38:53","modified_gmt":"2018-10-16T11:38:53","slug":"rob-sobhani-prezident-ilham-%c9%99liyev-az%c9%99rbaycan-ucun-parlaq-g%c9%99l%c9%99c%c9%99k-t%c9%99min-edib","status":"publish","type":"post","link":"https:\/\/arantv.az\/?p=19317","title":{"rendered":"Rob Sobhani: &#8220;Prezident \u0130lham \u018fliyev Az\u0259rbaycan \u00fc\u00e7\u00fcn parlaq g\u0259l\u0259c\u0259k t\u0259min edib&#8221;"},"content":{"rendered":"<p><strong>&#8220;Az\u0259rbaycan Prezidenti \u0130lham \u018fliyev xalq \u00fc\u00e7\u00fcn parlaq g\u0259l\u0259c\u0259k t\u0259min edib&#8221;.<\/strong><\/p>\n<p><strong>ARANTV.AZ\u00a0<\/strong> x\u0259b\u0259r verir ki, bunu trend-\u0259 &#8220;Caspian Group Holdings&#8221;in ba\u015f direktoru Rob Sobhani deyib.<\/p>\n<p>O qeyd edib ki, Prezident \u0130lham \u018fliyevin d\u00f6vl\u0259t idar\u0259etm\u0259 s\u0259n\u0259tinin \u0259n vacib x\u00fcsusiyy\u0259ti Az\u0259rbaycan\u0131 m\u00fcasir, \u00e7i\u00e7\u0259kl\u0259n\u0259n v\u0259 tolerant \u00f6lk\u0259y\u0259 \u00e7evirm\u0259k niyy\u0259tini realla\u015fd\u0131rmas\u0131d\u0131r.<\/p>\n<p>Az\u0259rbaycan\u0131n enerji siyas\u0259tind\u0259n dan\u0131\u015fan R.Sobhani bildirib ki, Prezident \u0130lham \u018fliyev X\u0259z\u0259r h\u00f6vz\u0259sind\u0259n enerji ehtiyatlar\u0131n\u0131n beyn\u0259lxalq bazarlara ixrac\u0131n\u0131n t\u0259min olunmas\u0131nda 100 faizlik u\u011fura nail olub:<\/p>\n<p>&#8220;Prezident \u0130lham \u018fliyev d\u00fcnyaya v\u0259 beyn\u0259lxalq investorlara g\u00f6st\u0259rdi ki, Az\u0259rbaycan enerji resurslar\u0131n\u0131n n\u0259qli \u00fczr\u0259 etibarl\u0131 t\u0259r\u0259fda\u015fd\u0131r. Prezident \u0130lham \u018fliyevin m\u00fcdrik siyas\u0259ti say\u0259sind\u0259 Az\u0259rbaycan neft v\u0259 qaz ixrac\u0131 \u00fczr\u0259 apar\u0131c\u0131 m\u0259rk\u0259z v\u0259 d\u0259hliz\u0259 \u00e7evrilib&#8221;.<\/p>\n<p>Amerikal\u0131 ekspert qeyd edib ki, Prezident \u0130lham \u018fliyevin Az\u0259rbaycan xalq\u0131 \u00fc\u00e7\u00fcn \u0259ld\u0259 etdiyi iqtisadi m\u00f6c\u00fcz\u0259 \u00f6lk\u0259 v\u0259t\u0259nda\u015flar\u0131n\u0131n rifah\u0131na y\u00f6n\u0259lib:<\/p>\n<p>&#8220;Az\u0259rbaycan iqtisadiyyat\u0131n\u0131n bacar\u0131ql\u0131 kapitan\u0131 olaraq Prezident \u0130lham \u018fliyev \u00f6lk\u0259nin h\u0259r bir v\u0259t\u0259nda\u015f\u0131na layiqli ya\u015famaq imkan\u0131 b\u0259x\u015f edib. H\u0259r bir v\u0259t\u0259nda\u015f\u0131n yax\u015f\u0131 i\u015finin, sabit g\u0259lir m\u0259nb\u0259yinin olmas\u0131, b\u00fct\u00fcn bunlar Prezident \u0130lham \u018fliyevin \u00f6lk\u0259 iqtisadiyyat\u0131n\u0131n inki\u015faf\u0131nda \u0259ld\u0259 etdiyi b\u00f6y\u00fck nailiyy\u0259tl\u0259r say\u0259sind\u0259 t\u0259min olunub&#8221;.<\/p>\n<p>O vur\u011fulay\u0131b ki, D\u00fcnya Bank\u0131n\u0131n m\u0259lumatlar\u0131na \u0259sas\u0259n, Az\u0259rbaycan yoxsulluq \u00e7ox a\u015fa\u011f\u0131 s\u0259viyy\u0259y\u0259d\u0259k azal\u0131b, bu is\u0259 onu bildirir ki, Az\u0259rbaycan v\u0259t\u0259nda\u015flar\u0131n\u0131n b\u00f6y\u00fck hiss\u0259si orta t\u0259b\u0259q\u0259ni t\u0259msil edir:<\/p>\n<p>&#8220;Az\u0259rbaycanda orta t\u0259b\u0259q\u0259nin art\u0131m\u0131 Prezident \u0130lham \u018fliyevin iqtsadiyyat sah\u0259sind\u0259 m\u00fcdrik q\u0259rarlar\u0131 il\u0259 \u0259laq\u0259dard\u0131r. Az\u0259rbaycan Prezidenti q\u0259bul edir ki, \u00f6lk\u0259 iqtisadiyyat\u0131 birt\u0259r\u0259fli ola v\u0259 yaln\u0131z enerji ehtiyatlar\u0131n\u0131n ixrac\u0131na arxalana bilm\u0259z. Bu s\u0259b\u0259bd\u0259n d\u0259 o, regional iqtisadi inki\u015fafa, turizm sektoruna, k\u0259nd t\u0259s\u0259rr\u00fcfat\u0131na, ki\u00e7ik v\u0259 orta sahibkarl\u0131\u011f\u0131n t\u0259\u015fviqin\u0259 v\u0259 b\u0259rpa olunan enerji m\u0259nb\u0259l\u0259rin\u0259 investisiyalara \u0259sas diqq\u0259t ay\u0131r\u0131r&#8221;.<\/p>\n<p>R.Sobhani bildirib ki, Prezident \u0130lham \u018fliyev t\u0259kc\u0259 \u00fcmummilli lider Heyd\u0259r \u018fliyevin kursunu davam etdirm\u0259yib, h\u0259m d\u0259 onun \u0259sas\u0131nda Az\u0259rbaycan xalq\u0131 \u00fc\u00e7\u00fcn parlaq g\u0259l\u0259c\u0259k t\u0259min edib.<\/p>\n<p>Bundan ba\u015fqa, amerikal\u0131 ekspert son 15 ild\u0259 idman sah\u0259sind\u0259 Az\u0259rbaycan\u0131n u\u011furlar\u0131ndan dan\u0131\u015f\u0131b:<\/p>\n<p>&#8220;Prezident \u0130lham \u018fliyev Az\u0259rbaycan\u0131n b\u00f6y\u00fck idman turnirl\u0259rinin ke\u00e7irildiyi m\u0259kan\u0131n olmas\u0131 \u00fc\u00e7\u00fcn kifay\u0259t q\u0259d\u0259r vaxt, enerji v\u0259 g\u00fcc s\u0259rf edib. Prezident \u0130lham \u018fliyevin bu m\u00fcdrik v\u0259 uzaqg\u00f6r\u0259n siyas\u0259ti Az\u0259rbaycana beyn\u0259lxalq n\u00fcfuz g\u0259tirib&#8221;.<\/p>\n<p>Ekspert qeyd edib ki, \u0259g\u0259r jurnalistl\u0259r n\u0259 vaxtsa &#8220;idman turizmi&#8221; terminini fikirl\u0259\u015fs\u0259l\u0259r, buna g\u00f6r\u0259 onlar Prezident \u0130lham \u018fliyev\u0259 v\u0259 Az\u0259rbaycana minn\u0259tdar olmal\u0131d\u0131r, \u00e7\u00fcnki idman t\u0259dbirl\u0259ri ke\u00e7irm\u0259kl\u0259 Az\u0259rbaycan b\u00f6y\u00fck turist ax\u0131n\u0131n\u0131 t\u0259min edib:<\/p>\n<p>&#8220;Eyni zamanda, Az\u0259rbaycan b\u00fct\u00fcn d\u00fcnyaya dinamik \u00f6lk\u0259 oldu\u011funu n\u00fcmayi\u015f etdirib. Prezident \u0130lham \u018fliyev Az\u0259rbaycan\u0131 beyn\u0259lxalq idman t\u0259dbirl\u0259rinin ke\u00e7irildiyi m\u0259kana \u00e7evir\u0259r\u0259k \u00f6lk\u0259nin d\u00fcnya arenas\u0131nda imicini daha da yax\u015f\u0131la\u015fd\u0131r\u0131b&#8221;.<\/p>\n","protected":false},"excerpt":{"rendered":"<p>&#8220;Az\u0259rbaycan Prezidenti \u0130lham \u018fliyev xalq \u00fc\u00e7\u00fcn parlaq g\u0259l\u0259c\u0259k t\u0259min edib&#8221;. ARANTV.AZ\u00a0 x\u0259b\u0259r verir ki, bunu trend-\u0259 &#8220;Caspian Group Holdings&#8221;in ba\u015f direktoru Rob Sobhani deyib. O qeyd edib ki, Prezident \u0130lham \u018fliyevin d\u00f6vl\u0259t idar\u0259etm\u0259 s\u0259n\u0259tinin \u0259n vacib x\u00fcsusiyy\u0259ti Az\u0259rbaycan\u0131 m\u00fcasir, \u00e7i\u00e7\u0259kl\u0259n\u0259n v\u0259 tolerant \u00f6lk\u0259y\u0259 \u00e7evirm\u0259k niyy\u0259tini realla\u015fd\u0131rmas\u0131d\u0131r. Az\u0259rbaycan\u0131n enerji siyas\u0259tind\u0259n dan\u0131\u015fan R.Sobhani bildirib ki, Prezident \u0130lham \u018fliyev X\u0259z\u0259r h\u00f6vz\u0259sind\u0259n enerji ehtiyatlar\u0131n\u0131n beyn\u0259lxalq bazarlara ixrac\u0131n\u0131n t\u0259min olunmas\u0131nda 100 faizlik u\u011fura nail olub: &#8220;Prezident \u0130lham \u018fliyev d\u00fcnyaya v\u0259 beyn\u0259lxalq investorlara g\u00f6st\u0259rdi ki, Az\u0259rbaycan enerji resurslar\u0131n\u0131n n\u0259qli \u00fczr\u0259 etibarl\u0131 t\u0259r\u0259fda\u015fd\u0131r. Prezident \u0130lham \u018fliyevin m\u00fcdrik&hellip;<\/p>\n","protected":false},"author":2,"featured_media":19318,"comment_status":"closed","ping_status":"closed","sticky":false,"template":"","format":"standard","meta":{"om_disable_all_campaigns":false,"_monsterinsights_skip_tracking":false,"_monsterinsights_sitenote_active":false,"_monsterinsights_sitenote_note":"","_monsterinsights_sitenote_category":0},"categories":[4],"tags":[],"aioseo_notices":[],"gutentor_comment":0,"rttpg_featured_image_url":{"full":["https:\/\/arantv.az\/wp-content\/uploads\/2018\/10\/695068.jpg",800,600,false],"landscape":["https:\/\/arantv.az\/wp-content\/uploads\/2018\/10\/695068.jpg",800,600,false],"portraits":["https:\/\/arantv.az\/wp-content\/uploads\/2018\/10\/695068.jpg",800,600,false],"thumbnail":["https:\/\/arantv.az\/wp-content\/uploads\/2018\/10\/695068-150x150.jpg",150,150,true],"medium":["https:\/\/arantv.az\/wp-content\/uploads\/2018\/10\/695068-300x225.jpg",300,225,true],"large":["https:\/\/arantv.az\/wp-content\/uploads\/2018\/10\/695068.jpg",640,480,false],"1536x1536":["https:\/\/arantv.az\/wp-content\/uploads\/2018\/10\/695068.jpg",800,600,false],"2048x2048":["https:\/\/arantv.az\/wp-content\/uploads\/2018\/10\/695068.jpg",800,600,false],"post-thumbnail":["https:\/\/arantv.az\/wp-content\/uploads\/2018\/10\/695068-240x172.jpg",240,172,true],"advps-thumb-one":["https:\/\/arantv.az\/wp-content\/uploads\/2018\/10\/695068.jpg",800,600,false]},"rttpg_author":{"display_name":"V\u00fcsal Rafiqo\u011flu","author_link":"https:\/\/arantv.az\/?author=2"},"rttpg_comment":0,"rttpg_category":"<a href=\"https:\/\/arantv.az\/?cat=4\" rel=\"category\">Siyas\u0259t<\/a>","rttpg_excerpt":"&#8220;Az\u0259rbaycan Prezidenti \u0130lham \u018fliyev xalq \u00fc\u00e7\u00fcn parlaq g\u0259l\u0259c\u0259k t\u0259min edib&#8221;. ARANTV.AZ\u00a0 x\u0259b\u0259r verir ki, bunu trend-\u0259 &#8220;Caspian Group Holdings&#8221;in ba\u015f direktoru Rob Sobhani deyib. O qeyd edib ki, Prezident \u0130lham \u018fliyevin d\u00f6vl\u0259t idar\u0259etm\u0259 s\u0259n\u0259tinin \u0259n vacib x\u00fcsusiyy\u0259ti Az\u0259rbaycan\u0131 m\u00fcasir, \u00e7i\u00e7\u0259kl\u0259n\u0259n v\u0259 tolerant \u00f6lk\u0259y\u0259 \u00e7evirm\u0259k niyy\u0259tini realla\u015fd\u0131rmas\u0131d\u0131r. Az\u0259rbaycan\u0131n enerji siyas\u0259tind\u0259n dan\u0131\u015fan R.Sobhani bildirib ki, Prezident \u0130lham&hellip;","_links":{"self":[{"href":"https:\/\/arantv.az\/index.php?rest_route=\/wp\/v2\/posts\/19317"}],"collection":[{"href":"https:\/\/arantv.az\/index.php?rest_route=\/wp\/v2\/posts"}],"about":[{"href":"https:\/\/arantv.az\/index.php?rest_route=\/wp\/v2\/types\/post"}],"author":[{"embeddable":true,"href":"https:\/\/arantv.az\/index.php?rest_route=\/wp\/v2\/users\/2"}],"replies":[{"embeddable":true,"href":"https:\/\/arantv.az\/index.php?rest_route=%2Fwp%2Fv2%2Fcomments&post=19317"}],"version-history":[{"count":0,"href":"https:\/\/arantv.az\/index.php?rest_route=\/wp\/v2\/posts\/19317\/revisions"}],"wp:featuredmedia":[{"embeddable":true,"href":"https:\/\/arantv.az\/index.php?rest_route=\/wp\/v2\/media\/19318"}],"wp:attachment":[{"href":"https:\/\/arantv.az\/index.php?rest_route=%2Fwp%2Fv2%2Fmedia&parent=19317"}],"wp:term":[{"taxonomy":"category","embeddable":true,"href":"https:\/\/arantv.az\/index.php?rest_route=%2Fwp%2Fv2%2Fcategories&post=19317"},{"taxonomy":"post_tag","embeddable":true,"href":"https:\/\/arantv.az\/index.php?rest_route=%2Fwp%2Fv2%2Ftags&post=19317"}],"curies":[{"name":"wp","href":"https:\/\/api.w.org\/{rel}","templated":true}]}}