{"id":19320,"date":"2018-10-16T14:53:25","date_gmt":"2018-10-16T11:53:25","guid":{"rendered":"http:\/\/arantv.az\/?p=19320"},"modified":"2018-10-16T14:53:25","modified_gmt":"2018-10-16T11:53:25","slug":"ankarada-israil-s%c9%99firliyin%c9%99-traktorla-hucum-etm%c9%99k-ist%c9%99dil%c9%99r-video","status":"publish","type":"post","link":"https:\/\/arantv.az\/?p=19320","title":{"rendered":"Ankarada \u0130srail s\u0259firliyin\u0259 traktorla h\u00fccum etm\u0259k ist\u0259dil\u0259r &#8211; V\u0130DEO"},"content":{"rendered":"<p>T\u00fcrkiy\u0259nin paytaxt\u0131 Ankarada \u0130srail s\u0259firliyin\u0259 h\u00fccum etm\u0259k ist\u0259y\u0259n \u015f\u0259xs yaxalan\u0131b.<\/p>\n<p><b>ARANTV.AZ<\/b> oxu.az-a istinad\u0259n x\u0259b\u0259r verir ki, 45 ya\u015fl\u0131 Ayd\u0131n adl\u0131 \u015f\u0259xsin traktorla s\u0259firliyin binas\u0131na do\u011fru ir\u0259lil\u0259diyi bildirilib.<\/p>\n<p>Traktora T\u00fcrkiy\u0259 B\u00f6y\u00fck Mill\u0259t M\u0259clisinin binas\u0131 yax\u0131nl\u0131\u011f\u0131nda at\u0259\u015f a\u00e7\u0131l\u0131b v\u0259 dayand\u0131r\u0131l\u0131b. S\u00fcr\u00fcc\u00fcn\u00fcn yaral\u0131 oldu\u011fu qeyd edilib.<\/p>\n<p>Hadis\u0259 zaman\u0131 be\u015f\u00a0avtomobil\u0259 ciddi ziyan d\u0259yib. Apar\u0131lan axtar\u0131\u015flar zaman\u0131 avtomobild\u0259 partlay\u0131c\u0131 madd\u0259 a\u015fkar edilm\u0259yib.<\/p>\n<p>\u0130nsidentin s\u0259b\u0259bl\u0259ri m\u0259lum deyil.<\/p>\n<div><iframe loading=\"lazy\" src=\"https:\/\/www.youtube.com\/embed\/w5FxYMk6Qq0\" width=\"560\" height=\"315\" frameborder=\"0\" allowfullscreen=\"allowfullscreen\" data-mce-fragment=\"1\"><\/iframe><\/div>\n<p>&nbsp;<\/p>\n","protected":false},"excerpt":{"rendered":"<p>T\u00fcrkiy\u0259nin paytaxt\u0131 Ankarada \u0130srail s\u0259firliyin\u0259 h\u00fccum etm\u0259k ist\u0259y\u0259n \u015f\u0259xs yaxalan\u0131b. ARANTV.AZ oxu.az-a istinad\u0259n x\u0259b\u0259r verir ki, 45 ya\u015fl\u0131 Ayd\u0131n adl\u0131 \u015f\u0259xsin traktorla s\u0259firliyin binas\u0131na do\u011fru ir\u0259lil\u0259diyi bildirilib. Traktora T\u00fcrkiy\u0259 B\u00f6y\u00fck Mill\u0259t M\u0259clisinin binas\u0131 yax\u0131nl\u0131\u011f\u0131nda at\u0259\u015f a\u00e7\u0131l\u0131b v\u0259 dayand\u0131r\u0131l\u0131b. S\u00fcr\u00fcc\u00fcn\u00fcn yaral\u0131 oldu\u011fu qeyd edilib. Hadis\u0259 zaman\u0131 be\u015f\u00a0avtomobil\u0259 ciddi ziyan d\u0259yib. Apar\u0131lan axtar\u0131\u015flar zaman\u0131 avtomobild\u0259 partlay\u0131c\u0131 madd\u0259 a\u015fkar edilm\u0259yib. \u0130nsidentin s\u0259b\u0259bl\u0259ri m\u0259lum deyil. &nbsp;<\/p>\n","protected":false},"author":2,"featured_media":19321,"comment_status":"closed","ping_status":"closed","sticky":false,"template":"","format":"standard","meta":{"om_disable_all_campaigns":false,"_monsterinsights_skip_tracking":false,"_monsterinsights_sitenote_active":false,"_monsterinsights_sitenote_note":"","_monsterinsights_sitenote_category":0},"categories":[7],"tags":[],"aioseo_notices":[],"gutentor_comment":0,"rttpg_featured_image_url":{"full":["https:\/\/arantv.az\/wp-content\/uploads\/2018\/10\/ankara.jpg",620,349,false],"landscape":["https:\/\/arantv.az\/wp-content\/uploads\/2018\/10\/ankara.jpg",620,349,false],"portraits":["https:\/\/arantv.az\/wp-content\/uploads\/2018\/10\/ankara.jpg",620,349,false],"thumbnail":["https:\/\/arantv.az\/wp-content\/uploads\/2018\/10\/ankara-150x150.jpg",150,150,true],"medium":["https:\/\/arantv.az\/wp-content\/uploads\/2018\/10\/ankara-300x169.jpg",300,169,true],"large":["https:\/\/arantv.az\/wp-content\/uploads\/2018\/10\/ankara.jpg",620,349,false],"1536x1536":["https:\/\/arantv.az\/wp-content\/uploads\/2018\/10\/ankara.jpg",620,349,false],"2048x2048":["https:\/\/arantv.az\/wp-content\/uploads\/2018\/10\/ankara.jpg",620,349,false],"post-thumbnail":["https:\/\/arantv.az\/wp-content\/uploads\/2018\/10\/ankara-240x172.jpg",240,172,true],"advps-thumb-one":["https:\/\/arantv.az\/wp-content\/uploads\/2018\/10\/ankara.jpg",620,349,false]},"rttpg_author":{"display_name":"V\u00fcsal Rafiqo\u011flu","author_link":"https:\/\/arantv.az\/?author=2"},"rttpg_comment":0,"rttpg_category":"<a href=\"https:\/\/arantv.az\/?cat=7\" rel=\"category\">D\u00fcnya<\/a>","rttpg_excerpt":"T\u00fcrkiy\u0259nin paytaxt\u0131 Ankarada \u0130srail s\u0259firliyin\u0259 h\u00fccum etm\u0259k ist\u0259y\u0259n \u015f\u0259xs yaxalan\u0131b. ARANTV.AZ oxu.az-a istinad\u0259n x\u0259b\u0259r verir ki, 45 ya\u015fl\u0131 Ayd\u0131n adl\u0131 \u015f\u0259xsin traktorla s\u0259firliyin binas\u0131na do\u011fru ir\u0259lil\u0259diyi bildirilib. Traktora T\u00fcrkiy\u0259 B\u00f6y\u00fck Mill\u0259t M\u0259clisinin binas\u0131 yax\u0131nl\u0131\u011f\u0131nda at\u0259\u015f a\u00e7\u0131l\u0131b v\u0259 dayand\u0131r\u0131l\u0131b. S\u00fcr\u00fcc\u00fcn\u00fcn yaral\u0131 oldu\u011fu qeyd edilib. Hadis\u0259 zaman\u0131 be\u015f\u00a0avtomobil\u0259 ciddi ziyan d\u0259yib. Apar\u0131lan axtar\u0131\u015flar zaman\u0131 avtomobild\u0259 partlay\u0131c\u0131 madd\u0259&hellip;","_links":{"self":[{"href":"https:\/\/arantv.az\/index.php?rest_route=\/wp\/v2\/posts\/19320"}],"collection":[{"href":"https:\/\/arantv.az\/index.php?rest_route=\/wp\/v2\/posts"}],"about":[{"href":"https:\/\/arantv.az\/index.php?rest_route=\/wp\/v2\/types\/post"}],"author":[{"embeddable":true,"href":"https:\/\/arantv.az\/index.php?rest_route=\/wp\/v2\/users\/2"}],"replies":[{"embeddable":true,"href":"https:\/\/arantv.az\/index.php?rest_route=%2Fwp%2Fv2%2Fcomments&post=19320"}],"version-history":[{"count":0,"href":"https:\/\/arantv.az\/index.php?rest_route=\/wp\/v2\/posts\/19320\/revisions"}],"wp:featuredmedia":[{"embeddable":true,"href":"https:\/\/arantv.az\/index.php?rest_route=\/wp\/v2\/media\/19321"}],"wp:attachment":[{"href":"https:\/\/arantv.az\/index.php?rest_route=%2Fwp%2Fv2%2Fmedia&parent=19320"}],"wp:term":[{"taxonomy":"category","embeddable":true,"href":"https:\/\/arantv.az\/index.php?rest_route=%2Fwp%2Fv2%2Fcategories&post=19320"},{"taxonomy":"post_tag","embeddable":true,"href":"https:\/\/arantv.az\/index.php?rest_route=%2Fwp%2Fv2%2Ftags&post=19320"}],"curies":[{"name":"wp","href":"https:\/\/api.w.org\/{rel}","templated":true}]}}