{"id":19326,"date":"2018-10-16T15:08:12","date_gmt":"2018-10-16T12:08:12","guid":{"rendered":"http:\/\/arantv.az\/?p=19326"},"modified":"2018-10-16T15:08:12","modified_gmt":"2018-10-16T12:08:12","slug":"ekspert-erm%c9%99nistan-rusiyanin-geosiyasi-maraqlarina-horm%c9%99t-etm%c9%99diyini-numayis-etdirir","status":"publish","type":"post","link":"https:\/\/arantv.az\/?p=19326","title":{"rendered":"Ekspert: &#8220;Erm\u0259nistan Rusiyan\u0131n geosiyasi maraqlar\u0131na h\u00f6rm\u0259t etm\u0259diyini n\u00fcmayi\u015f etdirir&#8221;"},"content":{"rendered":"<p>&#8220;\u0130r\u0259vandak\u0131 Frankofoniya sammitinin yekun b\u0259yanat\u0131nda Ukraynan\u0131n \u0259razi b\u00fct\u00f6vl\u00fcy\u00fcn\u00fcn tan\u0131nmas\u0131, sammit \u00e7\u0259r\u00e7iv\u0259sind\u0259 Erm\u0259nistan prezidentinin Kosova r\u0259hb\u0259ri il\u0259 x\u00fcsusi g\u00f6r\u00fc\u015f\u00fc v\u0259 Serbiya prezidentinin sammit\u0259 g\u0259lm\u0259kd\u0259n imtinas\u0131 mahiyy\u0259tc\u0259 bir-birini tamamlayan hadis\u0259l\u0259rdir. Erm\u0259nistan\u0131n indiki r\u0259hb\u0259rliyinin aprel ay\u0131ndan ba\u015flayaraq Rusiyan\u0131n siyasi maraqlar\u0131na x\u0259yan\u0259tkar kursunun davam etdirildiyi g\u00f6z qaba\u011f\u0131ndad\u0131r&#8221;.<\/p>\n<p><strong>ARANTV.AZ\u00a0<\/strong> x\u0259b\u0259r verir ki, bunu trend-\u0259 a\u00e7\u0131qlamas\u0131nda &#8220;Bak\u0131 X\u0259b\u0259r&#8221; q\u0259zetinin ba\u015f redaktoru, siyasi ekspert\u00a0<strong>Ayd\u0131n Quliyev<\/strong>\u00a0deyib.<\/p>\n<p>A.Quliyev qeyd edib ki, Erm\u0259nistan beyn\u0259lxalq h\u00fcququn \u0259razi b\u00fct\u00f6vl\u00fcy\u00fc prinsipin\u0259 ikili standartla v\u0259 \u00f6z\u00fcn\u00fcn t\u0259cav\u00fczkar siyas\u0259tin\u0259 uy\u011fun selektiv qaydada yana\u015fd\u0131\u011f\u0131n\u0131 bir daha n\u00fcmayi\u015f etdirdi:<\/p>\n<p>&#8220;Erm\u0259nistan Kosova r\u0259hb\u0259rliyi il\u0259 g\u00f6r\u00fc\u015fl\u0259 Serbiyan\u0131n \u0259razi b\u00fct\u00f6vl\u00fcy\u00fcn\u0259 v\u0259 tarixi m\u00fctt\u0259fiqi sayd\u0131\u011f\u0131 Rusiyan\u0131n geosiyasi maraqlar\u0131na h\u00f6rm\u0259t etm\u0259diyini d\u0259 n\u00fcmayi\u015f etdirir, eyni zamanda Rusiyan\u0131n m\u0259nafel\u0259rin\u0259 arxadan z\u0259rb\u0259 vurur. Ukraynan\u0131n \u0259razi b\u00fct\u00f6vl\u00fcy\u00fcn\u0259 Erm\u0259nistan\u0131n d\u0259st\u0259yi beyn\u0259lxalq h\u00fcququn bu m\u00fch\u00fcm normas\u0131na h\u00f6rm\u0259t \u0259lam\u0259ti yox, Rusiyan\u0131n \u0259leyhin\u0259 getm\u0259k v\u0259 Q\u0259rbin m\u00fc\u0259yy\u0259n m\u0259rk\u0259zl\u0259rinin siyas\u0259tini h\u0259yata ke\u00e7irm\u0259k c\u0259hdidir. Erm\u0259nistan\u0131n indiki r\u0259hb\u0259rliyi beyn\u0259lxalq \u0259zazi b\u00fct\u00f6vl\u00fcy\u00fc prinsipin\u0259 birm\u0259nal\u0131 h\u00f6rm\u0259t ets\u0259ydi, Az\u0259rbaycana t\u0259cav\u00fczd\u0259n imtina ed\u0259r, i\u015f\u011fal edilmi\u015f torpaqlar\u0131m\u0131z\u0131 qaytarar, Az\u0259rbaycan\u0131n \u0259razi b\u00fct\u00f6vl\u00fcy\u00fc v\u0259 suverenliyin\u0259 h\u00f6rm\u0259t ed\u0259rdi&#8221;.<\/p>\n<p>Ekspert bildirib ki, Erm\u0259nistan\u0131n son davran\u0131\u015flar\u0131 Rusiya kimi tarixi m\u00fctt\u0259fiqin\u0259 a\u015fkar x\u0259yan\u0259t v\u0259 beyn\u0259lxalq \u0259razi b\u00fct\u00f6vl\u00fcy\u00fc prinsipin\u0259 ziddiyy\u0259tli m\u00fcnasib\u0259td\u0259n ba\u015fqa bir \u015fey deyil: &#8220;He\u00e7 c\u00fcr ba\u015fa d\u00fc\u015f\u00fcl\u0259n deyil ki, Erm\u0259nistan eyni vaxtda Ukraynan\u0131n \u0259razi b\u00fct\u00f6vl\u00fcy\u00fcn\u00fc d\u0259st\u0259kl\u0259yir, Serbiyan\u0131n \u0259razi b\u00fct\u00f6vl\u00fcy\u00fcn\u00fc pozan Kosova il\u0259 b\u0259rab\u0259rh\u00fcquqlu m\u00fcnasib\u0259tl\u0259r qurur, Az\u0259rbaycan\u0131n is\u0259 \u0259razi b\u00fct\u00f6vl\u00fcy\u00fcn\u00fc \u00fcmumiyy\u0259tl\u0259 tan\u0131maq ist\u0259mir. 21-ci \u0259srin ba\u015flan\u011f\u0131c\u0131 \u00fc\u00e7\u00fcn m\u00fctt\u0259fiql\u0259r\u0259 x\u0259yan\u0259t v\u0259 beyn\u0259lxalq \u0259razi b\u00fct\u00f6vl\u00fcy\u00fc prinsipin\u0259 ziddiyy\u0259tli m\u00fcnasib\u0259t bax\u0131m\u0131ndan Erm\u0259nistan q\u0259d\u0259r &#8220;parlaq&#8221; n\u00fcmun\u0259 g\u00f6st\u0259r\u0259n ikinci \u00f6lk\u0259 y\u0259qin ki, olmayacaq&#8221;.<\/p>\n<p>Ba\u015f redaktor vur\u011fulay\u0131b ki, d\u00fcnya Az\u0259rbaycan\u0131n v\u0259 Erm\u0259nistan\u0131n apard\u0131qlar\u0131 d\u00f6vl\u0259t siyas\u0259tl\u0259rini m\u00fcqayis\u0259 etm\u0259k \u00fc\u00e7\u00fcn tutarl\u0131 bir m\u0259qam \u0259ld\u0259 etdi:<\/p>\n<p>&#8220;Az\u0259rbaycan beyn\u0259lxalq \u0259razi b\u00fct\u00f6vl\u00fcy\u00fc prinsipin\u0259, m\u00fct\u0259ffiql\u0259r\u0259 v\u0259 t\u0259r\u0259fda\u015flara birm\u0259nal\u0131 h\u00f6rm\u0259t v\u0259 say\u011f\u0131 il\u0259 yana\u015fd\u0131\u011f\u0131 halda Erm\u0259nistan \u00f6z m\u00fctt\u0259fiql\u0259rin\u0259 a\u015fkar x\u0259yan\u0259t v\u0259 beyn\u0259lxalq h\u00fcquqa ziddiyy\u0259tli yana\u015fma m\u00f6vqeyi g\u00f6st\u0259rir. Bu \u00f6lk\u0259 \u00f6z\u00fcn\u0259 s\u0259rf ed\u0259n yerd\u0259 beyn\u0259lxalq \u0259razi b\u00fct\u00f6vl\u00fcy\u00fc prinsipini tan\u0131y\u0131r, \u00f6z m\u0259nafeyin\u0259 uy\u011fun olmayan yerd\u0259 is\u0259 onu pozur v\u0259 h\u0259tta m\u00fctt\u0259fiql\u0259rini d\u0259 ayaq alt\u0131na at\u0131r. \u018frazi b\u00fct\u00f6vl\u00fcy\u00fc prinsipin\u0259 ziddiyy\u0259tli m\u00fcnasib\u0259t Erm\u0259nistan\u0131n i\u015f\u011fal edilmi\u015f \u0259razil\u0259rimizd\u0259 yaratd\u0131\u011f\u0131 qondarma rejimi d\u00fcnyada tan\u0131tma\u011fa y\u00f6n\u0259lmi\u015f daha bir u\u011fursuz c\u0259hdinin ifad\u0259sidir. Az\u0259rbaycan\u0131n regionda v\u0259 d\u00fcnyada Rusiyan\u0131n yegan\u0259 etibarl\u0131 strateji m\u00fctt\u0259fiqi, Erm\u0259nistan\u0131n is\u0259 h\u0259r f\u00fcrs\u0259td\u0259 x\u0259yan\u0259tkarl\u0131\u011fa meyilli olmas\u0131 Frankafoniya kontekstind\u0259 bir daha t\u0259sdiql\u0259nir&#8221;.<\/p>\n","protected":false},"excerpt":{"rendered":"<p>&#8220;\u0130r\u0259vandak\u0131 Frankofoniya sammitinin yekun b\u0259yanat\u0131nda Ukraynan\u0131n \u0259razi b\u00fct\u00f6vl\u00fcy\u00fcn\u00fcn tan\u0131nmas\u0131, sammit \u00e7\u0259r\u00e7iv\u0259sind\u0259 Erm\u0259nistan prezidentinin Kosova r\u0259hb\u0259ri il\u0259 x\u00fcsusi g\u00f6r\u00fc\u015f\u00fc v\u0259 Serbiya prezidentinin sammit\u0259 g\u0259lm\u0259kd\u0259n imtinas\u0131 mahiyy\u0259tc\u0259 bir-birini tamamlayan hadis\u0259l\u0259rdir. Erm\u0259nistan\u0131n indiki r\u0259hb\u0259rliyinin aprel ay\u0131ndan ba\u015flayaraq Rusiyan\u0131n siyasi maraqlar\u0131na x\u0259yan\u0259tkar kursunun davam etdirildiyi g\u00f6z qaba\u011f\u0131ndad\u0131r&#8221;. ARANTV.AZ\u00a0 x\u0259b\u0259r verir ki, bunu trend-\u0259 a\u00e7\u0131qlamas\u0131nda &#8220;Bak\u0131 X\u0259b\u0259r&#8221; q\u0259zetinin ba\u015f redaktoru, siyasi ekspert\u00a0Ayd\u0131n Quliyev\u00a0deyib. A.Quliyev qeyd edib ki, Erm\u0259nistan beyn\u0259lxalq h\u00fcququn \u0259razi b\u00fct\u00f6vl\u00fcy\u00fc prinsipin\u0259 ikili standartla v\u0259 \u00f6z\u00fcn\u00fcn t\u0259cav\u00fczkar siyas\u0259tin\u0259 uy\u011fun selektiv qaydada yana\u015fd\u0131\u011f\u0131n\u0131 bir daha n\u00fcmayi\u015f etdirdi: &#8220;Erm\u0259nistan Kosova r\u0259hb\u0259rliyi il\u0259 g\u00f6r\u00fc\u015fl\u0259 Serbiyan\u0131n \u0259razi b\u00fct\u00f6vl\u00fcy\u00fcn\u0259&hellip;<\/p>\n","protected":false},"author":2,"featured_media":19327,"comment_status":"closed","ping_status":"closed","sticky":false,"template":"","format":"standard","meta":{"om_disable_all_campaigns":false,"_monsterinsights_skip_tracking":false,"_monsterinsights_sitenote_active":false,"_monsterinsights_sitenote_note":"","_monsterinsights_sitenote_category":0},"categories":[4],"tags":[],"aioseo_notices":[],"gutentor_comment":0,"rttpg_featured_image_url":{"full":["https:\/\/arantv.az\/wp-content\/uploads\/2018\/10\/aydin_quliyev_0582-2.jpg",800,600,false],"landscape":["https:\/\/arantv.az\/wp-content\/uploads\/2018\/10\/aydin_quliyev_0582-2.jpg",800,600,false],"portraits":["https:\/\/arantv.az\/wp-content\/uploads\/2018\/10\/aydin_quliyev_0582-2.jpg",800,600,false],"thumbnail":["https:\/\/arantv.az\/wp-content\/uploads\/2018\/10\/aydin_quliyev_0582-2-150x150.jpg",150,150,true],"medium":["https:\/\/arantv.az\/wp-content\/uploads\/2018\/10\/aydin_quliyev_0582-2-300x225.jpg",300,225,true],"large":["https:\/\/arantv.az\/wp-content\/uploads\/2018\/10\/aydin_quliyev_0582-2.jpg",640,480,false],"1536x1536":["https:\/\/arantv.az\/wp-content\/uploads\/2018\/10\/aydin_quliyev_0582-2.jpg",800,600,false],"2048x2048":["https:\/\/arantv.az\/wp-content\/uploads\/2018\/10\/aydin_quliyev_0582-2.jpg",800,600,false],"post-thumbnail":["https:\/\/arantv.az\/wp-content\/uploads\/2018\/10\/aydin_quliyev_0582-2-240x172.jpg",240,172,true],"advps-thumb-one":["https:\/\/arantv.az\/wp-content\/uploads\/2018\/10\/aydin_quliyev_0582-2.jpg",800,600,false]},"rttpg_author":{"display_name":"V\u00fcsal Rafiqo\u011flu","author_link":"https:\/\/arantv.az\/?author=2"},"rttpg_comment":0,"rttpg_category":"<a href=\"https:\/\/arantv.az\/?cat=4\" rel=\"category\">Siyas\u0259t<\/a>","rttpg_excerpt":"&#8220;\u0130r\u0259vandak\u0131 Frankofoniya sammitinin yekun b\u0259yanat\u0131nda Ukraynan\u0131n \u0259razi b\u00fct\u00f6vl\u00fcy\u00fcn\u00fcn tan\u0131nmas\u0131, sammit \u00e7\u0259r\u00e7iv\u0259sind\u0259 Erm\u0259nistan prezidentinin Kosova r\u0259hb\u0259ri il\u0259 x\u00fcsusi g\u00f6r\u00fc\u015f\u00fc v\u0259 Serbiya prezidentinin sammit\u0259 g\u0259lm\u0259kd\u0259n imtinas\u0131 mahiyy\u0259tc\u0259 bir-birini tamamlayan hadis\u0259l\u0259rdir. Erm\u0259nistan\u0131n indiki r\u0259hb\u0259rliyinin aprel ay\u0131ndan ba\u015flayaraq Rusiyan\u0131n siyasi maraqlar\u0131na x\u0259yan\u0259tkar kursunun davam etdirildiyi g\u00f6z qaba\u011f\u0131ndad\u0131r&#8221;. ARANTV.AZ\u00a0 x\u0259b\u0259r verir ki, bunu trend-\u0259 a\u00e7\u0131qlamas\u0131nda &#8220;Bak\u0131 X\u0259b\u0259r&#8221; q\u0259zetinin ba\u015f redaktoru,&hellip;","_links":{"self":[{"href":"https:\/\/arantv.az\/index.php?rest_route=\/wp\/v2\/posts\/19326"}],"collection":[{"href":"https:\/\/arantv.az\/index.php?rest_route=\/wp\/v2\/posts"}],"about":[{"href":"https:\/\/arantv.az\/index.php?rest_route=\/wp\/v2\/types\/post"}],"author":[{"embeddable":true,"href":"https:\/\/arantv.az\/index.php?rest_route=\/wp\/v2\/users\/2"}],"replies":[{"embeddable":true,"href":"https:\/\/arantv.az\/index.php?rest_route=%2Fwp%2Fv2%2Fcomments&post=19326"}],"version-history":[{"count":0,"href":"https:\/\/arantv.az\/index.php?rest_route=\/wp\/v2\/posts\/19326\/revisions"}],"wp:featuredmedia":[{"embeddable":true,"href":"https:\/\/arantv.az\/index.php?rest_route=\/wp\/v2\/media\/19327"}],"wp:attachment":[{"href":"https:\/\/arantv.az\/index.php?rest_route=%2Fwp%2Fv2%2Fmedia&parent=19326"}],"wp:term":[{"taxonomy":"category","embeddable":true,"href":"https:\/\/arantv.az\/index.php?rest_route=%2Fwp%2Fv2%2Fcategories&post=19326"},{"taxonomy":"post_tag","embeddable":true,"href":"https:\/\/arantv.az\/index.php?rest_route=%2Fwp%2Fv2%2Ftags&post=19326"}],"curies":[{"name":"wp","href":"https:\/\/api.w.org\/{rel}","templated":true}]}}