{"id":193753,"date":"2020-07-21T08:56:12","date_gmt":"2020-07-21T05:56:12","guid":{"rendered":"http:\/\/arantv.az\/?p=193753"},"modified":"2020-07-21T08:56:12","modified_gmt":"2020-07-21T05:56:12","slug":"karantind%c9%99n-sonra-goz%c9%99llik-salonlarinin-ilk-is-gunu-videoreportaj","status":"publish","type":"post","link":"https:\/\/arantv.az\/?p=193753","title":{"rendered":"Karantind\u0259n sonra g\u00f6z\u0259llik salonlar\u0131n\u0131n ilk i\u015f g\u00fcn\u00fc &#8211; V\u0130DEOREPORTAJ"},"content":{"rendered":"<p>S\u0259rt karantin rejimi t\u0259tbiq olundu, bir \u00e7ox i\u015f sah\u0259l\u0259ri, ticar\u0259t obyektl\u0259rinin f\u0259aliyy\u0259ti dayand\u0131r\u0131ld\u0131, amma art\u0131q sa\u011falanlar\u0131n say\u0131 yoluxanlar\u0131n say\u0131n\u0131 ke\u00e7dikc\u0259\u00a0karantin qaydalar\u0131 da\u00a0 yum\u015fald\u0131lma\u011fa ba\u015flay\u0131r.<\/p>\n<article class=\"news\">\n<div class=\"news-inner\">\n<p>\u0130lk olaraq g\u00f6z\u0259llik salonlar\u0131, b\u0259rb\u0259rxanalar\u0131n f\u0259aliyy\u0259ti b\u0259rpa olundu. El\u0259 ilk g\u00fcnd\u0259n\u00a0x\u0259b\u0259ri e\u015fid\u0259n salona \u00fcz tutub.<\/p>\n<p>Baku TV \u0259m\u0259kda\u015flar\u0131 da paytaxtda f\u0259aliyy\u0259t g\u00f6st\u0259r\u0259n bir s\u0131ra b\u0259rb\u0259r v\u0259 g\u00f6z\u0259llik salonlar\u0131nda olub, m\u00fc\u015fahid\u0259l\u0259r apar\u0131blar.<\/p>\n<div><iframe loading=\"lazy\" src=\"https:\/\/www.youtube.com\/embed\/nWXrVoXHnac\" width=\"560\" height=\"315\" frameborder=\"0\" allowfullscreen=\"allowfullscreen\" data-mce-fragment=\"1\"><\/iframe><\/div>\n<\/div>\n<\/article>\n<h2 class=\"news-share-title\"><\/h2>\n","protected":false},"excerpt":{"rendered":"<p>S\u0259rt karantin rejimi t\u0259tbiq olundu, bir \u00e7ox i\u015f sah\u0259l\u0259ri, ticar\u0259t obyektl\u0259rinin f\u0259aliyy\u0259ti dayand\u0131r\u0131ld\u0131, amma art\u0131q sa\u011falanlar\u0131n say\u0131 yoluxanlar\u0131n say\u0131n\u0131 ke\u00e7dikc\u0259\u00a0karantin qaydalar\u0131 da\u00a0 yum\u015fald\u0131lma\u011fa ba\u015flay\u0131r. \u0130lk olaraq g\u00f6z\u0259llik salonlar\u0131, b\u0259rb\u0259rxanalar\u0131n f\u0259aliyy\u0259ti b\u0259rpa olundu. El\u0259 ilk g\u00fcnd\u0259n\u00a0x\u0259b\u0259ri e\u015fid\u0259n salona \u00fcz tutub. Baku TV \u0259m\u0259kda\u015flar\u0131 da paytaxtda f\u0259aliyy\u0259t g\u00f6st\u0259r\u0259n bir s\u0131ra b\u0259rb\u0259r v\u0259 g\u00f6z\u0259llik salonlar\u0131nda olub, m\u00fc\u015fahid\u0259l\u0259r apar\u0131blar.<\/p>\n","protected":false},"author":2,"featured_media":193754,"comment_status":"closed","ping_status":"closed","sticky":false,"template":"","format":"standard","meta":{"om_disable_all_campaigns":false,"_monsterinsights_skip_tracking":false,"_monsterinsights_sitenote_active":false,"_monsterinsights_sitenote_note":"","_monsterinsights_sitenote_category":0},"categories":[26],"tags":[],"aioseo_notices":[],"gutentor_comment":0,"rttpg_featured_image_url":{"full":["https:\/\/arantv.az\/wp-content\/uploads\/2020\/07\/109685393_665365530715782_7809016226021491843_n.jpg",620,349,false],"landscape":["https:\/\/arantv.az\/wp-content\/uploads\/2020\/07\/109685393_665365530715782_7809016226021491843_n.jpg",620,349,false],"portraits":["https:\/\/arantv.az\/wp-content\/uploads\/2020\/07\/109685393_665365530715782_7809016226021491843_n.jpg",620,349,false],"thumbnail":["https:\/\/arantv.az\/wp-content\/uploads\/2020\/07\/109685393_665365530715782_7809016226021491843_n-150x150.jpg",150,150,true],"medium":["https:\/\/arantv.az\/wp-content\/uploads\/2020\/07\/109685393_665365530715782_7809016226021491843_n-300x169.jpg",300,169,true],"large":["https:\/\/arantv.az\/wp-content\/uploads\/2020\/07\/109685393_665365530715782_7809016226021491843_n.jpg",620,349,false],"1536x1536":["https:\/\/arantv.az\/wp-content\/uploads\/2020\/07\/109685393_665365530715782_7809016226021491843_n.jpg",620,349,false],"2048x2048":["https:\/\/arantv.az\/wp-content\/uploads\/2020\/07\/109685393_665365530715782_7809016226021491843_n.jpg",620,349,false],"post-thumbnail":["https:\/\/arantv.az\/wp-content\/uploads\/2020\/07\/109685393_665365530715782_7809016226021491843_n-240x172.jpg",240,172,true],"advps-thumb-one":["https:\/\/arantv.az\/wp-content\/uploads\/2020\/07\/109685393_665365530715782_7809016226021491843_n.jpg",620,349,false]},"rttpg_author":{"display_name":"V\u00fcsal Rafiqo\u011flu","author_link":"https:\/\/arantv.az\/?author=2"},"rttpg_comment":0,"rttpg_category":"<a href=\"https:\/\/arantv.az\/?cat=26\" rel=\"category\">Sosial<\/a>","rttpg_excerpt":"S\u0259rt karantin rejimi t\u0259tbiq olundu, bir \u00e7ox i\u015f sah\u0259l\u0259ri, ticar\u0259t obyektl\u0259rinin f\u0259aliyy\u0259ti dayand\u0131r\u0131ld\u0131, amma art\u0131q sa\u011falanlar\u0131n say\u0131 yoluxanlar\u0131n say\u0131n\u0131 ke\u00e7dikc\u0259\u00a0karantin qaydalar\u0131 da\u00a0 yum\u015fald\u0131lma\u011fa ba\u015flay\u0131r. \u0130lk olaraq g\u00f6z\u0259llik salonlar\u0131, b\u0259rb\u0259rxanalar\u0131n f\u0259aliyy\u0259ti b\u0259rpa olundu. El\u0259 ilk g\u00fcnd\u0259n\u00a0x\u0259b\u0259ri e\u015fid\u0259n salona \u00fcz tutub. Baku TV \u0259m\u0259kda\u015flar\u0131 da paytaxtda f\u0259aliyy\u0259t g\u00f6st\u0259r\u0259n bir s\u0131ra b\u0259rb\u0259r v\u0259 g\u00f6z\u0259llik salonlar\u0131nda olub, m\u00fc\u015fahid\u0259l\u0259r apar\u0131blar.","_links":{"self":[{"href":"https:\/\/arantv.az\/index.php?rest_route=\/wp\/v2\/posts\/193753"}],"collection":[{"href":"https:\/\/arantv.az\/index.php?rest_route=\/wp\/v2\/posts"}],"about":[{"href":"https:\/\/arantv.az\/index.php?rest_route=\/wp\/v2\/types\/post"}],"author":[{"embeddable":true,"href":"https:\/\/arantv.az\/index.php?rest_route=\/wp\/v2\/users\/2"}],"replies":[{"embeddable":true,"href":"https:\/\/arantv.az\/index.php?rest_route=%2Fwp%2Fv2%2Fcomments&post=193753"}],"version-history":[{"count":0,"href":"https:\/\/arantv.az\/index.php?rest_route=\/wp\/v2\/posts\/193753\/revisions"}],"wp:featuredmedia":[{"embeddable":true,"href":"https:\/\/arantv.az\/index.php?rest_route=\/wp\/v2\/media\/193754"}],"wp:attachment":[{"href":"https:\/\/arantv.az\/index.php?rest_route=%2Fwp%2Fv2%2Fmedia&parent=193753"}],"wp:term":[{"taxonomy":"category","embeddable":true,"href":"https:\/\/arantv.az\/index.php?rest_route=%2Fwp%2Fv2%2Fcategories&post=193753"},{"taxonomy":"post_tag","embeddable":true,"href":"https:\/\/arantv.az\/index.php?rest_route=%2Fwp%2Fv2%2Ftags&post=193753"}],"curies":[{"name":"wp","href":"https:\/\/api.w.org\/{rel}","templated":true}]}}