{"id":19396,"date":"2018-10-17T08:41:46","date_gmt":"2018-10-17T05:41:46","guid":{"rendered":"http:\/\/arantv.az\/?p=19396"},"modified":"2018-10-17T08:41:46","modified_gmt":"2018-10-17T05:41:46","slug":"hulusi-kilic-qarabag-ugrunda-s%c9%99hid-olmaga-haziram","status":"publish","type":"post","link":"https:\/\/arantv.az\/?p=19396","title":{"rendered":"Hulusi K\u0131l\u0131\u00e7: Qaraba\u011f u\u011frunda \u015f\u0259hid olma\u011fa haz\u0131ram"},"content":{"rendered":"<p>Az\u0259rbaycan m\u0259nim ikinci v\u0259t\u0259nimdir. Qaraba\u011f \u00fc\u00e7\u00fcn \u015f\u0259hid olma\u011fa haz\u0131ram.<\/p>\n<p><b>ARANTV.AZ\u00a0 <\/b>oxu.az-a\u00a0istinad\u0259n x\u0259b\u0259r verir ki, bunu T\u00fcrkiy\u0259nin Az\u0259rbaycandak\u0131 sabiq s\u0259firi\u00a0<strong>Hulusi K\u0131l\u0131\u00e7<\/strong>\u00a0Tokat \u015f\u0259h\u0259rind\u0259 ADR-in yaranmas\u0131n\u0131n 100 illiyi m\u00fcnasib\u0259ti il\u0259 ke\u00e7iril\u0259n kitab s\u0259rgisinin a\u00e7\u0131l\u0131\u015f\u0131nda \u00e7\u0131x\u0131\u015f\u0131 zaman\u0131 deyib.<\/p>\n<p>Az\u0259rbaycan\u0131 Respublika g\u00fcn\u00fc m\u00fcnasib\u0259til\u0259 t\u0259brik ed\u0259n sabiq s\u0259fir \u00e7\u0131x\u0131\u015f\u0131 zaman\u0131 Da\u011fl\u0131q Qaraba\u011f m\u00fcnaqi\u015f\u0259sin\u0259 d\u0259 diqq\u0259t \u00e7\u0259kib v\u0259 deyib ki, Erm\u0259nistan-T\u00fcrkiy\u0259 s\u0259rh\u0259dini Az\u0259rbaycana g\u00f6r\u0259 ba\u011flay\u0131blar:<\/p>\n<p>\u201cD\u00fcnyada ikinci bel\u0259 bir \u00f6lk\u0259 yoxdur ki, dig\u0259r d\u00f6vl\u0259t\u0259 g\u00f6r\u0259 \u00f6z s\u0259rh\u0259dini ba\u011flas\u0131n. Bu, T\u00fcrkiy\u0259 v\u0259 Az\u0259rbaycan\u0131n bir-birin\u0259 n\u0259 d\u0259r\u0259c\u0259d\u0259 yax\u0131n olmas\u0131n\u0131n s\u00fcbutudur\u201d.<\/p>\n<p>2008-2012-ci ill\u0259rd\u0259 T\u00fcrkiy\u0259nin Az\u0259rbaycandak\u0131 s\u0259firi olmu\u015f K\u0131l\u0131\u00e7 h\u0259mi\u015f\u0259 Az\u0259rbaycan\u0131n maraqlar\u0131n\u0131n m\u00fcdafi\u0259sind\u0259 durma\u011fa v\u0259 Qaraba\u011fa g\u00f6r\u0259 can\u0131ndan ke\u00e7m\u0259y\u0259 haz\u0131r oldu\u011funu bildirib:<\/p>\n<p>\u201cM\u0259n Az\u0259rbaycanda be\u015f il\u0259 yax\u0131n s\u0259fir v\u0259zif\u0259sind\u0259 \u00e7al\u0131\u015fd\u0131m, Az\u0259rbaycan\u0131n d\u00f6vl\u0259t ordeni il\u0259 t\u0259ltif olunan ilk xarici s\u0259fir\u0259m. O bax\u0131mdan, m\u0259nim \u00fc\u00e7\u00fcn Az\u0259rbaycan bir v\u0259t\u0259ndir, cand\u0131r, m\u0259nim ikinci v\u0259t\u0259nimdir.<\/p>\n<p>Az\u0259rbaycan \u00fc\u00e7\u00fcn d\u0259, Qaraba\u011f \u00fc\u00e7\u00fcn d\u0259 \u015f\u0259hid olma\u011fa haz\u0131r oldu\u011fumu kameralar \u00f6n\u00fcnd\u0259 s\u00f6yl\u0259mi\u015f\u0259m\u201d.<\/p>\n","protected":false},"excerpt":{"rendered":"<p>Az\u0259rbaycan m\u0259nim ikinci v\u0259t\u0259nimdir. Qaraba\u011f \u00fc\u00e7\u00fcn \u015f\u0259hid olma\u011fa haz\u0131ram. ARANTV.AZ\u00a0 oxu.az-a\u00a0istinad\u0259n x\u0259b\u0259r verir ki, bunu T\u00fcrkiy\u0259nin Az\u0259rbaycandak\u0131 sabiq s\u0259firi\u00a0Hulusi K\u0131l\u0131\u00e7\u00a0Tokat \u015f\u0259h\u0259rind\u0259 ADR-in yaranmas\u0131n\u0131n 100 illiyi m\u00fcnasib\u0259ti il\u0259 ke\u00e7iril\u0259n kitab s\u0259rgisinin a\u00e7\u0131l\u0131\u015f\u0131nda \u00e7\u0131x\u0131\u015f\u0131 zaman\u0131 deyib. Az\u0259rbaycan\u0131 Respublika g\u00fcn\u00fc m\u00fcnasib\u0259til\u0259 t\u0259brik ed\u0259n sabiq s\u0259fir \u00e7\u0131x\u0131\u015f\u0131 zaman\u0131 Da\u011fl\u0131q Qaraba\u011f m\u00fcnaqi\u015f\u0259sin\u0259 d\u0259 diqq\u0259t \u00e7\u0259kib v\u0259 deyib ki, Erm\u0259nistan-T\u00fcrkiy\u0259 s\u0259rh\u0259dini Az\u0259rbaycana g\u00f6r\u0259 ba\u011flay\u0131blar: \u201cD\u00fcnyada ikinci bel\u0259 bir \u00f6lk\u0259 yoxdur ki, dig\u0259r d\u00f6vl\u0259t\u0259 g\u00f6r\u0259 \u00f6z s\u0259rh\u0259dini ba\u011flas\u0131n. Bu, T\u00fcrkiy\u0259 v\u0259 Az\u0259rbaycan\u0131n bir-birin\u0259 n\u0259 d\u0259r\u0259c\u0259d\u0259 yax\u0131n olmas\u0131n\u0131n s\u00fcbutudur\u201d. 2008-2012-ci ill\u0259rd\u0259 T\u00fcrkiy\u0259nin Az\u0259rbaycandak\u0131 s\u0259firi olmu\u015f K\u0131l\u0131\u00e7 h\u0259mi\u015f\u0259 Az\u0259rbaycan\u0131n&hellip;<\/p>\n","protected":false},"author":2,"featured_media":19397,"comment_status":"closed","ping_status":"closed","sticky":false,"template":"","format":"standard","meta":{"om_disable_all_campaigns":false,"_monsterinsights_skip_tracking":false,"_monsterinsights_sitenote_active":false,"_monsterinsights_sitenote_note":"","_monsterinsights_sitenote_category":0},"categories":[4],"tags":[],"aioseo_notices":[],"gutentor_comment":0,"rttpg_featured_image_url":{"full":["https:\/\/arantv.az\/wp-content\/uploads\/2018\/10\/Clipboard02-1.jpg",620,462,false],"landscape":["https:\/\/arantv.az\/wp-content\/uploads\/2018\/10\/Clipboard02-1.jpg",620,462,false],"portraits":["https:\/\/arantv.az\/wp-content\/uploads\/2018\/10\/Clipboard02-1.jpg",620,462,false],"thumbnail":["https:\/\/arantv.az\/wp-content\/uploads\/2018\/10\/Clipboard02-1-150x150.jpg",150,150,true],"medium":["https:\/\/arantv.az\/wp-content\/uploads\/2018\/10\/Clipboard02-1-300x224.jpg",300,224,true],"large":["https:\/\/arantv.az\/wp-content\/uploads\/2018\/10\/Clipboard02-1.jpg",620,462,false],"1536x1536":["https:\/\/arantv.az\/wp-content\/uploads\/2018\/10\/Clipboard02-1.jpg",620,462,false],"2048x2048":["https:\/\/arantv.az\/wp-content\/uploads\/2018\/10\/Clipboard02-1.jpg",620,462,false],"post-thumbnail":["https:\/\/arantv.az\/wp-content\/uploads\/2018\/10\/Clipboard02-1-240x172.jpg",240,172,true],"advps-thumb-one":["https:\/\/arantv.az\/wp-content\/uploads\/2018\/10\/Clipboard02-1.jpg",620,462,false]},"rttpg_author":{"display_name":"V\u00fcsal Rafiqo\u011flu","author_link":"https:\/\/arantv.az\/?author=2"},"rttpg_comment":0,"rttpg_category":"<a href=\"https:\/\/arantv.az\/?cat=4\" rel=\"category\">Siyas\u0259t<\/a>","rttpg_excerpt":"Az\u0259rbaycan m\u0259nim ikinci v\u0259t\u0259nimdir. Qaraba\u011f \u00fc\u00e7\u00fcn \u015f\u0259hid olma\u011fa haz\u0131ram. ARANTV.AZ\u00a0 oxu.az-a\u00a0istinad\u0259n x\u0259b\u0259r verir ki, bunu T\u00fcrkiy\u0259nin Az\u0259rbaycandak\u0131 sabiq s\u0259firi\u00a0Hulusi K\u0131l\u0131\u00e7\u00a0Tokat \u015f\u0259h\u0259rind\u0259 ADR-in yaranmas\u0131n\u0131n 100 illiyi m\u00fcnasib\u0259ti il\u0259 ke\u00e7iril\u0259n kitab s\u0259rgisinin a\u00e7\u0131l\u0131\u015f\u0131nda \u00e7\u0131x\u0131\u015f\u0131 zaman\u0131 deyib. Az\u0259rbaycan\u0131 Respublika g\u00fcn\u00fc m\u00fcnasib\u0259til\u0259 t\u0259brik ed\u0259n sabiq s\u0259fir \u00e7\u0131x\u0131\u015f\u0131 zaman\u0131 Da\u011fl\u0131q Qaraba\u011f m\u00fcnaqi\u015f\u0259sin\u0259 d\u0259 diqq\u0259t \u00e7\u0259kib v\u0259 deyib ki, Erm\u0259nistan-T\u00fcrkiy\u0259 s\u0259rh\u0259dini&hellip;","_links":{"self":[{"href":"https:\/\/arantv.az\/index.php?rest_route=\/wp\/v2\/posts\/19396"}],"collection":[{"href":"https:\/\/arantv.az\/index.php?rest_route=\/wp\/v2\/posts"}],"about":[{"href":"https:\/\/arantv.az\/index.php?rest_route=\/wp\/v2\/types\/post"}],"author":[{"embeddable":true,"href":"https:\/\/arantv.az\/index.php?rest_route=\/wp\/v2\/users\/2"}],"replies":[{"embeddable":true,"href":"https:\/\/arantv.az\/index.php?rest_route=%2Fwp%2Fv2%2Fcomments&post=19396"}],"version-history":[{"count":0,"href":"https:\/\/arantv.az\/index.php?rest_route=\/wp\/v2\/posts\/19396\/revisions"}],"wp:featuredmedia":[{"embeddable":true,"href":"https:\/\/arantv.az\/index.php?rest_route=\/wp\/v2\/media\/19397"}],"wp:attachment":[{"href":"https:\/\/arantv.az\/index.php?rest_route=%2Fwp%2Fv2%2Fmedia&parent=19396"}],"wp:term":[{"taxonomy":"category","embeddable":true,"href":"https:\/\/arantv.az\/index.php?rest_route=%2Fwp%2Fv2%2Fcategories&post=19396"},{"taxonomy":"post_tag","embeddable":true,"href":"https:\/\/arantv.az\/index.php?rest_route=%2Fwp%2Fv2%2Ftags&post=19396"}],"curies":[{"name":"wp","href":"https:\/\/api.w.org\/{rel}","templated":true}]}}