{"id":19405,"date":"2018-10-17T08:55:45","date_gmt":"2018-10-17T05:55:45","guid":{"rendered":"http:\/\/arantv.az\/?p=19405"},"modified":"2018-10-17T08:55:45","modified_gmt":"2018-10-17T05:55:45","slug":"respublika-veteranlar-t%c9%99skilatinin-yaradilmasinin-30-illik-yubileyi-qeyd-olunub","status":"publish","type":"post","link":"https:\/\/arantv.az\/?p=19405","title":{"rendered":"Respublika Veteranlar T\u0259\u015fkilat\u0131n\u0131n yarad\u0131lmas\u0131n\u0131n 30 illik yubileyi qeyd olunub"},"content":{"rendered":"<p><strong>ARANTV.AZ<\/strong> x\u0259b\u0259r verir ki, Az\u0259rbaycan Respublikas\u0131 M\u00fcharib\u0259, \u018fm\u0259k v\u0259 Silahl\u0131 Q\u00fcvv\u0259l\u0259r Veteranlar\u0131 T\u0259\u015fkilat\u0131 f\u0259aliyy\u0259t g\u00f6st\u0259rdiyi 30 il \u0259rzind\u0259 \u00f6lk\u0259mizin ictimai-siyasi h\u0259yat\u0131nda f\u0259al i\u015ftirak edib v\u0259 bu g\u00fcn d\u0259 y\u00fcks\u0259k f\u0259all\u0131\u011f\u0131 il\u0259 se\u00e7il\u0259n apar\u0131c\u0131 ictimai qurumlardan biridir. Haz\u0131rda s\u0131ralar\u0131nda m\u00fcharib\u0259, \u0259m\u0259k, Silahl\u0131 Q\u00fcvv\u0259l\u0259r v\u0259 h\u00fcquq-m\u00fchafiz\u0259 orqanlar\u0131 veteranlar\u0131 olmaqla, bir milyondan \u00e7ox \u00fczv\u00fc birl\u0259\u015fdir\u0259n T\u0259\u015fkilat\u0131n yubileyinin qeyd edilm\u0259si b\u00f6y\u00fck \u0259h\u0259miyy\u0259t da\u015f\u0131y\u0131r. Qurum v\u0259t\u0259np\u0259rv\u0259rlik t\u0259rbiy\u0259sini, el\u0259c\u0259 d\u0259 az\u0259rbaycan\u00e7\u0131l\u0131q m\u0259fkur\u0259sini g\u0259nc n\u0259sil aras\u0131nda t\u0259bli\u011f edir, \u00f6lk\u0259mizin \u0259razi b\u00fct\u00f6vl\u00fcy\u00fcn\u00fcn t\u0259min olunmas\u0131, erm\u0259ni fa\u015fizminin if\u015fas\u0131, el\u0259c\u0259 d\u0259 d\u00fcnyada s\u00fclh\u00fcn v\u0259 \u0259min-amanl\u0131\u011f\u0131n qorunub saxlan\u0131lmas\u0131na t\u00f6hf\u0259l\u0259r verir.<\/p>\n<p>Bu fikirl\u0259r Az\u0259rbaycan Respublikas\u0131 M\u00fcharib\u0259, \u018fm\u0259k v\u0259 Silahl\u0131 Q\u00fcvv\u0259l\u0259r Veteranlar\u0131 T\u0259\u015fkilat\u0131n\u0131n yarad\u0131lmas\u0131n\u0131n 30 illik yubileyi m\u00fcnasib\u0259til\u0259 oktyabr\u0131n 16-da D\u00f6vl\u0259t T\u0259hl\u00fck\u0259sizliyi Xidm\u0259tinin M\u0259d\u0259niyy\u0259t M\u0259rk\u0259zind\u0259 ke\u00e7iril\u0259n t\u0259dbird\u0259 s\u0259sl\u0259nib.<\/p>\n<p>Yubiley t\u0259dbirind\u0259 d\u00f6vl\u0259t v\u0259 h\u00f6kum\u0259t r\u0259smil\u0259ri, Milli M\u0259clisin deputatlar\u0131, B\u00f6y\u00fck V\u0259t\u0259n m\u00fcharib\u0259si veteran\u0131, Respublika Veteranlar T\u0259\u015fkilat\u0131n\u0131n s\u0259dri, general-polkovnik Tofiq A\u011fah\u00fcseynov, t\u0259\u015fkilat\u0131n \u00fczvl\u0259ri, ictimai qurumlar\u0131n t\u0259msil\u00e7il\u0259ri v\u0259 g\u0259ncl\u0259rl\u0259 yana\u015f\u0131, m\u00fcxt\u0259lif \u00f6lk\u0259l\u0259rin veteran qurumlar\u0131n\u0131n n\u00fcmay\u0259nd\u0259l\u0259ri i\u015ftirak edibl\u0259r.<\/p>\n<p>\u018fvv\u0259lc\u0259 respublikam\u0131z\u0131n \u0259razi b\u00fct\u00f6vl\u00fcy\u00fc, m\u00fcst\u0259qilliyi u\u011frunda \u015f\u0259hid olanlar\u0131n, \u0130kinci D\u00fcnya m\u00fcharib\u0259sind\u0259 h\u0259lak olmu\u015f insanlar\u0131n xatir\u0259si bir d\u0259qiq\u0259lik s\u00fckutla yad edilib, Az\u0259rbaycan\u0131n d\u00f6vl\u0259t himni s\u0259sl\u0259ndirilib.<\/p>\n<p>Sonra Bin\u0259q\u0259di rayonundak\u0131 83 n\u00f6mr\u0259li m\u0259kt\u0259b-liseyin \u015fagirdl\u0259rinin ifas\u0131nda \u0259d\u0259bi-b\u0259dii kompozisiya n\u00fcmayi\u015f olunub.<\/p>\n<p>Respublika Veteranlar T\u0259\u015fkilat\u0131n\u0131n s\u0259dr m\u00fcavini, ehtiyatda olan polkovnik C\u0259lil X\u0259lilov bu qurumun yarad\u0131lmas\u0131n\u0131n 30 illik yubileyi m\u00fcnasib\u0259til\u0259 \u0130kinci D\u00fcnya, \u018ffqan\u0131stan, Qaraba\u011f m\u00fcharib\u0259l\u0259rind\u0259 q\u0259hr\u0259manl\u0131q n\u00fcmayi\u015f etdirmi\u015f, V\u0259t\u0259n\u0259 can\u0131 bahas\u0131na xidm\u0259t etmi\u015f veteranlar\u0131 t\u0259\u015fkilat\u0131n s\u0259dri, general-polkovnik Tofiq A\u011fah\u00fcseynov ad\u0131ndan t\u0259brik edib.<\/p>\n<p>\u00d6lk\u0259mizd\u0259 veteran h\u0259r\u0259kat\u0131n\u0131n yaranmas\u0131 v\u0259 t\u0259\u015fkilat\u0131n f\u0259aliyy\u0259ti haqq\u0131nda dan\u0131\u015fan C\u0259lil X\u0259lilov qeyd edib ki, \u0130kinci D\u00fcnya m\u00fcharib\u0259sind\u0259 fa\u015fizm \u00fcz\u0259rind\u0259 Q\u0259l\u0259b\u0259nin qazan\u0131lmas\u0131na b\u00f6y\u00fck t\u00f6hf\u0259l\u0259r vermi\u015f veteranlara Az\u0259rbaycanda \u0259n y\u00fcks\u0259k diqq\u0259t v\u0259 qay\u011f\u0131n\u0131n g\u00f6st\u0259rilm\u0259si \u00fcmummilli lider Heyd\u0259r \u018fliyevin ad\u0131 il\u0259 ba\u011fl\u0131d\u0131r. Ulu \u00d6nd\u0259rin respublikaya r\u0259hb\u0259rliyinin birinci d\u00f6vr\u00fcnd\u0259 veteranlar t\u0259\u015fkilat\u0131n\u0131n f\u0259aliyy\u0259tind\u0259 canlanma yaran\u0131b v\u0259 bu h\u0259r\u0259kat b\u00fct\u00fcn \u00f6lk\u0259ni \u0259hat\u0259 edib. Dahi \u015f\u0259xsiyy\u0259tin V\u0259t\u0259n, xalq qar\u015f\u0131s\u0131nda xidm\u0259tl\u0259ri olan insanlara qay\u011f\u0131ke\u015f m\u00fcnasib\u0259ti, b\u00fct\u00fcn rayon v\u0259 \u015f\u0259h\u0259rl\u0259rd\u0259 veteran t\u0259\u015fkilatlar\u0131n\u0131n yaranmas\u0131na g\u00f6st\u0259rdiyi k\u00f6m\u0259k h\u0259r\u0259kat\u0131n y\u00fcks\u0259li\u015find\u0259 ba\u015fl\u0131ca rol oynay\u0131b.<\/p>\n<p>Diqq\u0259t\u0259 \u00e7atd\u0131r\u0131l\u0131b ki, 1987-ci ild\u0259 t\u0259sis olunan Respublika Veteranlar T\u0259\u015fkilat\u0131na h\u0259min vaxt general-mayor Mustafa N\u0259sirov s\u0259drlik edirdi. Ancaq 1990-c\u0131 ill\u0259rin \u0259vv\u0259ll\u0259rind\u0259 \u00f6lk\u0259d\u0259 ya\u015fanan h\u0259rc-m\u0259rclik Respublika Veteranlar T\u0259\u015fkilat\u0131n\u0131n f\u0259aliyy\u0259tin\u0259 d\u0259 m\u0259nfi t\u0259sir g\u00f6st\u0259rib. M\u0259hz \u00fcmummilli lider Heyd\u0259r \u018fliyevin xalq\u0131n t\u0259kidli t\u0259l\u0259bi il\u0259 Az\u0259rbaycana r\u0259hb\u0259rliy\u0259 qay\u0131tmas\u0131 il\u0259 veteranlar t\u0259\u015fkilat\u0131n\u0131n f\u0259aliyy\u0259ti b\u0259rpa olunub, 9 May \u2013 Q\u0259l\u0259b\u0259 G\u00fcn\u00fc yenid\u0259n d\u00f6vl\u0259t bayramlar\u0131 s\u0131ras\u0131na daxil edilib, m\u00fcharib\u0259 i\u015ftirak\u00e7\u0131lar\u0131n\u0131n v\u0259 \u0259lill\u0259rinin sosial m\u00fcdafi\u0259sinin g\u00fccl\u0259ndirilm\u0259si istiqam\u0259tind\u0259 ard\u0131c\u0131l v\u0259 m\u0259qs\u0259dy\u00f6nl\u00fc add\u0131mlar at\u0131l\u0131b.<\/p>\n<p>M\u00fcdrik d\u00f6vl\u0259t xadimi Heyd\u0259r \u018fliyevin 1994-c\u00fc il iyunun 28-d\u0259 imzalad\u0131\u011f\u0131 \u201cVeteranlar haqq\u0131nda\u201d Qanunda bu diqq\u0259t v\u0259 qay\u011f\u0131n\u0131n h\u00fcquqi \u0259saslar\u0131 m\u00fc\u0259yy\u0259nl\u0259\u015fdirilib. Onun veteranlara qay\u011f\u0131 siyas\u0259ti haz\u0131rda Prezident \u0130lham \u018fliyevin r\u0259hb\u0259rliyi il\u0259 u\u011furla davam etdirilir, veteranlara d\u00f6vl\u0259t qay\u011f\u0131s\u0131 yeni s\u0259viyy\u0259y\u0259 qald\u0131r\u0131l\u0131b. Bu qay\u011f\u0131n\u0131n \u0259n son n\u00fcmun\u0259si kimi Respublika Veteranlar T\u0259\u015fkilat\u0131na ayr\u0131lan inzibati binan\u0131, m\u00fcnt\u0259z\u0259m imzalanan s\u0259r\u0259ncamlar \u0259sas\u0131nda 1941-1945-ci ill\u0259r \u0130kinci D\u00fcnya m\u00fcharib\u0259si i\u015ftirak\u00e7\u0131lar\u0131na, fa\u015fizm \u00fcz\u0259rind\u0259 Q\u0259l\u0259b\u0259 m\u00fcnasib\u0259til\u0259 ayr\u0131lan bird\u0259f\u0259lik maddi yard\u0131m\u0131n v\u0259 pensiyalar\u0131n miqdar\u0131n\u0131n ild\u0259n-il\u0259 art\u0131r\u0131lmas\u0131n\u0131, veteranlar\u0131n v\u0259 m\u00fcharib\u0259 \u0259lill\u0259rinin m\u0259nzil v\u0259 avtomobill\u0259 t\u0259min edilm\u0259sini, onlara Prezident t\u0259qa\u00fcd\u00fcn\u00fcn verilm\u0259sini v\u0259 dig\u0259r m\u0259s\u0259l\u0259l\u0259ri qeyd etm\u0259k olar.<\/p>\n<p>Veteranlar\u0131n sosial m\u00fcdafi\u0259sinin t\u0259minind\u0259 b\u00fct\u00fcn d\u00f6vl\u0259t orqanlar\u0131n\u0131n k\u00f6m\u0259yini y\u00fcks\u0259k qiym\u0259tl\u0259ndir\u0259n, Prezidentin qay\u011f\u0131s\u0131n\u0131 x\u00fcsusi qeyd ed\u0259n C.X\u0259lilov, s\u0259m\u0259r\u0259li f\u0259aliyy\u0259tin t\u0259\u015fkilind\u0259 g\u00f6st\u0259ril\u0259n d\u0259st\u0259y\u0259 g\u00f6r\u0259 veteranlar ad\u0131ndan Az\u0259rbaycan Prezidenti \u0130lham \u018fliyev\u0259 v\u0259 birinci xan\u0131m Mehriban \u018fliyevaya minn\u0259tdarl\u0131\u011f\u0131n\u0131 bildirib. Vur\u011fulan\u0131b ki, Respublika Veteranlar T\u0259\u015fkilat\u0131n\u0131n f\u0259aliyy\u0259tinin s\u0259m\u0259r\u0259li qurulmas\u0131nda Prezident \u0130lham \u018fliyevin r\u0259hb\u0259rliyi il\u0259 veteranlara g\u00f6st\u0259ril\u0259n diqq\u0259t v\u0259 qay\u011f\u0131 m\u00fch\u00fcm rol oynay\u0131r. Prezident \u0130lham \u018fliyevin veteranlara h\u0259rt\u0259r\u0259fli qay\u011f\u0131 siyas\u0259tinin ba\u015fl\u0131ca m\u0259qs\u0259di v\u0259t\u0259np\u0259rv\u0259r insanlar\u0131n xidm\u0259tl\u0259rinin qiym\u0259tl\u0259ndirilm\u0259si, c\u0259miyy\u0259td\u0259ki m\u00f6vqel\u0259rinin, sosial m\u00fcdafi\u0259sinin g\u00fccl\u0259ndirilm\u0259sidir. Veteranlar bu qay\u011f\u0131n\u0131 daim y\u00fcks\u0259k qiym\u0259tl\u0259ndirir, buna \u0259m\u0259li i\u015fl\u0259ri, \u00f6lk\u0259nin ictimai-siyasi h\u0259yat\u0131nda yax\u0131ndan i\u015ftiraklar\u0131 il\u0259 cavab verm\u0259y\u0259 \u00e7al\u0131\u015f\u0131rlar. Yarad\u0131lm\u0131\u015f \u015f\u0259rait\u0259 g\u00f6r\u0259 d\u00f6vl\u0259timizin ba\u015f\u00e7\u0131s\u0131na daim minn\u0259tdar olan veteranlar Prezidentimizin daxili v\u0259 xarici siyas\u0259tini f\u0259al d\u0259st\u0259kl\u0259yirl\u0259r.<\/p>\n<p>C.X\u0259lilov Respublika Veteranlar T\u0259\u015fkilat\u0131n\u0131n haz\u0131rda g\u0259ncl\u0259rin h\u0259rbi v\u0259t\u0259np\u0259rv\u0259rlik t\u0259rbiy\u0259sinin y\u00fcks\u0259ldilm\u0259si, onlar\u0131n d\u00f6vl\u0259timiz\u0259 v\u0259 xalq\u0131m\u0131za s\u0259daq\u0259t ruhunda yeti\u015fm\u0259l\u0259ri istiqam\u0259tind\u0259 ard\u0131c\u0131l v\u0259 s\u0259m\u0259r\u0259li f\u0259aliyy\u0259tind\u0259n, veteranlar\u0131n sosial m\u00fcdafi\u0259sinin g\u00fccl\u0259ndirilm\u0259si sah\u0259sind\u0259 g\u00f6r\u00fcl\u0259n i\u015fl\u0259rd\u0259n, qurumun xarici \u00f6lk\u0259l\u0259rin m\u00fcvafiq t\u0259\u015fkilatlar\u0131 il\u0259 \u0259m\u0259kda\u015fl\u0131q \u0259laq\u0259l\u0259rinin geni\u015fl\u0259ndirilm\u0259sind\u0259n, m\u0259tbuatda apar\u0131lan t\u0259bli\u011fat i\u015fl\u0259rind\u0259n dan\u0131\u015f\u0131b.<\/p>\n<p>Prezident Administrasiyas\u0131n\u0131n ictimai-siyasi m\u0259s\u0259l\u0259l\u0259r \u015f\u00f6b\u0259sinin m\u00fcdir m\u00fcavini Tahir S\u00fcleymanov \u0259lam\u0259tdar hadis\u0259 m\u00fcnasib\u0259til\u0259 dost \u00f6lk\u0259l\u0259rd\u0259n g\u0259lmi\u015f veteran t\u0259\u015fkilatlar\u0131n\u0131n r\u0259hb\u0259rl\u0259rini salamlay\u0131b, Respublika Veteranlar T\u0259\u015fkilat\u0131n\u0131n \u00fczvl\u0259rini, veteranlar\u0131 yubiley m\u00fcnasib\u0259til\u0259 t\u0259brik edib. T.S\u00fcleymanov bildirib ki, Respublika Veteranlar T\u0259\u015fkilat\u0131n\u0131n Az\u0259rbaycan c\u0259miyy\u0259tinin h\u0259yat\u0131nda m\u00fcst\u0259sna yeri v\u0259 rolu var. Bu m\u00fcst\u0259snal\u0131q ondan ir\u0259li g\u0259lir ki, t\u0259\u015fkilat\u0131n s\u0131ralar\u0131nda Az\u0259rbaycan\u0131n \u0259n layiqli n\u00fcmay\u0259nd\u0259l\u0259ri, o c\u00fcml\u0259d\u0259n \u0130kinci D\u00fcnya, \u018ffqan\u0131stan v\u0259 Qaraba\u011f m\u00fcharib\u0259l\u0259rinin i\u015ftirak\u00e7\u0131lar\u0131, Silahl\u0131 Q\u00fcvv\u0259l\u0259r v\u0259 \u0259m\u0259k veteranlar\u0131 birl\u0259\u015fibl\u0259r. Veteranlar\u0131n ke\u00e7diyi d\u00f6y\u00fc\u015f v\u0259 h\u0259yat yolu h\u0259r bir az\u0259rbaycanl\u0131, x\u00fcsus\u0259n d\u0259 g\u0259ncl\u0259r \u00fc\u00e7\u00fcn \u00f6rn\u0259kdir. M\u00fcxt\u0259lif t\u0259\u015fkilatlar g\u0259ncl\u0259rl\u0259 g\u00f6r\u00fc\u015f ke\u00e7irdiyind\u0259 veteranlar\u0131m\u0131z\u0131 d\u0259v\u0259t edirl\u0259r, onlardan \u00f6z \u015f\u0259r\u0259fli h\u0259yat yollar\u0131ndan dan\u0131\u015fmalar\u0131n\u0131 ist\u0259yirl\u0259r. T\u0259sad\u00fcfi deyil ki, bug\u00fcnk\u00fc t\u0259dbird\u0259 veteranlarla yana\u015f\u0131, \u00e7oxlu sayda g\u0259nc d\u0259 i\u015ftirak edir.<\/p>\n<p>Tahir S\u00fcleymanov qeyd edib ki, Respublika Veteranlar T\u0259\u015fkilat\u0131n\u0131n \u0259sas v\u0259zif\u0259l\u0259rind\u0259n biri veteranlara qay\u011f\u0131 g\u00f6st\u0259rilm\u0259si, onlar\u0131n sosial h\u00fcquqlar\u0131n\u0131n t\u0259min olunmas\u0131 istiqam\u0259tind\u0259 f\u0259aliyy\u0259t g\u00f6st\u0259rm\u0259kdir. Qurum bu istiqam\u0259td\u0259 d\u00f6vl\u0259t orqanlar\u0131 il\u0259 s\u0259m\u0259r\u0259li \u0259m\u0259kda\u015fl\u0131q edir. Az\u0259rbaycanda veteranlara g\u00f6st\u0259ril\u0259n d\u00f6vl\u0259t qay\u011f\u0131s\u0131ndan dan\u0131\u015fan Prezident Administrasiyas\u0131n\u0131n \u015f\u00f6b\u0259 m\u00fcdirinin m\u00fcavini bildirib: \u201c\u00dcmummilli lider Heyd\u0259r \u018fliyev veteranlara daim y\u00fcks\u0259k diqq\u0259t v\u0259 qay\u011f\u0131 g\u00f6st\u0259rirdi. M\u0259hz Ulu \u00d6nd\u0259rin hakimiyy\u0259ti d\u00f6vr\u00fcnd\u0259 Az\u0259rbaycanda \u201cVeteranlar haqq\u0131nda\u201d Qanun q\u0259bul edilib, veteranlarla i\u015f d\u00f6vl\u0259t siyas\u0259tinin prioritet istiqam\u0259tl\u0259rind\u0259n birin\u0259 \u00e7evrilib. D\u00f6vl\u0259t t\u0259r\u0259find\u0259n m\u00fcharib\u0259 \u0259lill\u0259rin\u0259, \u015f\u0259hid ail\u0259l\u0259rin\u0259, veteranlara evl\u0259rin, m\u0259nzill\u0259rin, minik avtomobill\u0259rinin paylan\u0131lmas\u0131na ba\u015flan\u0131l\u0131b. Bu siyas\u0259ti davam etdir\u0259n Prezident \u0130lham \u018fliyev 2015-ci ild\u0259 Respublika Veteranlar T\u0259\u015fkilat\u0131n\u0131n yeni inzibati binas\u0131n\u0131n a\u00e7\u0131l\u0131\u015f\u0131nda i\u015ftirak edib. Respublika Veteranlar\u0131 T\u0259\u015fkilat\u0131na h\u0259r il d\u00f6vl\u0259t b\u00fcdc\u0259sind\u0259n birba\u015fa maliyy\u0259 yard\u0131mlar\u0131 ayr\u0131l\u0131r. D\u00f6vl\u0259t t\u0259r\u0259find\u0259n veteranlara, Respublika Veteranlar\u0131 T\u0259\u015fkilat\u0131na qay\u011f\u0131 g\u00f6st\u0259rilir. Bu diqq\u0259t v\u0259 qay\u011f\u0131 g\u0259l\u0259c\u0259kd\u0259 d\u0259 y\u00fcks\u0259l\u0259n x\u0259tl\u0259 davam ed\u0259c\u0259k\u201d.<\/p>\n<p>Yubiley m\u00fcnasib\u0259til\u0259 t\u0259\u015fkilat\u0131n r\u0259hb\u0259rliyini v\u0259 b\u00fct\u00fcn \u00fczvl\u0259rini bir daha t\u0259brik ed\u0259n Tahir S\u00fcleymanov g\u0259ncl\u0259rimizin v\u0259t\u0259np\u0259rv\u0259rlik ruhunda t\u0259rbiy\u0259si i\u015find\u0259 onlara u\u011fur, \u0259zm v\u0259 f\u0259dakarl\u0131q arzulay\u0131b.<\/p>\n<p>Yeni Az\u0259rbaycan Partiyas\u0131 icra katibinin m\u00fcavini, Milli M\u0259clisin ictimai birlikl\u0259r v\u0259 dini qurumlar komit\u0259sinin s\u0259dri Siyavu\u015f Novruzov veteranlar\u0131 t\u0259brik edib, onlara cansa\u011fl\u0131\u011f\u0131 v\u0259 u\u011furlar arzulay\u0131b. Veteranlar\u0131n Az\u0259rbaycan\u0131n m\u00fcst\u0259qilliyinin qorunmas\u0131nda v\u0259 m\u00f6hk\u0259ml\u0259nm\u0259sind\u0259, \u00f6lk\u0259mizin inki\u015faf\u0131nda \u0259sl v\u0259t\u0259np\u0259rv\u0259rlik n\u00fcmun\u0259si g\u00f6st\u0259rdikl\u0259rini, Prezidentin h\u0259yata ke\u00e7irdiyi siyas\u0259ti tam d\u0259st\u0259kl\u0259dikl\u0259rini vur\u011fulayan Siyavu\u015f Novruzov onlar\u0131n g\u0259nc n\u0259sill\u0259r\u0259 \u00f6rn\u0259k oldu\u011funu deyib. Bildirib ki, veteranlardan ilham v\u0259 t\u00f6vsiy\u0259 alan g\u0259ncl\u0259rimiz V\u0259t\u0259n u\u011frunda canlar\u0131ndan da ke\u00e7m\u0259y\u0259 haz\u0131rd\u0131rlar. Aprel d\u00f6y\u00fc\u015fl\u0259ri bunun bariz n\u00fcmun\u0259sidir.<\/p>\n<p>Siyavu\u015f Novruzov qeyd edib ki, B\u00f6y\u00fck V\u0259t\u0259n m\u00fcharib\u0259sind\u0259 700 min\u0259d\u0259k az\u0259rbaycanl\u0131 i\u015ftirak edib. Qaraba\u011f d\u00f6y\u00fc\u015fl\u0259rind\u0259 Az\u0259rbaycan \u0259sg\u0259rl\u0259ri h\u0259mi\u015f\u0259 r\u0259\u015fad\u0259tl\u0259 vuru\u015fublar. Veteranlar onlara daim n\u00fcmun\u0259 olub, t\u0259cr\u00fcb\u0259l\u0259rini c\u0259bh\u0259 b\u00f6lg\u0259sind\u0259 \u0259sg\u0259rl\u0259rl\u0259 b\u00f6l\u00fc\u015f\u00fcbl\u0259r. Odur ki, biz veteranlar\u0131m\u0131z\u0131 daim qorumal\u0131, onlar\u0131n sosial t\u0259minat\u0131n\u0131 diqq\u0259t m\u0259rk\u0259zind\u0259 saxlamal\u0131y\u0131q. Bu g\u00fcn veteranlar\u0131m\u0131za Az\u0259rbaycan d\u00f6vl\u0259ti t\u0259r\u0259find\u0259n \u0259n y\u00fcks\u0259k diqq\u0259t v\u0259 qay\u011f\u0131 g\u00f6st\u0259rilir. Bu qay\u011f\u0131n\u0131n banisi xalq\u0131m\u0131z\u0131n \u00fcmummilli lideri Heyd\u0259r \u018fliyevdir. Ulu \u00d6nd\u0259rimizin hakimiyy\u0259t\u0259 qay\u0131d\u0131\u015f\u0131ndan sonra veteranlar\u0131n h\u00fcquqlar\u0131 b\u0259rpa olunub v\u0259 sosial m\u00fcdafi\u0259si t\u0259min edilib. Bu g\u00fcn Prezident \u0130lham \u018fliyev veteranlara qay\u011f\u0131 g\u00f6st\u0259rilm\u0259sini daim diqq\u0259t m\u0259rk\u0259zind\u0259 saxlay\u0131r. \u0130lham \u018fliyevin prezident se\u00e7ildiyi 15 il \u0259rzind\u0259 veteranlar\u0131m\u0131z d\u00f6vl\u0259tin tam qay\u011f\u0131s\u0131 il\u0259 \u0259hat\u0259 olunub.<\/p>\n<p>M\u00fcdafi\u0259 Nazirliyinin M\u0259n\u0259vi-psixoloji haz\u0131rl\u0131q v\u0259 ictimaiyy\u0259tl\u0259 \u0259laq\u0259l\u0259r idar\u0259sinin r\u0259is m\u00fcavini Ayd\u0131n \u018fyyubov nazirliyin r\u0259hb\u0259rliyi v\u0259 kollektivi, Ordumuzun \u015f\u0259xsi hey\u0259ti ad\u0131ndan Respublika Veteranlar T\u0259\u015fkilat\u0131n\u0131n b\u00fct\u00fcn \u00fczvl\u0259rini yubiley m\u00fcnasib\u0259til\u0259 t\u0259brik edib. O bildirib ki, t\u0259\u015fkilat ordumuzun \u015f\u0259xsi hey\u0259tinin d\u00f6y\u00fc\u015f v\u0259 m\u0259n\u0259vi ruhunun y\u00fcks\u0259ldilm\u0259sind\u0259, xalq\u0131m\u0131z\u0131n q\u0259hr\u0259manl\u0131q \u0259n\u0259n\u0259l\u0259rinin g\u0259ncl\u0259r\u0259 \u00e7atd\u0131r\u0131lmas\u0131nda b\u00f6y\u00fck i\u015fl\u0259r g\u00f6r\u00fcrl\u0259r.<\/p>\n<p>\u018fm\u0259k v\u0259 \u0259halinin sosial m\u00fcdafi\u0259si nazirinin m\u00fcavini \u0130dris \u0130sayev \u0259m\u0259k v\u0259 \u0259halinin sosial m\u00fcdafi\u0259si naziri Sahil Babayevin, g\u0259ncl\u0259r v\u0259 idman nazirinin m\u00fcavini F\u0259rhad Hac\u0131yev g\u0259ncl\u0259r v\u0259 idman naziri Azad R\u0259himovun, D\u00f6vl\u0259t T\u0259hl\u00fck\u0259sizliyi Xidm\u0259tinin r\u0259is m\u00fcavini, general-mayor \u0130lqar Musayev D\u00f6vl\u0259t T\u0259hl\u00fck\u0259sizliyi Xidm\u0259tinin r\u0259isi, general-polkovnik M\u0259d\u0259t Quliyevin yubiley m\u00fcnasib\u0259til\u0259 veteranlara t\u0259brik m\u0259ktublar\u0131n\u0131 oxuyublar.<\/p>\n<p>T\u0259dbird\u0259 i\u015ftirak ed\u0259n qonaqlar &#8211; Rusiyan\u0131n Az\u0259rbaycandak\u0131 s\u0259firi Mixail Bo\u00e7arnikov, M\u00fcst\u0259qil D\u00f6vl\u0259tl\u0259rin Veteran \u0130ctimai T\u0259\u015fkilatlar\u0131 Beyn\u0259lxalq \u0130ttifaq\u0131n\u0131n s\u0259dr m\u00fcavini Vladimir Tka\u00e7enko, Rusiya Veteranlar T\u0259\u015fkilat\u0131n\u0131n s\u0259dr m\u00fcavini Aleksandr Krav\u00e7uk, Ukrayna Veteranlar T\u0259\u015fkilat\u0131n\u0131n s\u0259dri Viktor \u015emakov, Qazax\u0131stan Veteranlar \u0130ctimai Birliyinin s\u0259dr m\u00fcavini Aytkali \u0130senqulov, Belarus Veteranlar\u0131 \u0130ctimai Birliyinin s\u0259dri \u0130van Qordey\u00e7uk, G\u00fcrc\u00fcstan M\u00fcharib\u0259 v\u0259 Silahl\u0131 Q\u00fcvv\u0259l\u0259r M\u0259rk\u0259zi Veteranlar T\u0259\u015fkilat\u0131n\u0131n s\u0259dri Tengiz \u015eubladze v\u0259 ba\u015fqalar\u0131 \u00e7\u0131x\u0131\u015flar\u0131nda Az\u0259rbaycan Respublikas\u0131 Veteranlar T\u0259\u015fkilat\u0131 il\u0259 s\u0259m\u0259r\u0259li \u0259m\u0259kda\u015fl\u0131q \u0259laq\u0259l\u0259rind\u0259n, \u00f6lk\u0259mizd\u0259 veteranlara g\u00f6st\u0259ril\u0259n d\u00f6vl\u0259t qay\u011f\u0131s\u0131ndan dan\u0131\u015f\u0131b, yubiley m\u00fcnasib\u0259til\u0259 s\u0259mimi t\u0259brikl\u0259rini \u00e7atd\u0131r\u0131blar.<\/p>\n<p>Yubiley t\u0259dbiri b\u0259dii hiss\u0259 il\u0259 davam edib.<\/p>\n","protected":false},"excerpt":{"rendered":"<p>ARANTV.AZ x\u0259b\u0259r verir ki, Az\u0259rbaycan Respublikas\u0131 M\u00fcharib\u0259, \u018fm\u0259k v\u0259 Silahl\u0131 Q\u00fcvv\u0259l\u0259r Veteranlar\u0131 T\u0259\u015fkilat\u0131 f\u0259aliyy\u0259t g\u00f6st\u0259rdiyi 30 il \u0259rzind\u0259 \u00f6lk\u0259mizin ictimai-siyasi h\u0259yat\u0131nda f\u0259al i\u015ftirak edib v\u0259 bu g\u00fcn d\u0259 y\u00fcks\u0259k f\u0259all\u0131\u011f\u0131 il\u0259 se\u00e7il\u0259n apar\u0131c\u0131 ictimai qurumlardan biridir. Haz\u0131rda s\u0131ralar\u0131nda m\u00fcharib\u0259, \u0259m\u0259k, Silahl\u0131 Q\u00fcvv\u0259l\u0259r v\u0259 h\u00fcquq-m\u00fchafiz\u0259 orqanlar\u0131 veteranlar\u0131 olmaqla, bir milyondan \u00e7ox \u00fczv\u00fc birl\u0259\u015fdir\u0259n T\u0259\u015fkilat\u0131n yubileyinin qeyd edilm\u0259si b\u00f6y\u00fck \u0259h\u0259miyy\u0259t da\u015f\u0131y\u0131r. Qurum v\u0259t\u0259np\u0259rv\u0259rlik t\u0259rbiy\u0259sini, el\u0259c\u0259 d\u0259 az\u0259rbaycan\u00e7\u0131l\u0131q m\u0259fkur\u0259sini g\u0259nc n\u0259sil aras\u0131nda t\u0259bli\u011f edir, \u00f6lk\u0259mizin \u0259razi b\u00fct\u00f6vl\u00fcy\u00fcn\u00fcn t\u0259min olunmas\u0131, erm\u0259ni fa\u015fizminin if\u015fas\u0131, el\u0259c\u0259 d\u0259 d\u00fcnyada s\u00fclh\u00fcn v\u0259 \u0259min-amanl\u0131\u011f\u0131n qorunub saxlan\u0131lmas\u0131na t\u00f6hf\u0259l\u0259r verir. Bu&hellip;<\/p>\n","protected":false},"author":2,"featured_media":19406,"comment_status":"closed","ping_status":"closed","sticky":false,"template":"","format":"standard","meta":{"om_disable_all_campaigns":false,"_monsterinsights_skip_tracking":false,"_monsterinsights_sitenote_active":false,"_monsterinsights_sitenote_note":"","_monsterinsights_sitenote_category":0},"categories":[1],"tags":[],"aioseo_notices":[],"gutentor_comment":0,"rttpg_featured_image_url":{"full":["https:\/\/arantv.az\/wp-content\/uploads\/2018\/10\/pvs3b5l73k3fhkfdh17qis7lt2vet.jpg",910,669,false],"landscape":["https:\/\/arantv.az\/wp-content\/uploads\/2018\/10\/pvs3b5l73k3fhkfdh17qis7lt2vet.jpg",910,669,false],"portraits":["https:\/\/arantv.az\/wp-content\/uploads\/2018\/10\/pvs3b5l73k3fhkfdh17qis7lt2vet.jpg",910,669,false],"thumbnail":["https:\/\/arantv.az\/wp-content\/uploads\/2018\/10\/pvs3b5l73k3fhkfdh17qis7lt2vet-150x150.jpg",150,150,true],"medium":["https:\/\/arantv.az\/wp-content\/uploads\/2018\/10\/pvs3b5l73k3fhkfdh17qis7lt2vet-300x221.jpg",300,221,true],"large":["https:\/\/arantv.az\/wp-content\/uploads\/2018\/10\/pvs3b5l73k3fhkfdh17qis7lt2vet.jpg",640,471,false],"1536x1536":["https:\/\/arantv.az\/wp-content\/uploads\/2018\/10\/pvs3b5l73k3fhkfdh17qis7lt2vet.jpg",910,669,false],"2048x2048":["https:\/\/arantv.az\/wp-content\/uploads\/2018\/10\/pvs3b5l73k3fhkfdh17qis7lt2vet.jpg",910,669,false],"post-thumbnail":["https:\/\/arantv.az\/wp-content\/uploads\/2018\/10\/pvs3b5l73k3fhkfdh17qis7lt2vet-240x172.jpg",240,172,true],"advps-thumb-one":["https:\/\/arantv.az\/wp-content\/uploads\/2018\/10\/pvs3b5l73k3fhkfdh17qis7lt2vet-910x620.jpg",910,620,true]},"rttpg_author":{"display_name":"V\u00fcsal Rafiqo\u011flu","author_link":"https:\/\/arantv.az\/?author=2"},"rttpg_comment":0,"rttpg_category":"<a href=\"https:\/\/arantv.az\/?cat=1\" rel=\"category\">C\u0259miyy\u0259t<\/a>","rttpg_excerpt":"ARANTV.AZ x\u0259b\u0259r verir ki, Az\u0259rbaycan Respublikas\u0131 M\u00fcharib\u0259, \u018fm\u0259k v\u0259 Silahl\u0131 Q\u00fcvv\u0259l\u0259r Veteranlar\u0131 T\u0259\u015fkilat\u0131 f\u0259aliyy\u0259t g\u00f6st\u0259rdiyi 30 il \u0259rzind\u0259 \u00f6lk\u0259mizin ictimai-siyasi h\u0259yat\u0131nda f\u0259al i\u015ftirak edib v\u0259 bu g\u00fcn d\u0259 y\u00fcks\u0259k f\u0259all\u0131\u011f\u0131 il\u0259 se\u00e7il\u0259n apar\u0131c\u0131 ictimai qurumlardan biridir. Haz\u0131rda s\u0131ralar\u0131nda m\u00fcharib\u0259, \u0259m\u0259k, Silahl\u0131 Q\u00fcvv\u0259l\u0259r v\u0259 h\u00fcquq-m\u00fchafiz\u0259 orqanlar\u0131 veteranlar\u0131 olmaqla, bir milyondan \u00e7ox \u00fczv\u00fc birl\u0259\u015fdir\u0259n T\u0259\u015fkilat\u0131n yubileyinin qeyd&hellip;","_links":{"self":[{"href":"https:\/\/arantv.az\/index.php?rest_route=\/wp\/v2\/posts\/19405"}],"collection":[{"href":"https:\/\/arantv.az\/index.php?rest_route=\/wp\/v2\/posts"}],"about":[{"href":"https:\/\/arantv.az\/index.php?rest_route=\/wp\/v2\/types\/post"}],"author":[{"embeddable":true,"href":"https:\/\/arantv.az\/index.php?rest_route=\/wp\/v2\/users\/2"}],"replies":[{"embeddable":true,"href":"https:\/\/arantv.az\/index.php?rest_route=%2Fwp%2Fv2%2Fcomments&post=19405"}],"version-history":[{"count":0,"href":"https:\/\/arantv.az\/index.php?rest_route=\/wp\/v2\/posts\/19405\/revisions"}],"wp:featuredmedia":[{"embeddable":true,"href":"https:\/\/arantv.az\/index.php?rest_route=\/wp\/v2\/media\/19406"}],"wp:attachment":[{"href":"https:\/\/arantv.az\/index.php?rest_route=%2Fwp%2Fv2%2Fmedia&parent=19405"}],"wp:term":[{"taxonomy":"category","embeddable":true,"href":"https:\/\/arantv.az\/index.php?rest_route=%2Fwp%2Fv2%2Fcategories&post=19405"},{"taxonomy":"post_tag","embeddable":true,"href":"https:\/\/arantv.az\/index.php?rest_route=%2Fwp%2Fv2%2Ftags&post=19405"}],"curies":[{"name":"wp","href":"https:\/\/api.w.org\/{rel}","templated":true}]}}