{"id":19413,"date":"2018-10-17T09:05:22","date_gmt":"2018-10-17T06:05:22","guid":{"rendered":"http:\/\/arantv.az\/?p=19413"},"modified":"2018-10-17T09:05:22","modified_gmt":"2018-10-17T06:05:22","slug":"turkiy%c9%99nin-haber-global-kanalinda-prezident-ilham-%c9%99liyevin-r%c9%99hb%c9%99rliyi-il%c9%99-az%c9%99rbaycanin-qazandigi-nailiyy%c9%99tl%c9%99r%c9%99-dair-sujet-yayimlanib","status":"publish","type":"post","link":"https:\/\/arantv.az\/?p=19413","title":{"rendered":"T\u00fcrkiy\u0259nin \u201cHaber Global\u201d kanal\u0131nda Prezident \u0130lham \u018fliyevin r\u0259hb\u0259rliyi il\u0259 Az\u0259rbaycan\u0131n qazand\u0131\u011f\u0131 nailiyy\u0259tl\u0259r\u0259 dair s\u00fcjet yay\u0131mlan\u0131b"},"content":{"rendered":"<p><strong>ARANTV.AZ<\/strong> x\u0259b\u0259r verir ki, T\u00fcrkiy\u0259nin \u201cHaber Global\u201d telekanal\u0131nda Az\u0259rbaycan Respublikas\u0131n\u0131n Prezidenti \u0130lham \u018fliyevin \u00f6lk\u0259 r\u0259hb\u0259ri v\u0259zif\u0259sind\u0259 15 illik f\u0259aliyy\u0259ti d\u00f6vr\u00fcnd\u0259 \u0259ld\u0259 olunan nailiyy\u0259tl\u0259r\u0259 h\u0259sr edil\u0259n geni\u015f s\u00fcjet yay\u0131mlan\u0131b.<\/p>\n<p>\u201c\u0130lham \u018fliyev il\u0259 15 il\u201d adl\u0131 yeddi d\u0259qiq\u0259lik s\u00fcjetd\u0259 d\u00f6vl\u0259t ba\u015f\u00e7\u0131s\u0131n\u0131n hakimiyy\u0259td\u0259 oldu\u011fu d\u00f6vrd\u0259 m\u00fch\u00fcm u\u011furlar\u0131n qazan\u0131ld\u0131\u011f\u0131 qeyd edilib. H\u0259m\u00e7inin \u0130lham \u018fliyevin 2003-c\u00fc ild\u0259 s\u0259sverm\u0259 g\u00fcn\u00fc verdiyi m\u00fcsahib\u0259d\u0259 dediyi \u201cBu se\u00e7kil\u0259rin Az\u0259rbaycan\u0131n inki\u015faf\u0131, Az\u0259rbaycan xalq\u0131n\u0131n rifah\u0131n\u0131n artmas\u0131 v\u0259 Az\u0259rbaycan d\u00f6vl\u0259tinin g\u00fccl\u0259nm\u0259si yolunda m\u00fch\u00fcm add\u0131m olaca\u011f\u0131na inan\u0131ram\u201d s\u00f6zl\u0259ri diqq\u0259t\u0259 \u00e7atd\u0131r\u0131l\u0131b.<\/p>\n<p>S\u00fcjetd\u0259 m\u00fcst\u0259qilliyin \u0259vv\u0259ll\u0259rind\u0259 Az\u0259rbaycan\u0131n b\u00fct\u00fcn sah\u0259l\u0259rd\u0259 d\u0259rin b\u00f6hran i\u00e7ind\u0259 oldu\u011fu qeyd edilib, yaln\u0131z ulu \u00f6nd\u0259r Heyd\u0259r \u018fliyevin hakimiyy\u0259t\u0259 qay\u0131d\u0131\u015f\u0131ndan sonra \u00f6lk\u0259nin dinamik inki\u015faf yoluna q\u0259d\u0259m qoydu\u011fu diqq\u0259t\u0259 \u00e7atd\u0131r\u0131l\u0131b. \u00dcmummilli lider Heyd\u0259r \u018fliyevin siyas\u0259tinin onun layiqli davam\u00e7\u0131s\u0131 \u0130lham \u018fliyev t\u0259r\u0259find\u0259n u\u011furla h\u0259yata ke\u00e7irilm\u0259si n\u0259tic\u0259sind\u0259 on ill\u0259r \u0259rzind\u0259 \u0259ld\u0259 edil\u0259 bil\u0259c\u0259k nailiyy\u0259tl\u0259rin q\u0131sa m\u00fcdd\u0259td\u0259 qazan\u0131ld\u0131\u011f\u0131 x\u00fcsusi vur\u011fulan\u0131b. Bildirilib ki, postsovet \u00f6lk\u0259l\u0259ri aras\u0131nda bazar iqtisadiyyat\u0131na s\u00fcr\u0259tl\u0259 ke\u00e7id ed\u0259n ilk respublika olan Az\u0259rbaycan regionun g\u00fccl\u00fc \u00f6lk\u0259sin\u0259, d\u00fcnyada s\u00f6z v\u0259 n\u00fcfuz sahibin\u0259 \u00e7evrilib.<\/p>\n<p>S\u00fcjetd\u0259 Prezident \u0130lham \u018fliyevin r\u0259hb\u0259rliyi d\u00f6vr\u00fcnd\u0259 Az\u0259rbaycan\u0131n \u0259ld\u0259 etdiyi iqtisadi nailiyy\u0259tl\u0259rd\u0259n geni\u015f s\u00f6hb\u0259t a\u00e7\u0131l\u0131b. Qeyd edilib ki, son 15 ild\u0259 Az\u0259rbaycan iqtisadiyyat\u0131 3,2 d\u0259f\u0259, qeyri-neft sektoru 2,8 d\u0259f\u0259, s\u0259naye istehsal\u0131 2,6 d\u0259f\u0259, k\u0259nd t\u0259s\u0259rr\u00fcfat\u0131 1,7 d\u0259f\u0259, qeyri-neft ixrac\u0131 4,1 d\u0259f\u0259 art\u0131b. \u00d6lk\u0259nin valyuta ehtiyatlar\u0131 2003-c\u00fc ild\u0259ki 1,8 milyard dollardan 46 milyard dollara q\u0259d\u0259r art\u0131b. Bu ill\u0259rd\u0259 \u00f6lk\u0259 iqtisadiyyat\u0131na 250 milyard dollardan \u00e7ox investisiya yat\u0131r\u0131l\u0131b.<\/p>\n<p>Diqq\u0259t\u0259 \u00e7atd\u0131r\u0131l\u0131b ki, Avropan\u0131n enerji t\u0259hl\u00fck\u0259sizliyind\u0259 m\u00fch\u00fcm rol oynamas\u0131 Az\u0259rbaycan\u0131 enerji sah\u0259sind\u0259 \u00f6n\u0259mli \u00f6lk\u0259y\u0259 \u00e7evirib. Prezident \u0130lham \u018fliyevin liderliyi il\u0259 n\u0259h\u0259ng enerji v\u0259 n\u0259qliyyat layih\u0259l\u0259ri realla\u015fd\u0131r\u0131l\u0131b. X\u0259z\u0259r v\u0259 Aral\u0131q d\u0259nizl\u0259rini birl\u0259\u015fdir\u0259n Bak\u0131-Tbilisi-Ceyhan \u0259sas ixrac neft, Bak\u0131-Tbilisi-\u018frzurum qaz boru k\u0259m\u0259rl\u0259ri istifad\u0259y\u0259 verilib. D\u0259y\u0259ri 40 milyard dollardan \u00e7ox olan \u201cC\u0259nub Qaz D\u0259hlizi\u201d layih\u0259sinin tikintisi ba\u015fa \u00e7atmaq \u00fczr\u0259dir. Ulu \u00f6nd\u0259r Heyd\u0259r \u018fliyevin uzaqg\u00f6r\u0259nliyi say\u0259sind\u0259 d\u00fcnyan\u0131n \u0259n n\u00fcfuzlu enerji \u015firk\u0259tl\u0259ri il\u0259 1994-c\u00fc ild\u0259 imzalanan \u201c\u018fsrin m\u00fcqavil\u0259si\u201dnin m\u00fcdd\u0259ti 2050-ci il\u0259d\u0259k uzad\u0131l\u0131b.<\/p>\n<p>Prezident \u0130lham \u018fliyevin bilavasit\u0259 t\u0259\u015f\u0259bb\u00fcs\u00fc il\u0259 Az\u0259rbaycan\u0131n n\u0259qliyyat sah\u0259sind\u0259 \u0259ld\u0259 etdiyi nailiyy\u0259tl\u0259r aras\u0131nda \u00f6t\u0259n il oktyabr\u0131n 30-da istifad\u0259y\u0259 veril\u0259n Bak\u0131-Tbilisi-Qars d\u0259mir yolu mar\u015frutunun \u0259h\u0259miyy\u0259ti s\u00fcjetd\u0259 x\u00fcsusi vur\u011fulanaraq, bunun beyn\u0259lxalq y\u00fckda\u015f\u0131malarda \u00f6n\u0259mi diqq\u0259t\u0259 \u00e7atd\u0131r\u0131l\u0131b.<\/p>\n<p>Qeyd edilib ki, \u0130lham \u018fliyevin prezidentliyi d\u00f6vr\u00fcnd\u0259 inki\u015faf etdiril\u0259n \u0259n m\u00fch\u00fcm sah\u0259l\u0259rd\u0259n biri d\u0259 y\u00fcks\u0259k texnologiyalar sah\u0259sidir. \u00d6lk\u0259d\u0259 2010-cu ild\u0259 \u201cAz\u0259rkosmos\u201d ASC qurulub. Bundan sonra &#8211; 2013-c\u00fc ild\u0259 Az\u0259rbaycan\u0131n ilk telekommunikasiya peyki olan \u201cAzerspace-1\u201d, 2014-c\u00fc ild\u0259 \u201cAzersky\u201d, ke\u00e7\u0259n ay is\u0259 \u201cAzerspace-2\u201d telekommunikasiya peyki orbit\u0259 \u00e7\u0131xar\u0131l\u0131b.<\/p>\n<p>S\u00fcjetd\u0259 Prezident \u0130lham \u018fliyevin hakimiyy\u0259ti d\u00f6vr\u00fcnd\u0259 Az\u0259rbaycan Silahl\u0131 Q\u00fcvv\u0259l\u0259rinin d\u00fcnyan\u0131n 50 \u0259n g\u00fccl\u00fc ordusu s\u0131ras\u0131na daxil oldu\u011fu qeyd edilib. Az\u0259rbaycan Ordusunun 2016-c\u0131 ilin aprelind\u0259 v\u0259 2018-ci ilin may\u0131nda Erm\u0259nistan\u0131n n\u00f6vb\u0259ti t\u0259xribatlar\u0131n\u0131n qar\u015f\u0131s\u0131n\u0131 q\u0259tiyy\u0259tl\u0259 alaraq, torpaqlar\u0131m\u0131z\u0131n bir hiss\u0259sini i\u015f\u011faldan azad etdiyi qeyd olunub.<\/p>\n<p>Bildirilib ki, h\u0259rbi sah\u0259d\u0259ki u\u011furlar diplomatiya sah\u0259sind\u0259 d\u0259 davam etdirilib v\u0259 Az\u0259rbaycan Erm\u0259nistan\u0131 d\u00fcnyada i\u015f\u011fal\u00e7\u0131 \u00f6lk\u0259 kimi tan\u0131tma\u011fa nail olub. N\u00fcfuzlu beyn\u0259lxalq t\u0259\u015fkilatlar Erm\u0259nistan\u0131n i\u015f\u011fal etdiyi torpaqlar\u0131 bo\u015faltmas\u0131 \u00fc\u00e7\u00fcn q\u0259rar v\u0259 q\u0259tnam\u0259l\u0259r q\u0259bul edibl\u0259r. 2011-ci ild\u0259 Az\u0259rbaycan 155 d\u00f6vl\u0259tin d\u0259st\u0259yini alaraq BMT T\u0259hl\u00fck\u0259sizlik \u015euras\u0131n\u0131n qeyri-daimi \u00fczv\u00fc se\u00e7ilib.<\/p>\n<p>S\u00fcjetd\u0259 qeyd edilib ki, d\u00fcnyada sabitlik v\u0259 \u0259min-amanl\u0131q diyar\u0131 kimi tan\u0131nan Az\u0259rbaycan son ill\u0259rd\u0259 bir s\u0131ra m\u00f6t\u0259b\u0259r t\u0259dbirl\u0259r\u0259 v\u0259 idman yar\u0131\u015flar\u0131na y\u00fcks\u0259k s\u0259viyy\u0259d\u0259 ev sahibliyi edib. 2012-ci ild\u0259 \u201cEurovision\u201d mahn\u0131 m\u00fcsabiq\u0259si, d\u00fcnyada ilk d\u0259f\u0259 ke\u00e7iril\u0259n I Avropa Oyunlar\u0131 v\u0259 IV \u0130slam H\u0259mr\u0259yliyi Oyunlar\u0131 Bak\u0131da y\u00fcks\u0259k s\u0259viyy\u0259d\u0259 t\u0259\u015fkil olunub. 2016-c\u0131 ild\u0259n etibar\u0259n Bak\u0131da h\u0259r il Formula 1 yar\u0131\u015flar\u0131 ke\u00e7irilir. 2020-ci ild\u0259 is\u0259 Az\u0259rbaycan futbol \u00fczr\u0259 Avropa \u00e7empionat\u0131n\u0131n bir ne\u00e7\u0259 oyununa ev sahibliyi ed\u0259c\u0259k.<\/p>\n<p>S\u00fcjetd\u0259 ulu \u00f6nd\u0259r Heyd\u0259r \u018fliyevin prezidentliyi d\u00f6vr\u00fcnd\u0259 \u0259sas\u0131 qoyulan Az\u0259rbaycan-T\u00fcrkiy\u0259 qarda\u015fl\u0131\u011f\u0131n\u0131n Prezident \u0130lham \u018fliyevin hakimiyy\u0259ti ill\u0259rind\u0259 daha da inki\u015faf etdiyi, \u00f6lk\u0259l\u0259rimizin birlikd\u0259 n\u0259h\u0259ng layih\u0259l\u0259r h\u0259yata ke\u00e7irdikl\u0259ri bildirilib. Bel\u0259 layih\u0259l\u0259rd\u0259n birinin &#8211; SOCAR-\u0131n \u0130zmird\u0259 in\u015fa etdiyi STAR neft emal\u0131 zavodunun yax\u0131n g\u00fcnl\u0259rd\u0259 istifad\u0259y\u0259 veril\u0259c\u0259yi qeyd olunub.<\/p>\n<p>Reportajda Az\u0259rbaycan\u0131n inki\u015faf\u0131nda Prezident \u0130lham \u018fliyev il\u0259 yana\u015f\u0131, Birinci vitse-prezident Mehriban \u018fliyevan\u0131n da m\u00fch\u00fcm rolu oldu\u011fu diqq\u0259t\u0259 \u00e7atd\u0131r\u0131l\u0131b. Qeyd olunub ki, Prezidentin q\u0131zlar\u0131 Leyla v\u0259 Arzu m\u0259d\u0259niyy\u0259t v\u0259 t\u0259hsil sah\u0259l\u0259rind\u0259 bir \u00e7ox layih\u0259l\u0259rin t\u0259\u015f\u0259bb\u00fcskarlar\u0131d\u0131r. Prezident \u0130lham \u018fliyevin o\u011flu, babas\u0131n\u0131n ad\u0131n\u0131 da\u015f\u0131yan Heyd\u0259r haz\u0131rda h\u0259qiqi h\u0259rbi xidm\u0259td\u0259dir.<\/p>\n","protected":false},"excerpt":{"rendered":"<p>ARANTV.AZ x\u0259b\u0259r verir ki, T\u00fcrkiy\u0259nin \u201cHaber Global\u201d telekanal\u0131nda Az\u0259rbaycan Respublikas\u0131n\u0131n Prezidenti \u0130lham \u018fliyevin \u00f6lk\u0259 r\u0259hb\u0259ri v\u0259zif\u0259sind\u0259 15 illik f\u0259aliyy\u0259ti d\u00f6vr\u00fcnd\u0259 \u0259ld\u0259 olunan nailiyy\u0259tl\u0259r\u0259 h\u0259sr edil\u0259n geni\u015f s\u00fcjet yay\u0131mlan\u0131b. \u201c\u0130lham \u018fliyev il\u0259 15 il\u201d adl\u0131 yeddi d\u0259qiq\u0259lik s\u00fcjetd\u0259 d\u00f6vl\u0259t ba\u015f\u00e7\u0131s\u0131n\u0131n hakimiyy\u0259td\u0259 oldu\u011fu d\u00f6vrd\u0259 m\u00fch\u00fcm u\u011furlar\u0131n qazan\u0131ld\u0131\u011f\u0131 qeyd edilib. H\u0259m\u00e7inin \u0130lham \u018fliyevin 2003-c\u00fc ild\u0259 s\u0259sverm\u0259 g\u00fcn\u00fc verdiyi m\u00fcsahib\u0259d\u0259 dediyi \u201cBu se\u00e7kil\u0259rin Az\u0259rbaycan\u0131n inki\u015faf\u0131, Az\u0259rbaycan xalq\u0131n\u0131n rifah\u0131n\u0131n artmas\u0131 v\u0259 Az\u0259rbaycan d\u00f6vl\u0259tinin g\u00fccl\u0259nm\u0259si yolunda m\u00fch\u00fcm add\u0131m olaca\u011f\u0131na inan\u0131ram\u201d s\u00f6zl\u0259ri diqq\u0259t\u0259 \u00e7atd\u0131r\u0131l\u0131b. S\u00fcjetd\u0259 m\u00fcst\u0259qilliyin \u0259vv\u0259ll\u0259rind\u0259 Az\u0259rbaycan\u0131n b\u00fct\u00fcn sah\u0259l\u0259rd\u0259 d\u0259rin b\u00f6hran i\u00e7ind\u0259 oldu\u011fu qeyd edilib, yaln\u0131z&hellip;<\/p>\n","protected":false},"author":2,"featured_media":19414,"comment_status":"closed","ping_status":"closed","sticky":false,"template":"","format":"standard","meta":{"om_disable_all_campaigns":false,"_monsterinsights_skip_tracking":false,"_monsterinsights_sitenote_active":false,"_monsterinsights_sitenote_note":"","_monsterinsights_sitenote_category":0},"categories":[4],"tags":[],"aioseo_notices":[],"gutentor_comment":0,"rttpg_featured_image_url":{"full":["https:\/\/arantv.az\/wp-content\/uploads\/2018\/10\/pvs3b5l73k3fhkfdh17qis7lt2tr.jpg",1000,529,false],"landscape":["https:\/\/arantv.az\/wp-content\/uploads\/2018\/10\/pvs3b5l73k3fhkfdh17qis7lt2tr.jpg",1000,529,false],"portraits":["https:\/\/arantv.az\/wp-content\/uploads\/2018\/10\/pvs3b5l73k3fhkfdh17qis7lt2tr.jpg",1000,529,false],"thumbnail":["https:\/\/arantv.az\/wp-content\/uploads\/2018\/10\/pvs3b5l73k3fhkfdh17qis7lt2tr-150x150.jpg",150,150,true],"medium":["https:\/\/arantv.az\/wp-content\/uploads\/2018\/10\/pvs3b5l73k3fhkfdh17qis7lt2tr-300x159.jpg",300,159,true],"large":["https:\/\/arantv.az\/wp-content\/uploads\/2018\/10\/pvs3b5l73k3fhkfdh17qis7lt2tr.jpg",640,339,false],"1536x1536":["https:\/\/arantv.az\/wp-content\/uploads\/2018\/10\/pvs3b5l73k3fhkfdh17qis7lt2tr.jpg",1000,529,false],"2048x2048":["https:\/\/arantv.az\/wp-content\/uploads\/2018\/10\/pvs3b5l73k3fhkfdh17qis7lt2tr.jpg",1000,529,false],"post-thumbnail":["https:\/\/arantv.az\/wp-content\/uploads\/2018\/10\/pvs3b5l73k3fhkfdh17qis7lt2tr-240x172.jpg",240,172,true],"advps-thumb-one":["https:\/\/arantv.az\/wp-content\/uploads\/2018\/10\/pvs3b5l73k3fhkfdh17qis7lt2tr.jpg",1000,529,false]},"rttpg_author":{"display_name":"V\u00fcsal Rafiqo\u011flu","author_link":"https:\/\/arantv.az\/?author=2"},"rttpg_comment":0,"rttpg_category":"<a href=\"https:\/\/arantv.az\/?cat=4\" rel=\"category\">Siyas\u0259t<\/a>","rttpg_excerpt":"ARANTV.AZ x\u0259b\u0259r verir ki, T\u00fcrkiy\u0259nin \u201cHaber Global\u201d telekanal\u0131nda Az\u0259rbaycan Respublikas\u0131n\u0131n Prezidenti \u0130lham \u018fliyevin \u00f6lk\u0259 r\u0259hb\u0259ri v\u0259zif\u0259sind\u0259 15 illik f\u0259aliyy\u0259ti d\u00f6vr\u00fcnd\u0259 \u0259ld\u0259 olunan nailiyy\u0259tl\u0259r\u0259 h\u0259sr edil\u0259n geni\u015f s\u00fcjet yay\u0131mlan\u0131b. \u201c\u0130lham \u018fliyev il\u0259 15 il\u201d adl\u0131 yeddi d\u0259qiq\u0259lik s\u00fcjetd\u0259 d\u00f6vl\u0259t ba\u015f\u00e7\u0131s\u0131n\u0131n hakimiyy\u0259td\u0259 oldu\u011fu d\u00f6vrd\u0259 m\u00fch\u00fcm u\u011furlar\u0131n qazan\u0131ld\u0131\u011f\u0131 qeyd edilib. H\u0259m\u00e7inin \u0130lham \u018fliyevin 2003-c\u00fc ild\u0259 s\u0259sverm\u0259 g\u00fcn\u00fc verdiyi&hellip;","_links":{"self":[{"href":"https:\/\/arantv.az\/index.php?rest_route=\/wp\/v2\/posts\/19413"}],"collection":[{"href":"https:\/\/arantv.az\/index.php?rest_route=\/wp\/v2\/posts"}],"about":[{"href":"https:\/\/arantv.az\/index.php?rest_route=\/wp\/v2\/types\/post"}],"author":[{"embeddable":true,"href":"https:\/\/arantv.az\/index.php?rest_route=\/wp\/v2\/users\/2"}],"replies":[{"embeddable":true,"href":"https:\/\/arantv.az\/index.php?rest_route=%2Fwp%2Fv2%2Fcomments&post=19413"}],"version-history":[{"count":0,"href":"https:\/\/arantv.az\/index.php?rest_route=\/wp\/v2\/posts\/19413\/revisions"}],"wp:featuredmedia":[{"embeddable":true,"href":"https:\/\/arantv.az\/index.php?rest_route=\/wp\/v2\/media\/19414"}],"wp:attachment":[{"href":"https:\/\/arantv.az\/index.php?rest_route=%2Fwp%2Fv2%2Fmedia&parent=19413"}],"wp:term":[{"taxonomy":"category","embeddable":true,"href":"https:\/\/arantv.az\/index.php?rest_route=%2Fwp%2Fv2%2Fcategories&post=19413"},{"taxonomy":"post_tag","embeddable":true,"href":"https:\/\/arantv.az\/index.php?rest_route=%2Fwp%2Fv2%2Ftags&post=19413"}],"curies":[{"name":"wp","href":"https:\/\/api.w.org\/{rel}","templated":true}]}}