{"id":19419,"date":"2018-10-17T09:10:16","date_gmt":"2018-10-17T06:10:16","guid":{"rendered":"http:\/\/arantv.az\/?p=19419"},"modified":"2018-10-17T09:10:16","modified_gmt":"2018-10-17T06:10:16","slug":"mill%c9%99t-v%c9%99kill%c9%99ri-beyn%c9%99lxalq-t%c9%99dbirl%c9%99rd%c9%99-istirak-edirl%c9%99r","status":"publish","type":"post","link":"https:\/\/arantv.az\/?p=19419","title":{"rendered":"Mill\u0259t v\u0259kill\u0259ri beyn\u0259lxalq t\u0259dbirl\u0259rd\u0259 i\u015ftirak edirl\u0259r"},"content":{"rendered":"<p><strong>Oktyabr\u0131n 17-d\u0259n 21-d\u0259k T\u00fcrkiy\u0259nin Antalya \u015f\u0259h\u0259rind\u0259 Beyn\u0259lxalq Orqan N\u0259qli \u015e\u0259b\u0259k\u0259sinin birinci qurultay\u0131 ke\u00e7iril\u0259c\u0259k.<\/strong><\/p>\n<p><strong>ARANTV.AZ\u00a0<\/strong> trend-\u0259 istinad\u0259n x\u0259b\u0259r verir ki, t\u0259dbird\u0259 Milli M\u0259clisin S\u0259hiyy\u0259 komit\u0259sinin s\u0259dr m\u00fcavini Musa Quliyev i\u015ftirak ed\u0259c\u0259k.<\/p>\n<p>T\u00fcrkiy\u0259 Orqan N\u0259qli V\u0259qfinin T\u00fcrkiy\u0259nin S\u0259hiyy\u0259 Nazirliyi il\u0259 \u0259m\u0259kda\u015fl\u0131\u011f\u0131 \u00e7\u0259r\u00e7iv\u0259sind\u0259 t\u0259\u015fkil olunmu\u015f qurultayda orqan n\u0259qli sah\u0259sind\u0259 son elmi yenilikl\u0259r m\u00fczakir\u0259 olunacaq, pe\u015f\u0259kar inki\u015faf \u00fc\u00e7\u00fcn bu sah\u0259d\u0259 t\u0259cr\u00fcb\u0259 m\u00fcbadil\u0259si apar\u0131lacaq.<\/p>\n<p>T\u0259dbir \u00e7\u0259r\u00e7iv\u0259sind\u0259 d\u00fcnyan\u0131n m\u00fcxt\u0259lif \u00f6lk\u0259l\u0259rinin tibb m\u00fct\u0259x\u0259ssisl\u0259ri il\u0259 g\u00f6r\u00fc\u015fl\u0259r d\u0259 n\u0259z\u0259rd\u0259 tutulub.<\/p>\n<p>Milli M\u0259clisin Aqrar siyas\u0259t komit\u0259sinin s\u0259dr m\u00fcavini, parlamentin Qara D\u0259niz iqtisadi \u018fm\u0259kda\u015fl\u0131q T\u0259\u015fkilat\u0131 Parlament M\u0259clisind\u0259ki n\u00fcmay\u0259nd\u0259 hey\u0259tinin r\u0259hb\u0259ri Eldar Quliyev is\u0259 qurumun H\u00fcquq v\u0259 siyasi m\u0259s\u0259l\u0259l\u0259r \u00fczr\u0259 komit\u0259sinin 52-ci iclas\u0131nda i\u015ftirak etm\u0259k \u00fc\u00e7\u00fcn oktyabr\u0131n 16-dan 19-d\u0259k Yunan\u0131standa s\u0259f\u0259rd\u0259 olacaq.<\/p>\n<p>Kavala \u015f\u0259h\u0259rind\u0259 ke\u00e7iril\u0259c\u0259k toplant\u0131da cari m\u0259s\u0259l\u0259l\u0259rl\u0259 yana\u015f\u0131, quruma \u00fczv \u00f6lk\u0259l\u0259rd\u0259 iqtisadi imkanlar\u0131n geni\u015fl\u0259ndirilm\u0259si bar\u0259d\u0259 m\u00fczakir\u0259l\u0259r apar\u0131lacaq, bununla \u0259laq\u0259dar n\u00fcmay\u0259nd\u0259 hey\u0259tl\u0259rinin t\u0259klifl\u0259ri dinl\u0259nil\u0259c\u0259k.<\/p>\n<p>Bundan \u0259lav\u0259, oktyabr\u0131n 18-19-da Sankt-Peterburqda MDB Parlamentl\u0259raras\u0131 Assambleyas\u0131n\u0131n N\u0259zar\u0259t-B\u00fcdc\u0259 komissiyas\u0131n\u0131n iclas\u0131 ke\u00e7iril\u0259c\u0259k. T\u0259dbird\u0259 Milli M\u0259clisin deputat\u0131 \u0130qbal M\u0259mm\u0259dov i\u015ftirak ed\u0259c\u0259k.<\/p>\n<p>\u0130clasda MDB Parlamentl\u0259raras\u0131 Assambleyas\u0131n\u0131n f\u0259aliyy\u0259tinin maliyy\u0259l\u0259\u015fdirilm\u0259si, T\u0259\u015fkilata \u00fczvl\u00fck haqlar\u0131n\u0131n formala\u015fd\u0131r\u0131lmas\u0131 v\u0259 istifad\u0259si mexanizminin t\u0259kmill\u0259\u015fdirilm\u0259si v\u0259 dig\u0259r m\u0259s\u0259l\u0259l\u0259r m\u00fczakir\u0259 olunacaq. S\u0259f\u0259r oktyabr\u0131n 20-d\u0259 ba\u015fa \u00e7atacaq.<\/p>\n<p>H\u0259m\u00e7inin Milli M\u0259clisin komit\u0259 s\u0259drl\u0259ri Eldar \u0130brahimov, \u018fhliman \u018fmiraslanov, Siyavu\u015f Novruzov, deputatlardan A\u011falar V\u0259liyev v\u0259 H\u00fcseynbala Mir\u0259l\u0259mov oktyabr\u0131n 16-dan 25-d\u0259k \u00c7in Xalq Respublikas\u0131nda s\u0259f\u0259rd\u0259 olacaqlar.<\/p>\n<p>S\u0259f\u0259rin m\u0259qs\u0259di Yeni Az\u0259rbaycan Partiyas\u0131 il\u0259 \u00c7in Kommunist Partiyas\u0131 aras\u0131nda ikit\u0259r\u0259fli \u0259m\u0259kda\u015fl\u0131\u011f\u0131 daha da inki\u015faf etdirm\u0259kdir. Deputatlar\u0131m\u0131z dost \u00f6lk\u0259d\u0259 bir s\u0131ra g\u00f6r\u00fc\u015fl\u0259r ke\u00e7ir\u0259c\u0259k, t\u0259r\u0259fl\u0259ri maraqland\u0131ran m\u0259s\u0259l\u0259l\u0259r bar\u0259d\u0259 fikir m\u00fcbadil\u0259si aparacaqlar.<\/p>\n","protected":false},"excerpt":{"rendered":"<p>Oktyabr\u0131n 17-d\u0259n 21-d\u0259k T\u00fcrkiy\u0259nin Antalya \u015f\u0259h\u0259rind\u0259 Beyn\u0259lxalq Orqan N\u0259qli \u015e\u0259b\u0259k\u0259sinin birinci qurultay\u0131 ke\u00e7iril\u0259c\u0259k. ARANTV.AZ\u00a0 trend-\u0259 istinad\u0259n x\u0259b\u0259r verir ki, t\u0259dbird\u0259 Milli M\u0259clisin S\u0259hiyy\u0259 komit\u0259sinin s\u0259dr m\u00fcavini Musa Quliyev i\u015ftirak ed\u0259c\u0259k. T\u00fcrkiy\u0259 Orqan N\u0259qli V\u0259qfinin T\u00fcrkiy\u0259nin S\u0259hiyy\u0259 Nazirliyi il\u0259 \u0259m\u0259kda\u015fl\u0131\u011f\u0131 \u00e7\u0259r\u00e7iv\u0259sind\u0259 t\u0259\u015fkil olunmu\u015f qurultayda orqan n\u0259qli sah\u0259sind\u0259 son elmi yenilikl\u0259r m\u00fczakir\u0259 olunacaq, pe\u015f\u0259kar inki\u015faf \u00fc\u00e7\u00fcn bu sah\u0259d\u0259 t\u0259cr\u00fcb\u0259 m\u00fcbadil\u0259si apar\u0131lacaq. T\u0259dbir \u00e7\u0259r\u00e7iv\u0259sind\u0259 d\u00fcnyan\u0131n m\u00fcxt\u0259lif \u00f6lk\u0259l\u0259rinin tibb m\u00fct\u0259x\u0259ssisl\u0259ri il\u0259 g\u00f6r\u00fc\u015fl\u0259r d\u0259 n\u0259z\u0259rd\u0259 tutulub. Milli M\u0259clisin Aqrar siyas\u0259t komit\u0259sinin s\u0259dr m\u00fcavini, parlamentin Qara D\u0259niz iqtisadi \u018fm\u0259kda\u015fl\u0131q T\u0259\u015fkilat\u0131 Parlament M\u0259clisind\u0259ki n\u00fcmay\u0259nd\u0259 hey\u0259tinin r\u0259hb\u0259ri Eldar&hellip;<\/p>\n","protected":false},"author":2,"featured_media":19420,"comment_status":"closed","ping_status":"closed","sticky":false,"template":"","format":"standard","meta":{"om_disable_all_campaigns":false,"_monsterinsights_skip_tracking":false,"_monsterinsights_sitenote_active":false,"_monsterinsights_sitenote_note":"","_monsterinsights_sitenote_category":0},"categories":[4],"tags":[],"aioseo_notices":[],"gutentor_comment":0,"rttpg_featured_image_url":{"full":["https:\/\/arantv.az\/wp-content\/uploads\/2018\/10\/milli_meclis_0001-2.jpg",482,361,false],"landscape":["https:\/\/arantv.az\/wp-content\/uploads\/2018\/10\/milli_meclis_0001-2.jpg",482,361,false],"portraits":["https:\/\/arantv.az\/wp-content\/uploads\/2018\/10\/milli_meclis_0001-2.jpg",482,361,false],"thumbnail":["https:\/\/arantv.az\/wp-content\/uploads\/2018\/10\/milli_meclis_0001-2-150x150.jpg",150,150,true],"medium":["https:\/\/arantv.az\/wp-content\/uploads\/2018\/10\/milli_meclis_0001-2-300x225.jpg",300,225,true],"large":["https:\/\/arantv.az\/wp-content\/uploads\/2018\/10\/milli_meclis_0001-2.jpg",482,361,false],"1536x1536":["https:\/\/arantv.az\/wp-content\/uploads\/2018\/10\/milli_meclis_0001-2.jpg",482,361,false],"2048x2048":["https:\/\/arantv.az\/wp-content\/uploads\/2018\/10\/milli_meclis_0001-2.jpg",482,361,false],"post-thumbnail":["https:\/\/arantv.az\/wp-content\/uploads\/2018\/10\/milli_meclis_0001-2-240x172.jpg",240,172,true],"advps-thumb-one":["https:\/\/arantv.az\/wp-content\/uploads\/2018\/10\/milli_meclis_0001-2.jpg",482,361,false]},"rttpg_author":{"display_name":"V\u00fcsal Rafiqo\u011flu","author_link":"https:\/\/arantv.az\/?author=2"},"rttpg_comment":0,"rttpg_category":"<a href=\"https:\/\/arantv.az\/?cat=4\" rel=\"category\">Siyas\u0259t<\/a>","rttpg_excerpt":"Oktyabr\u0131n 17-d\u0259n 21-d\u0259k T\u00fcrkiy\u0259nin Antalya \u015f\u0259h\u0259rind\u0259 Beyn\u0259lxalq Orqan N\u0259qli \u015e\u0259b\u0259k\u0259sinin birinci qurultay\u0131 ke\u00e7iril\u0259c\u0259k. ARANTV.AZ\u00a0 trend-\u0259 istinad\u0259n x\u0259b\u0259r verir ki, t\u0259dbird\u0259 Milli M\u0259clisin S\u0259hiyy\u0259 komit\u0259sinin s\u0259dr m\u00fcavini Musa Quliyev i\u015ftirak ed\u0259c\u0259k. T\u00fcrkiy\u0259 Orqan N\u0259qli V\u0259qfinin T\u00fcrkiy\u0259nin S\u0259hiyy\u0259 Nazirliyi il\u0259 \u0259m\u0259kda\u015fl\u0131\u011f\u0131 \u00e7\u0259r\u00e7iv\u0259sind\u0259 t\u0259\u015fkil olunmu\u015f qurultayda orqan n\u0259qli sah\u0259sind\u0259 son elmi yenilikl\u0259r m\u00fczakir\u0259 olunacaq, pe\u015f\u0259kar inki\u015faf \u00fc\u00e7\u00fcn bu&hellip;","_links":{"self":[{"href":"https:\/\/arantv.az\/index.php?rest_route=\/wp\/v2\/posts\/19419"}],"collection":[{"href":"https:\/\/arantv.az\/index.php?rest_route=\/wp\/v2\/posts"}],"about":[{"href":"https:\/\/arantv.az\/index.php?rest_route=\/wp\/v2\/types\/post"}],"author":[{"embeddable":true,"href":"https:\/\/arantv.az\/index.php?rest_route=\/wp\/v2\/users\/2"}],"replies":[{"embeddable":true,"href":"https:\/\/arantv.az\/index.php?rest_route=%2Fwp%2Fv2%2Fcomments&post=19419"}],"version-history":[{"count":0,"href":"https:\/\/arantv.az\/index.php?rest_route=\/wp\/v2\/posts\/19419\/revisions"}],"wp:featuredmedia":[{"embeddable":true,"href":"https:\/\/arantv.az\/index.php?rest_route=\/wp\/v2\/media\/19420"}],"wp:attachment":[{"href":"https:\/\/arantv.az\/index.php?rest_route=%2Fwp%2Fv2%2Fmedia&parent=19419"}],"wp:term":[{"taxonomy":"category","embeddable":true,"href":"https:\/\/arantv.az\/index.php?rest_route=%2Fwp%2Fv2%2Fcategories&post=19419"},{"taxonomy":"post_tag","embeddable":true,"href":"https:\/\/arantv.az\/index.php?rest_route=%2Fwp%2Fv2%2Ftags&post=19419"}],"curies":[{"name":"wp","href":"https:\/\/api.w.org\/{rel}","templated":true}]}}