{"id":19435,"date":"2018-10-17T09:48:08","date_gmt":"2018-10-17T06:48:08","guid":{"rendered":"http:\/\/arantv.az\/?p=19435"},"modified":"2018-10-17T09:48:08","modified_gmt":"2018-10-17T06:48:08","slug":"mikayil-cabbarovdan-yeni-q%c9%99rar","status":"publish","type":"post","link":"https:\/\/arantv.az\/?p=19435","title":{"rendered":"Mikay\u0131l Cabbarovdan yeni q\u0259rar"},"content":{"rendered":"<div class=\"spot\">Vergil\u0259r Nazirliyi \u201cKommersiya v\u0259 (v\u0259 ya) vergi sirri t\u0259\u015fkil ed\u0259n m\u0259lumatlar\u0131 \u0259ld\u0259 ed\u0259 bil\u0259n v\u0259zif\u0259li \u015f\u0259xsl\u0259rin siyah\u0131s\u0131\u201dn\u0131 t\u0259sdiq edib.<\/div>\n<p><strong>ARANTV.AZ<\/strong>-\u0131n Report-a istinad\u0259n verdiyi m\u0259lumata g\u00f6r\u0259, q\u0259rar\u0131 nazir Mikay\u0131l Cabbarov imzalay\u0131b.<\/p>\n<div id=\"AdributorNativeVideo0\" class=\"AdributorNativeVideo\"><\/div>\n<p>S\u0259n\u0259d\u0259 \u0259sas\u0259n, Kommersiya v\u0259 (v\u0259 ya) vergi sirri t\u0259\u015fkil ed\u0259n m\u0259lumatlar\u0131 \u0259ld\u0259 ed\u0259 bil\u0259n v\u0259zif\u0259li \u015f\u0259xsl\u0259rin siyah\u0131s\u0131na Az\u0259rbaycan Vergil\u0259r Nazirliyi \u00fczr\u0259: vergil\u0259r naziri, vergil\u0259r nazirinin birinci m\u00fcavini, vergil\u0259r nazirinin m\u00fcavinl\u0259ri, vergil\u0259r nazirinin m\u00fc\u015favirl\u0259ri, vergil\u0259r nazirinin k\u00f6m\u0259k\u00e7isi, Vergil\u0259r Nazirliyinin Aparat\u0131n\u0131n r\u0259hb\u0259ri, onun m\u00fcavinl\u0259ri, Vergil\u0259r Nazirliyinin aparat\u0131n\u0131n departamentl\u0259rinin (\u015f\u00f6b\u0259l\u0259rinin) ba\u015f direktorlar\u0131 (direktorlar\u0131), onlar\u0131n m\u00fcavinl\u0259ri, habel\u0259 h\u0259min departamentl\u0259rin t\u0259rkibind\u0259 idar\u0259l\u0259rin direktorlar\u0131 v\u0259 \u015f\u00f6b\u0259l\u0259rin r\u0259hb\u0259rl\u0259ri, Vergil\u0259r Nazirliyinin yan\u0131nda departamentl\u0259rin v\u0259 \u0259razi vergil\u0259r departamentl\u0259rinin ba\u015f direktorlar\u0131, onlar\u0131n m\u00fcavinl\u0259ri, habel\u0259 h\u0259min departamentl\u0259rin t\u0259rkibind\u0259 idar\u0259l\u0259rin direktorlar\u0131 (r\u0259isl\u0259ri), \u015f\u00f6b\u0259l\u0259rin (b\u00f6lm\u0259l\u0259rin) r\u0259hb\u0259rl\u0259ri (r\u0259isl\u0259ri), Vergil\u0259r Nazirliyinin \u0259razi vergil\u0259r idar\u0259l\u0259rinin direktorlar\u0131, onlar\u0131n m\u00fcavinl\u0259ri, habel\u0259 h\u0259min idar\u0259l\u0259rin t\u0259rkibind\u0259 \u015f\u00f6b\u0259l\u0259rin (b\u00f6lm\u0259l\u0259rin) r\u0259hb\u0259rl\u0259ri, Vergil\u0259r Nazirliyinin rayon vergil\u0259r \u015f\u00f6b\u0259l\u0259rinin direktorlar\u0131, onlar\u0131n m\u00fcavinl\u0259ri, o c\u00fcml\u0259d\u0259n Nax\u00e7\u0131van Muxtar Respublikas\u0131n\u0131n Vergil\u0259r Nazirliyi \u00fczr\u0259: Nax\u00e7\u0131van Muxtar Respublikas\u0131n\u0131n vergil\u0259r naziri, Nax\u00e7\u0131van Muxtar Respublikas\u0131n\u0131n vergil\u0259r nazirinin m\u00fcavini, Nax\u00e7\u0131van Muxtar Respublikas\u0131n\u0131n Vergil\u0259r Nazirliyi Aparat\u0131n\u0131n r\u0259hb\u0259ri, Nax\u00e7\u0131van Muxtar Respublikas\u0131n\u0131n vergil\u0259r nazirinin k\u00f6m\u0259k\u00e7isi, Nax\u00e7\u0131van Muxtar Respublikas\u0131n\u0131n Vergil\u0259r Nazirliyi aparat\u0131n\u0131n \u015f\u00f6b\u0259 (b\u00f6lm\u0259) r\u0259isl\u0259ri, Nax\u00e7\u0131van Muxtar Respublikas\u0131 Vergil\u0259r Nazirliyinin \u015f\u0259h\u0259r (rayon) vergil\u0259r idar\u0259l\u0259rinin r\u0259isl\u0259ri, onlar\u0131n m\u00fcavinl\u0259ri, habel\u0259 h\u0259min idar\u0259l\u0259rin t\u0259rkibind\u0259 \u015f\u00f6b\u0259l\u0259rin (b\u00f6lm\u0259l\u0259rin) r\u0259isl\u0259ri, Nax\u00e7\u0131van Muxtar Respublikas\u0131 Vergil\u0259r Nazirliyinin rayon vergil\u0259r \u015f\u00f6b\u0259l\u0259rinin v\u0259 h\u0259min \u015f\u00f6b\u0259l\u0259rin t\u0259rkibind\u0259 b\u00f6lm\u0259l\u0259rin r\u0259isl\u0259ri daxildir.<\/p>\n","protected":false},"excerpt":{"rendered":"<p>Vergil\u0259r Nazirliyi \u201cKommersiya v\u0259 (v\u0259 ya) vergi sirri t\u0259\u015fkil ed\u0259n m\u0259lumatlar\u0131 \u0259ld\u0259 ed\u0259 bil\u0259n v\u0259zif\u0259li \u015f\u0259xsl\u0259rin siyah\u0131s\u0131\u201dn\u0131 t\u0259sdiq edib. ARANTV.AZ-\u0131n Report-a istinad\u0259n verdiyi m\u0259lumata g\u00f6r\u0259, q\u0259rar\u0131 nazir Mikay\u0131l Cabbarov imzalay\u0131b. S\u0259n\u0259d\u0259 \u0259sas\u0259n, Kommersiya v\u0259 (v\u0259 ya) vergi sirri t\u0259\u015fkil ed\u0259n m\u0259lumatlar\u0131 \u0259ld\u0259 ed\u0259 bil\u0259n v\u0259zif\u0259li \u015f\u0259xsl\u0259rin siyah\u0131s\u0131na Az\u0259rbaycan Vergil\u0259r Nazirliyi \u00fczr\u0259: vergil\u0259r naziri, vergil\u0259r nazirinin birinci m\u00fcavini, vergil\u0259r nazirinin m\u00fcavinl\u0259ri, vergil\u0259r nazirinin m\u00fc\u015favirl\u0259ri, vergil\u0259r nazirinin k\u00f6m\u0259k\u00e7isi, Vergil\u0259r Nazirliyinin Aparat\u0131n\u0131n r\u0259hb\u0259ri, onun m\u00fcavinl\u0259ri, Vergil\u0259r Nazirliyinin aparat\u0131n\u0131n departamentl\u0259rinin (\u015f\u00f6b\u0259l\u0259rinin) ba\u015f direktorlar\u0131 (direktorlar\u0131), onlar\u0131n m\u00fcavinl\u0259ri, habel\u0259 h\u0259min departamentl\u0259rin t\u0259rkibind\u0259 idar\u0259l\u0259rin direktorlar\u0131 v\u0259 \u015f\u00f6b\u0259l\u0259rin&hellip;<\/p>\n","protected":false},"author":2,"featured_media":19436,"comment_status":"closed","ping_status":"closed","sticky":false,"template":"","format":"standard","meta":{"om_disable_all_campaigns":false,"_monsterinsights_skip_tracking":false,"_monsterinsights_sitenote_active":false,"_monsterinsights_sitenote_note":"","_monsterinsights_sitenote_category":0},"categories":[1],"tags":[],"aioseo_notices":[],"gutentor_comment":0,"rttpg_featured_image_url":{"full":["https:\/\/arantv.az\/wp-content\/uploads\/2018\/10\/Mikayilcabbarov.jpg",620,375,false],"landscape":["https:\/\/arantv.az\/wp-content\/uploads\/2018\/10\/Mikayilcabbarov.jpg",620,375,false],"portraits":["https:\/\/arantv.az\/wp-content\/uploads\/2018\/10\/Mikayilcabbarov.jpg",620,375,false],"thumbnail":["https:\/\/arantv.az\/wp-content\/uploads\/2018\/10\/Mikayilcabbarov-150x150.jpg",150,150,true],"medium":["https:\/\/arantv.az\/wp-content\/uploads\/2018\/10\/Mikayilcabbarov-300x181.jpg",300,181,true],"large":["https:\/\/arantv.az\/wp-content\/uploads\/2018\/10\/Mikayilcabbarov.jpg",620,375,false],"1536x1536":["https:\/\/arantv.az\/wp-content\/uploads\/2018\/10\/Mikayilcabbarov.jpg",620,375,false],"2048x2048":["https:\/\/arantv.az\/wp-content\/uploads\/2018\/10\/Mikayilcabbarov.jpg",620,375,false],"post-thumbnail":["https:\/\/arantv.az\/wp-content\/uploads\/2018\/10\/Mikayilcabbarov-240x172.jpg",240,172,true],"advps-thumb-one":["https:\/\/arantv.az\/wp-content\/uploads\/2018\/10\/Mikayilcabbarov.jpg",620,375,false]},"rttpg_author":{"display_name":"V\u00fcsal Rafiqo\u011flu","author_link":"https:\/\/arantv.az\/?author=2"},"rttpg_comment":0,"rttpg_category":"<a href=\"https:\/\/arantv.az\/?cat=1\" rel=\"category\">C\u0259miyy\u0259t<\/a>","rttpg_excerpt":"Vergil\u0259r Nazirliyi \u201cKommersiya v\u0259 (v\u0259 ya) vergi sirri t\u0259\u015fkil ed\u0259n m\u0259lumatlar\u0131 \u0259ld\u0259 ed\u0259 bil\u0259n v\u0259zif\u0259li \u015f\u0259xsl\u0259rin siyah\u0131s\u0131\u201dn\u0131 t\u0259sdiq edib. ARANTV.AZ-\u0131n Report-a istinad\u0259n verdiyi m\u0259lumata g\u00f6r\u0259, q\u0259rar\u0131 nazir Mikay\u0131l Cabbarov imzalay\u0131b. S\u0259n\u0259d\u0259 \u0259sas\u0259n, Kommersiya v\u0259 (v\u0259 ya) vergi sirri t\u0259\u015fkil ed\u0259n m\u0259lumatlar\u0131 \u0259ld\u0259 ed\u0259 bil\u0259n v\u0259zif\u0259li \u015f\u0259xsl\u0259rin siyah\u0131s\u0131na Az\u0259rbaycan Vergil\u0259r Nazirliyi \u00fczr\u0259: vergil\u0259r naziri, vergil\u0259r nazirinin&hellip;","_links":{"self":[{"href":"https:\/\/arantv.az\/index.php?rest_route=\/wp\/v2\/posts\/19435"}],"collection":[{"href":"https:\/\/arantv.az\/index.php?rest_route=\/wp\/v2\/posts"}],"about":[{"href":"https:\/\/arantv.az\/index.php?rest_route=\/wp\/v2\/types\/post"}],"author":[{"embeddable":true,"href":"https:\/\/arantv.az\/index.php?rest_route=\/wp\/v2\/users\/2"}],"replies":[{"embeddable":true,"href":"https:\/\/arantv.az\/index.php?rest_route=%2Fwp%2Fv2%2Fcomments&post=19435"}],"version-history":[{"count":0,"href":"https:\/\/arantv.az\/index.php?rest_route=\/wp\/v2\/posts\/19435\/revisions"}],"wp:featuredmedia":[{"embeddable":true,"href":"https:\/\/arantv.az\/index.php?rest_route=\/wp\/v2\/media\/19436"}],"wp:attachment":[{"href":"https:\/\/arantv.az\/index.php?rest_route=%2Fwp%2Fv2%2Fmedia&parent=19435"}],"wp:term":[{"taxonomy":"category","embeddable":true,"href":"https:\/\/arantv.az\/index.php?rest_route=%2Fwp%2Fv2%2Fcategories&post=19435"},{"taxonomy":"post_tag","embeddable":true,"href":"https:\/\/arantv.az\/index.php?rest_route=%2Fwp%2Fv2%2Ftags&post=19435"}],"curies":[{"name":"wp","href":"https:\/\/api.w.org\/{rel}","templated":true}]}}