{"id":19485,"date":"2018-10-17T13:51:50","date_gmt":"2018-10-17T10:51:50","guid":{"rendered":"http:\/\/arantv.az\/?p=19485"},"modified":"2018-10-17T13:51:50","modified_gmt":"2018-10-17T10:51:50","slug":"bu-hesabat-dunya-olk%c9%99l%c9%99rin%c9%99-az%c9%99rbaycan-prezidentinin-f%c9%99aliyy%c9%99tinin-n%c9%99tic%c9%99l%c9%99ri-il%c9%99-bir-daha-tanis-olmaq-imkani-verir","status":"publish","type":"post","link":"https:\/\/arantv.az\/?p=19485","title":{"rendered":"&#8220;Bu hesabat d\u00fcnya \u00f6lk\u0259l\u0259rin\u0259 Az\u0259rbaycan Prezidentinin f\u0259aliyy\u0259tinin n\u0259tic\u0259l\u0259ri il\u0259 bir daha tan\u0131\u015f olmaq imkan\u0131 verir&#8221;"},"content":{"rendered":"<blockquote><p><em><strong>D\u00fcnya \u0130qtisadi Forumunun tamamil\u0259 yeni metodologiya \u0259sas\u0131nda haz\u0131rlad\u0131\u011f\u0131 Qlobal R\u0259qab\u0259tlilik Hesabat\u0131nda Az\u0259rbaycan\u0131n d\u00fcnya \u00f6lk\u0259l\u0259ri aras\u0131nda qabaqc\u0131l m\u00f6vqeyini qoruyub saxlamas\u0131 t\u0259qdir\u0259layiqdir v\u0259 q\u00fcrurvericidir.<\/strong><\/em><\/p><\/blockquote>\n<p><strong>ARANTV.AZ\u00a0<\/strong> x\u0259b\u0259r verir ki, bunu\u00a0 trend-\u0259 a\u00e7\u0131qlamas\u0131nda &#8220;Bak\u0131 x\u0259b\u0259r&#8221; q\u0259zetinin ba\u015f redaktoru, ekspert Ayd\u0131n Quliyev deyib.<\/p>\n<p>Onun s\u00f6zl\u0259rin\u0259 g\u00f6r\u0259, D\u00fcnya \u0130qtisadi Forumu \u00f6z\u00fcn\u00fcn d\u00f6vl\u0259tl\u0259r\u0259 yana\u015fma metodologiyas\u0131n\u0131 d\u0259yiss\u0259 d\u0259, Az\u0259rbaycan \u00f6z qabaqc\u0131l m\u00f6vqeyini d\u0259yi\u015fm\u0259z saxlaya bilib:<\/p>\n<p>&#8220;Bu, olduqca \u0259h\u0259miyy\u0259tli n\u0259tic\u0259dir v\u0259 \u00f6lk\u0259daxili prosesl\u0259rin b\u00fct\u00fcn istiqam\u0259tl\u0259rind\u0259 Az\u0259rbaycan\u0131n dinamik artan x\u0259tt \u00fczr\u0259 getdiyini bir daha t\u0259sdiql\u0259yir. Dig\u0259r bir prinsipial m\u0259qam Az\u0259rbaycan\u0131n t\u0259xmin\u0259n 70-\u0259 yax\u0131n yeni v\u0259 indiy\u0259 q\u0259d\u0259r praktikada t\u0259tbiq olunmam\u0131\u015f indikator \u00fczr\u0259 b\u00f6y\u00fck n\u0259tic\u0259l\u0259r\u0259 nail ola bilm\u0259sidir. Bu o dem\u0259kdir ki, Az\u0259rbaycan hans\u0131 indikatorlar \u00fczr\u0259 qiym\u0259tl\u0259ndirm\u0259l\u0259rin d\u00fcnya \u00fczr\u0259 apar\u0131laca\u011f\u0131n\u0131 \u00f6nc\u0259d\u0259n bilm\u0259d\u0259n bu istiqam\u0259tl\u0259rd\u0259 i\u015f apar\u0131b v\u0259 dem\u0259li, hans\u0131sa hesabatda \u00f6nc\u00fcl olmaq yox, \u0259halinin iqtisadi v\u0259 rifah v\u0259ziyy\u0259tinin yax\u015f\u0131la\u015fd\u0131r\u0131lmas\u0131 d\u00f6vl\u0259timizin v\u0259 \u015f\u0259xs\u0259n c\u0259nab Prezident \u0130lham \u018fliyevin f\u0259aliyy\u0259tinin apar\u0131c\u0131 motivini t\u0259\u015fkil edib, edir. Sosial \u0259dal\u0259tin s\u0259viyy\u0259sin\u0259 g\u00f6r\u0259 Az\u0259rbaycan\u0131n \u0259n y\u00fcks\u0259k yerd\u0259 b\u0259rq\u0259rar olmas\u0131 da \u00f6lk\u0259d\u0259 apar\u0131lan siyas\u0259tin m\u0259ntiqin\u0259 tam uy\u011fun n\u0259tic\u0259dir. Az\u0259rbaycanda ham\u0131n\u0131n h\u0259s\u0259d apard\u0131\u011f\u0131 sabitliyin, Prezident\u0259 ictimai d\u0259st\u0259yin, mill\u0259tl\u0259r v\u0259 dinl\u0259raras\u0131 h\u0259mr\u0259yliyin, \u00fcmumv\u0259t\u0259nda\u015f h\u0259mr\u0259yliyinin k\u00f6k\u00fc v\u0259 t\u0259minat\u0131 m\u0259hz buradad\u0131r. H\u0259qiq\u0259t\u0259n d\u0259 \u0259g\u0259r \u00f6lk\u0259d\u0259 sosial \u0259dal\u0259t y\u00fcks\u0259k s\u0259viyy\u0259d\u0259 olmasa, davaml\u0131 sabitlik v\u0259 daxili etibarl\u0131 t\u0259hl\u00fck\u0259sizlikd\u0259n dan\u0131\u015fa bilm\u0259rik&#8221;.<\/p>\n<div id=\"AdributorNativeVideo0\" class=\"AdributorNativeVideo\"><\/div>\n<p>Ekspert bildirib ki, biznesin dinamikliyi, t\u0259hsil v\u0259 infrastruktur indikatoru uzr\u0259 Az\u0259rbaycan\u0131n y\u00fcks\u0259k d\u00fcnya reytinqi qazanmas\u0131 da reall\u0131qlara tam uy\u011fundur:<\/p>\n<p>&#8220;Bu hesabat h\u0259m d\u0259 d\u00fcnya xalqlar\u0131na v\u0259 d\u00f6vl\u0259tl\u0259r\u0259 Az\u0259rbaycan Prezidentinin f\u0259aliyy\u0259tinin m\u0259qs\u0259dy\u00f6nl\u00fc n\u0259tic\u0259l\u0259ri il\u0259 bir daha tan\u0131\u015f olmaq imkan\u0131 verir. D\u00fcnya \u0130qtisadi Forumunun d\u00fcnya \u00fczr\u0259 iqtisadi-sosial m\u00fcf\u0259tti\u015f rolu oynad\u0131\u011f\u0131n\u0131 n\u0259z\u0259r\u0259 alsaq, Az\u0259rbaycan\u0131n \u0259ld\u0259 etdiyi n\u0259tic\u0259l\u0259ri he\u00e7 d\u0259 h\u0259r d\u00f6vl\u0259tin nail ola bilm\u0259diyi u\u011furlar kimi d\u0259y\u0259rl\u0259ndirm\u0259k laz\u0131md\u0131r. Hesabat d\u00fcnyaya bir daha g\u00f6st\u0259rdi ki, Az\u0259rbaycan \u0259halinin sosial rifah\u0131n\u0131n 100 faiz t\u0259min olundu\u011fu \u00f6lk\u0259dir, \u0259n s\u00fcr\u0259tli biznes qurmaq imkanlar\u0131 yaratm\u0131\u015f \u00f6lk\u0259dir, \u0259traf m\u00fchitl\u0259 insan inkisaf\u0131 aras\u0131nda m\u00f6hk\u0259m \u0259laq\u0259 qurmu\u015f \u00f6lk\u0259dir, infrastruktur layih\u0259l\u0259r\u0259 fasil\u0259siz \u00f6n\u0259m ver\u0259n \u00f6lk\u0259dir&#8221;.<\/p>\n<p>A.Quliyev \u0259lav\u0259 edib ki, D\u00fcnya \u0130qtisadi Forumunun son hesabat\u0131n\u0131n arxas\u0131nda Az\u0259rbaycan Prezidentinin 15 illik f\u0259aliyy\u0259tinin ancaq bir hiss\u0259si dayan\u0131r v\u0259 \u0259g\u0259r \u00f6lk\u0259d\u0259 g\u00f6r\u00fcl\u0259n i\u015fl\u0259rin ham\u0131s\u0131 D\u00fcnya \u0130qtisadi Forumu hesabat\u0131n\u0131n indikatorlar\u0131n\u0131n s\u0131ras\u0131na daxil edils\u0259ydi, beyn\u0259lxalq reytinq g\u00f6st\u0259ricil\u0259rimiz daha y\u00fcks\u0259k olard\u0131: &#8220;Ancaq Prezident \u0130lham \u018fliyevin apard\u0131\u011f\u0131 ard\u0131c\u0131l v\u0259 m\u0259qs\u0259dy\u00f6nl\u00fc siyas\u0259t dem\u0259y\u0259 \u0259sas verir ki, g\u0259l\u0259c\u0259kd\u0259 forumun daha y\u00fcks\u0259k reytinq t\u0259l\u0259bl\u0259rin\u0259 cavab ver\u0259n u\u011furlar\u0131n m\u00f6hk\u0259m \u0259sas\u0131 yarad\u0131l\u0131b. \u0130lham \u018fliyevin siyas\u0259ti Az\u0259rbaycan\u0131n b\u00fct\u00fcn beyn\u0259lxalq reytinq g\u00f6st\u0259ricil\u0259rinin yegan\u0259 t\u0259minat m\u0259nb\u0259yidir&#8221;.<\/p>\n","protected":false},"excerpt":{"rendered":"<p>D\u00fcnya \u0130qtisadi Forumunun tamamil\u0259 yeni metodologiya \u0259sas\u0131nda haz\u0131rlad\u0131\u011f\u0131 Qlobal R\u0259qab\u0259tlilik Hesabat\u0131nda Az\u0259rbaycan\u0131n d\u00fcnya \u00f6lk\u0259l\u0259ri aras\u0131nda qabaqc\u0131l m\u00f6vqeyini qoruyub saxlamas\u0131 t\u0259qdir\u0259layiqdir v\u0259 q\u00fcrurvericidir. ARANTV.AZ\u00a0 x\u0259b\u0259r verir ki, bunu\u00a0 trend-\u0259 a\u00e7\u0131qlamas\u0131nda &#8220;Bak\u0131 x\u0259b\u0259r&#8221; q\u0259zetinin ba\u015f redaktoru, ekspert Ayd\u0131n Quliyev deyib. Onun s\u00f6zl\u0259rin\u0259 g\u00f6r\u0259, D\u00fcnya \u0130qtisadi Forumu \u00f6z\u00fcn\u00fcn d\u00f6vl\u0259tl\u0259r\u0259 yana\u015fma metodologiyas\u0131n\u0131 d\u0259yiss\u0259 d\u0259, Az\u0259rbaycan \u00f6z qabaqc\u0131l m\u00f6vqeyini d\u0259yi\u015fm\u0259z saxlaya bilib: &#8220;Bu, olduqca \u0259h\u0259miyy\u0259tli n\u0259tic\u0259dir v\u0259 \u00f6lk\u0259daxili prosesl\u0259rin b\u00fct\u00fcn istiqam\u0259tl\u0259rind\u0259 Az\u0259rbaycan\u0131n dinamik artan x\u0259tt \u00fczr\u0259 getdiyini bir daha t\u0259sdiql\u0259yir. Dig\u0259r bir prinsipial m\u0259qam Az\u0259rbaycan\u0131n t\u0259xmin\u0259n 70-\u0259 yax\u0131n yeni v\u0259 indiy\u0259 q\u0259d\u0259r praktikada t\u0259tbiq olunmam\u0131\u015f&hellip;<\/p>\n","protected":false},"author":2,"featured_media":19486,"comment_status":"closed","ping_status":"closed","sticky":false,"template":"","format":"standard","meta":{"om_disable_all_campaigns":false,"_monsterinsights_skip_tracking":false,"_monsterinsights_sitenote_active":false,"_monsterinsights_sitenote_note":"","_monsterinsights_sitenote_category":0},"categories":[1],"tags":[],"aioseo_notices":[],"gutentor_comment":0,"rttpg_featured_image_url":{"full":["https:\/\/arantv.az\/wp-content\/uploads\/2018\/10\/691788.jpg",800,600,false],"landscape":["https:\/\/arantv.az\/wp-content\/uploads\/2018\/10\/691788.jpg",800,600,false],"portraits":["https:\/\/arantv.az\/wp-content\/uploads\/2018\/10\/691788.jpg",800,600,false],"thumbnail":["https:\/\/arantv.az\/wp-content\/uploads\/2018\/10\/691788-150x150.jpg",150,150,true],"medium":["https:\/\/arantv.az\/wp-content\/uploads\/2018\/10\/691788-300x225.jpg",300,225,true],"large":["https:\/\/arantv.az\/wp-content\/uploads\/2018\/10\/691788.jpg",640,480,false],"1536x1536":["https:\/\/arantv.az\/wp-content\/uploads\/2018\/10\/691788.jpg",800,600,false],"2048x2048":["https:\/\/arantv.az\/wp-content\/uploads\/2018\/10\/691788.jpg",800,600,false],"post-thumbnail":["https:\/\/arantv.az\/wp-content\/uploads\/2018\/10\/691788-240x172.jpg",240,172,true],"advps-thumb-one":["https:\/\/arantv.az\/wp-content\/uploads\/2018\/10\/691788.jpg",800,600,false]},"rttpg_author":{"display_name":"V\u00fcsal Rafiqo\u011flu","author_link":"https:\/\/arantv.az\/?author=2"},"rttpg_comment":0,"rttpg_category":"<a href=\"https:\/\/arantv.az\/?cat=1\" rel=\"category\">C\u0259miyy\u0259t<\/a>","rttpg_excerpt":"D\u00fcnya \u0130qtisadi Forumunun tamamil\u0259 yeni metodologiya \u0259sas\u0131nda haz\u0131rlad\u0131\u011f\u0131 Qlobal R\u0259qab\u0259tlilik Hesabat\u0131nda Az\u0259rbaycan\u0131n d\u00fcnya \u00f6lk\u0259l\u0259ri aras\u0131nda qabaqc\u0131l m\u00f6vqeyini qoruyub saxlamas\u0131 t\u0259qdir\u0259layiqdir v\u0259 q\u00fcrurvericidir. ARANTV.AZ\u00a0 x\u0259b\u0259r verir ki, bunu\u00a0 trend-\u0259 a\u00e7\u0131qlamas\u0131nda &#8220;Bak\u0131 x\u0259b\u0259r&#8221; q\u0259zetinin ba\u015f redaktoru, ekspert Ayd\u0131n Quliyev deyib. Onun s\u00f6zl\u0259rin\u0259 g\u00f6r\u0259, D\u00fcnya \u0130qtisadi Forumu \u00f6z\u00fcn\u00fcn d\u00f6vl\u0259tl\u0259r\u0259 yana\u015fma metodologiyas\u0131n\u0131 d\u0259yiss\u0259 d\u0259, Az\u0259rbaycan \u00f6z qabaqc\u0131l m\u00f6vqeyini d\u0259yi\u015fm\u0259z&hellip;","_links":{"self":[{"href":"https:\/\/arantv.az\/index.php?rest_route=\/wp\/v2\/posts\/19485"}],"collection":[{"href":"https:\/\/arantv.az\/index.php?rest_route=\/wp\/v2\/posts"}],"about":[{"href":"https:\/\/arantv.az\/index.php?rest_route=\/wp\/v2\/types\/post"}],"author":[{"embeddable":true,"href":"https:\/\/arantv.az\/index.php?rest_route=\/wp\/v2\/users\/2"}],"replies":[{"embeddable":true,"href":"https:\/\/arantv.az\/index.php?rest_route=%2Fwp%2Fv2%2Fcomments&post=19485"}],"version-history":[{"count":0,"href":"https:\/\/arantv.az\/index.php?rest_route=\/wp\/v2\/posts\/19485\/revisions"}],"wp:featuredmedia":[{"embeddable":true,"href":"https:\/\/arantv.az\/index.php?rest_route=\/wp\/v2\/media\/19486"}],"wp:attachment":[{"href":"https:\/\/arantv.az\/index.php?rest_route=%2Fwp%2Fv2%2Fmedia&parent=19485"}],"wp:term":[{"taxonomy":"category","embeddable":true,"href":"https:\/\/arantv.az\/index.php?rest_route=%2Fwp%2Fv2%2Fcategories&post=19485"},{"taxonomy":"post_tag","embeddable":true,"href":"https:\/\/arantv.az\/index.php?rest_route=%2Fwp%2Fv2%2Ftags&post=19485"}],"curies":[{"name":"wp","href":"https:\/\/api.w.org\/{rel}","templated":true}]}}