{"id":19488,"date":"2018-10-17T13:56:14","date_gmt":"2018-10-17T10:56:14","guid":{"rendered":"http:\/\/arantv.az\/?p=19488"},"modified":"2018-10-17T13:56:14","modified_gmt":"2018-10-17T10:56:14","slug":"az%c9%99rbaycanda-yoxsullarin-sayi-aciqlandi","status":"publish","type":"post","link":"https:\/\/arantv.az\/?p=19488","title":{"rendered":"Az\u0259rbaycanda yoxsullar\u0131n say\u0131 A\u00c7IQLANDI"},"content":{"rendered":"<p>1992-ci ild\u0259 BMT t\u0259r\u0259find\u0259n 17 oktyabr tarixinin \u00dcmumd\u00fcnya Yoxsulluqla m\u00fcbariz\u0259 g\u00fcn\u00fc kimi elan edilm\u0259si b\u00fct\u00fcn d\u00fcnyada yoxsullu\u011fa qar\u015f\u0131 milli, regional v\u0259 beyn\u0259lxalq s\u0259viyy\u0259l\u0259rd\u0259 m\u00fcbariz\u0259 s\u0259yl\u0259rini birl\u0259\u015fdirm\u0259k m\u0259qs\u0259din\u0259 xidm\u0259t edib.<\/p>\n<p><b>ARANTV.AZ<\/b> x\u0259b\u0259r verir ki, Az\u0259rbaycan da yoxsulluqla m\u00fcbariz\u0259 sah\u0259sind\u0259 f\u0259al siyas\u0259t\u0259 v\u0259 u\u011furlu t\u0259cr\u00fcb\u0259y\u0259 malik olan, bu sah\u0259d\u0259 m\u00fch\u00fcm add\u0131mlar\u0131n at\u0131ld\u0131\u011f\u0131 v\u0259 m\u00fcsb\u0259t n\u0259tic\u0259l\u0259rin \u0259ld\u0259 edildiyi \u00f6lk\u0259l\u0259rd\u0259n biridir.<\/p>\n<p>H\u0259l\u0259 2000-ci ilin sentyabr\u0131nda Nyu-Yorkda BMT-nin t\u0259\u015fkilat\u00e7\u0131l\u0131\u011f\u0131 il\u0259 147 \u00f6lk\u0259nin ba\u015f\u00e7\u0131s\u0131 t\u0259r\u0259find\u0259n Minilliyin sammitind\u0259 Minilliyin \u0130nki\u015faf M\u0259qs\u0259dl\u0259rini \u0259ks etdir\u0259n birg\u0259 B\u0259yannam\u0259 imzalan\u0131b. Az\u0259rbaycan Respublikas\u0131 ad\u0131ndan \u00fcmummilli liderimiz Heyd\u0259r \u018fliyevin imzalad\u0131\u011f\u0131 B\u0259yannam\u0259d\u0259 \u0259ksini tapan qlobal m\u0259qs\u0259dl\u0259rd\u0259n birincisi m\u0259hz ifrat yoxsulluq v\u0259 acl\u0131q i\u00e7ind\u0259 ya\u015fayan d\u00fcnya \u0259halisinin say\u0131n\u0131n yar\u0131yad\u0259k azald\u0131lmas\u0131 olub. \u201c2003-2005-ci ill\u0259r \u00fc\u00e7\u00fcn Az\u0259rbaycan Respublikas\u0131nda yoxsullu\u011fun azald\u0131lmas\u0131 v\u0259 iqtisadi inki\u015faf \u00fczr\u0259 D\u00f6vl\u0259t Proqram\u0131\u201d \u00f6lk\u0259mizd\u0259 b\u00fct\u00fcn sah\u0259l\u0259rd\u0259 t\u0259r\u0259qqi prosesl\u0259rin\u0259, habel\u0259 yoxsullu\u011fun ild\u0259n-il\u0259 azalmas\u0131na \u015f\u0259rait yarad\u0131b.<\/p>\n<p>Son 15 ild\u0259 bu siyas\u0259t Az\u0259rbaycan Prezidenti \u0130lham \u018fliyev t\u0259r\u0259find\u0259n y\u00fcks\u0259k s\u0259viyy\u0259d\u0259 davam etdirilib. Qeyd olunan D\u00f6vl\u0259t Proqram\u0131n\u0131n icras\u0131na dair 2005-ci il may ay\u0131n\u0131n 12-d\u0259 ke\u00e7iril\u0259n illik konfransda Prezident \u0130lham \u018fliyev &#8220;Az\u0259rbaycanda he\u00e7 kim yoxsulluq \u015f\u0259raitind\u0259 ya\u015famamal\u0131d\u0131r. Yoxsul insan olmamal\u0131d\u0131r&#8221; dey\u0259 b\u0259yan ed\u0259r\u0259k, bunu d\u00f6vl\u0259tin qar\u015f\u0131s\u0131nda strateji m\u0259qs\u0259d kimi m\u00fc\u0259yy\u0259n edib. \u201c2003-2005-ci ill\u0259r \u00fc\u00e7\u00fcn Az\u0259rbaycan Respublikas\u0131nda yoxsullu\u011fun azald\u0131lmas\u0131 v\u0259 iqtisadi inki\u015faf \u00fczr\u0259 D\u00f6vl\u0259t Proqram\u0131\u201dn\u0131n ba\u015fa \u00e7atmas\u0131 il\u0259 \u0259laq\u0259dar olaraq 15 sentyabr 2008-ci il tarixd\u0259 Prezident \u0130lham \u018fliyev t\u0259r\u0259find\u0259n &#8220;2008-2015-ci ill\u0259rd\u0259 Az\u0259rbaycan Respublikas\u0131nda yoxsullu\u011fun azald\u0131lmas\u0131 v\u0259 davaml\u0131 inki\u015faf D\u00f6vl\u0259t Proqram\u0131&#8221; t\u0259sdiq edilib. Bu proqram, habel\u0259 Az\u0259rbaycan Respublikas\u0131 regionlar\u0131n\u0131n sosial-iqtisadi inki\u015faf\u0131 m\u0259qs\u0259dil\u0259 t\u0259sdiql\u0259n\u0259r\u0259k u\u011furla icra olunan d\u00f6vl\u0259t proqramlar\u0131, el\u0259c\u0259 d\u0259 dig\u0259r vacib s\u0259n\u0259dl\u0259r, apar\u0131lan m\u0259qs\u0259dy\u00f6nl\u00fc d\u00f6vl\u0259t siyas\u0259ti respublikada uzunm\u00fcdd\u0259tli sosial-iqtisadi inki\u015faf\u0131 t\u0259min edib.<\/p>\n<p>Son 15 ild\u0259 \u00f6lk\u0259mizd\u0259 yoxsullu\u011fun da k\u0259skin \u015f\u0259kild\u0259 azalmas\u0131na nail olunub<\/p>\n<p>Milli iqtisadiyyat\u0131n 3,2 d\u0259f\u0259, o c\u00fcml\u0259d\u0259n qeyri-neft sektorunun 2,8 d\u0259f\u0259, qeyri-neft ixrac\u0131n\u0131n 4,1 d\u0259f\u0259, \u0259m\u0259k haqlar\u0131n\u0131n t\u0259xmin\u0259n 7 d\u0259f\u0259, minimum \u0259m\u0259khaqq\u0131n\u0131n 23 d\u0259f\u0259 artd\u0131\u011f\u0131, 3,1 min m\u0259kt\u0259bin, 640-dan \u00e7ox x\u0259st\u0259xanan\u0131n, eyni zamanda \u00e7oxsayl\u0131 sosial obyektl\u0259rin tikil\u0259r\u0259k istifad\u0259y\u0259 verildiyi, 92 m\u00fcasir q\u0259s\u0259b\u0259 v\u0259 ya\u015fay\u0131\u015f kompleksi sal\u0131nmaqla, 270 min\u0259d\u0259k m\u0259cburi k\u00f6\u00e7k\u00fcn\u00fcn m\u00fcasir \u015f\u0259raitli m\u0259nzill\u0259rl\u0259 t\u0259min olundu\u011fu son 15 ild\u0259 \u00f6lk\u0259mizd\u0259 yoxsullu\u011fun da k\u0259skin \u015f\u0259kild\u0259 azalmas\u0131na nail olunub. Az\u0259rbaycan Prezidenti \u0130lham \u018fliyevin qeyd etdiyi kimi \u201cYoxsullu\u011fa qar\u015f\u0131 m\u00fcbariz\u0259d\u0259 Az\u0259rbaycan b\u00f6y\u00fck u\u011furlara imza at\u0131b. Dem\u0259k olar ki, bu m\u0259s\u0259l\u0259l\u0259rl\u0259 m\u0259\u015f\u011ful olan b\u00fct\u00fcn beyn\u0259lxalq t\u0259\u015fkilatlar bunu n\u00fcmun\u0259 kimi g\u00f6st\u0259rirl\u0259r ki, yoxsulluq t\u0259xmin\u0259n 50 faizd\u0259n 5,4 faiz\u0259 d\u00fc\u015f\u00fcbd\u00fcr. \u0130\u015fsizlikl\u0259 ba\u011fl\u0131 b\u00f6y\u00fck i\u015fl\u0259r g\u00f6r\u00fcl\u00fcb. \u0130\u015fsizlik Az\u0259rbaycanda 5 faiz s\u0259viyy\u0259sind\u0259dir\u201d.<\/p>\n<p>Yoxsullu\u011fun azalmas\u0131nda \u0259halinin m\u0259\u015f\u011fulluq imkanlar\u0131n\u0131n art\u0131r\u0131lmas\u0131 da m\u00fch\u00fcm rola malikdir. 2003-2017-ci ill\u0259rd\u0259 Az\u0259rbaycanda 1,4 milyonu daimi olmaqla, 1,9 milyon yeni i\u015f yeri yarad\u0131l\u0131b, m\u0259\u015f\u011fulluq imkanlar\u0131 \u0259h\u0259miyy\u0259tli \u015f\u0259kild\u0259 artmaqla, \u0259m\u0259k bazar\u0131nda sabitlik, i\u015fsizliyin 5 faiz\u0259 enm\u0259si t\u0259min olunub. Yeni i\u015f yerl\u0259rinin a\u00e7\u0131lmas\u0131 daimi xarakter almaqla yana\u015f\u0131, d\u00f6vl\u0259t m\u0259\u015f\u011fulluq xidm\u0259tl\u0259ri, i\u015fsiz v\u0259 i\u015faxtaran v\u0259t\u0259nda\u015flar\u0131n m\u00fcnasib i\u015fl\u0259rl\u0259 t\u0259minat\u0131 t\u0259dbirl\u0259ri d\u0259 getdikc\u0259 g\u00fccl\u0259ndirilir. T\u0259kc\u0259 bu ilin 9 ay\u0131nda \u018fm\u0259k v\u0259 \u018fhalinin Sosial M\u00fcdafi\u0259si Nazirliyi yan\u0131nda D\u00f6vl\u0259t M\u0259\u015f\u011fulluq Xidm\u0259ti t\u0259r\u0259find\u0259n 44,8 min n\u0259f\u0259r i\u015fsiz v\u0259 i\u015faxtaran \u015f\u0259xs m\u00fcnasib i\u015fl\u0259rl\u0259 t\u0259min edilib, 865 n\u0259f\u0259r \u00f6d\u0259ni\u015fli ictimai i\u015fl\u0259r\u0259 g\u00f6nd\u0259rilib. Nazirliyin x\u0259tti il\u0259 cari ilin 9 ay\u0131nda \u00fcmumilikd\u0259 2075 n\u0259f\u0259r pe\u015f\u0259 haz\u0131rl\u0131\u011f\u0131na c\u0259lb olunub.<\/p>\n<p>50,2 min ail\u0259, y\u0259ni 200,2 min n\u0259f\u0259r yoxsul var<\/p>\n<p>Bu g\u00fcn \u00f6lk\u0259mizd\u0259 yoxsul ail\u0259l\u0259r \u00fcnvanl\u0131 d\u00f6vl\u0259t sosial yard\u0131m\u0131 proqram\u0131 il\u0259 \u0259hat\u0259 olunub. Respublika \u00fczr\u0259 2018-ci ilin 1 oktyabr tarixin\u0259 orta hesabla (Nax\u00e7\u0131van MR istisna olmaqla) 50,2 min ail\u0259 (200,2 min ail\u0259 \u00fczv\u00fc) \u00fcnvanl\u0131 d\u00f6vl\u0259t sosial yard\u0131m\u0131 il\u0259 t\u0259min edilir v\u0259 \u00fcnvanl\u0131 d\u00f6vl\u0259t sosial yard\u0131m\u0131n\u0131n bir ail\u0259y\u0259 d\u00fc\u015f\u0259n orta ayl\u0131q m\u0259bl\u0259\u011fi 165,4 manatd\u0131r. Bununla yana\u015f\u0131, azt\u0259minatl\u0131 ail\u0259l\u0259rin \u00f6z\u00fcn\u00fcm\u0259\u015f\u011fullu\u011funun d\u0259st\u0259kl\u0259nm\u0259si yolu il\u0259 onlar\u0131n sosial yard\u0131m proqram\u0131ndan as\u0131l\u0131l\u0131\u011f\u0131n\u0131n aradan qald\u0131r\u0131lmas\u0131na v\u0259 ki\u00e7ik ail\u0259 biznesin\u0259 sahib olmaqla sahibkarl\u0131\u011fa \u00e7\u0131x\u0131\u015f \u0259ld\u0259 etm\u0259l\u0259rin\u0259 d\u0259 \u015f\u0259rait yarad\u0131l\u0131r.<\/p>\n<p>D\u00f6vl\u0259t ba\u015f\u00e7\u0131s\u0131n\u0131n m\u00fcvafiq S\u0259r\u0259ncam\u0131 il\u0259 icra olunan \u00f6z\u00fcn\u00fcm\u0259\u015f\u011fulluq proqram\u0131 bu sah\u0259d\u0259 x\u00fcsusi \u0259h\u0259miyy\u0259ti il\u0259 se\u00e7ilir v\u0259 proqrama c\u0259lb olunmaq \u00fc\u00e7\u00fcn m\u00fcraci\u0259t ed\u0259nl\u0259r aras\u0131nda sosial c\u0259h\u0259td\u0259n h\u0259ssas qruplara, azt\u0259minatl\u0131 ail\u0259l\u0259rin n\u00fcmay\u0259nd\u0259l\u0259rin\u0259 x\u00fcsusi \u00fcst\u00fcnl\u00fck verilir. \u0130\u015fsizliyin v\u0259 n\u0259tic\u0259 etibaril\u0259 yoxullu\u011fun aradan qald\u0131rlmas\u0131nda m\u00fch\u00fcm rola malik olan \u00f6z\u00fcn\u00fcm\u0259\u015f\u011fulluq proqram\u0131na \u00f6t\u0259n il \u0259rzind\u0259 1200 n\u0259f\u0259r c\u0259lb olunubsa, 2018-ci ild\u0259 7 min\u0259d\u0259k i\u015fsiz v\u0259t\u0259nda\u015f\u0131n \u00f6z\u00fcn\u00fcm\u0259\u015f\u011fulluq proqram\u0131 \u00e7\u0259r\u00e7iv\u0259sind\u0259 ail\u0259 \u0259m\u0259yin\u0259 \u0259saslanan ki\u00e7ik ail\u0259 t\u0259s\u0259rr\u00fcfatlar\u0131n\u0131n yarad\u0131lmas\u0131 n\u0259z\u0259rd\u0259 tutulub. Onlar\u0131n art\u0131q ki\u00e7ik ail\u0259 biznesini qurmalar\u0131 \u00fc\u00e7\u00fcn mal v\u0259 materiallarla t\u0259min olunmas\u0131na ba\u015flan\u0131l\u0131b. Az\u0259rbaycan Prezidenti \u0130lham \u018fliyev Nazirl\u0259r Kabinetinin 2018-ci ilin doqquz ay\u0131n\u0131n sosial-iqtisadi inki\u015faf\u0131n\u0131n yekunlar\u0131na v\u0259 qar\u015f\u0131da duran v\u0259zif\u0259l\u0259r\u0259 h\u0259sr olunan iclas\u0131nda \u201c\u00d6z\u00fcn\u00fcm\u0259\u015f\u011fulluq proqram\u0131 i\u015fsizliyin, x\u00fcsusil\u0259 b\u00f6lg\u0259l\u0259rd\u0259 i\u015fsizliyin, yoxsullu\u011fun aradan qald\u0131r\u0131lmas\u0131 \u00fc\u00e7\u00fcn \u00e7ox \u00f6n\u0259mli bir vasit\u0259, al\u0259t olacaq. Eyni zamanda, bu g\u00fcn d\u00f6vl\u0259td\u0259n sosial yard\u0131m alan ail\u0259l\u0259r d\u00f6vl\u0259t t\u0259r\u0259find\u0259n, d\u00f6vl\u0259t d\u0259st\u0259yi il\u0259 onlara laz\u0131mi v\u0259sait veril\u0259nd\u0259n sonra \u00f6z h\u0259yatlar\u0131n\u0131 \u00f6zl\u0259ri quracaqlar v\u0259 \u00f6z maliyy\u0259 imkanlar\u0131n\u0131 b\u00f6y\u00fck d\u0259r\u0259c\u0259d\u0259 art\u0131rm\u0131\u015f olacaqlar\u201d, &#8211; dey\u0259 bildirib.<\/p>\n<p>Az\u0259rbaycanda apar\u0131lan g\u00fccl\u00fc sosial siyas\u0259t \u00f6lk\u0259d\u0259 sosial t\u0259minat sisteminin d\u0259 ild\u0259n-il\u0259 g\u00fccl\u0259nm\u0259sin\u0259 \u015f\u0259rait yarad\u0131r. Buna misal olaraq, son 15 ild\u0259 pensiyalarda 11,3 d\u0259f\u0259, \u00fcmumilikd\u0259 d\u00f6vl\u0259t b\u00fcdc\u0259sinin sosialy\u00f6n\u00fcml\u00fc x\u0259rcl\u0259rind\u0259 10 d\u0259f\u0259, o c\u00fcml\u0259d\u0259n sosial m\u00fcdafi\u0259 v\u0259 sosial t\u0259minat x\u0259rcl\u0259rind\u0259 11 d\u0259f\u0259 art\u0131m qeyd\u0259 al\u0131n\u0131b.<\/p>\n<p>2015-ci ilin sentyabr\u0131nda BMT sammitind\u0259 d\u00fcnyada acl\u0131\u011fa son qoymaq, insan h\u0259yat\u0131n\u0131 d\u0259yi\u015fm\u0259k v\u0259 planetimizi qorumaq \u00fc\u00e7\u00fcn birg\u0259 raz\u0131la\u015fd\u0131r\u0131lm\u0131\u015f h\u0259d\u0259fl\u0259rd\u0259n ibar\u0259t olan yeni Dayan\u0131ql\u0131 \u0130nki\u015faf M\u0259qs\u0259dl\u0259ri q\u0259bul edilib. Az\u0259rbaycan da Dayan\u0131ql\u0131 \u0130nki\u015faf M\u0259qs\u0259dl\u0259rin\u0259 qo\u015fularaq, bu M\u0259qs\u0259dl\u0259rin h\u0259r biri \u00fczr\u0259 f\u0259al siyas\u0259t h\u0259yata ke\u00e7irir.<\/p>\n<p>\u00dcmumiyy\u0259tl\u0259, \u00f6lk\u0259mizd\u0259 dayan\u0131ql\u0131 sosial-iqtisadi t\u0259r\u0259qqi prosesl\u0259ri, sosial firavanl\u0131\u011f\u0131n t\u0259minat\u0131 istiqam\u0259tind\u0259 at\u0131lan m\u00fch\u00fcm add\u0131mlar yoxsullu\u011fa qar\u015f\u0131 m\u00fcbariz\u0259 sah\u0259sind\u0259 qar\u015f\u0131dak\u0131 d\u00f6vrd\u0259 d\u0259 m\u00fch\u00fcm u\u011furlar\u0131n qazan\u0131lmas\u0131na imkan ver\u0259c\u0259k.big.az<\/p>\n","protected":false},"excerpt":{"rendered":"<p>1992-ci ild\u0259 BMT t\u0259r\u0259find\u0259n 17 oktyabr tarixinin \u00dcmumd\u00fcnya Yoxsulluqla m\u00fcbariz\u0259 g\u00fcn\u00fc kimi elan edilm\u0259si b\u00fct\u00fcn d\u00fcnyada yoxsullu\u011fa qar\u015f\u0131 milli, regional v\u0259 beyn\u0259lxalq s\u0259viyy\u0259l\u0259rd\u0259 m\u00fcbariz\u0259 s\u0259yl\u0259rini birl\u0259\u015fdirm\u0259k m\u0259qs\u0259din\u0259 xidm\u0259t edib. ARANTV.AZ x\u0259b\u0259r verir ki, Az\u0259rbaycan da yoxsulluqla m\u00fcbariz\u0259 sah\u0259sind\u0259 f\u0259al siyas\u0259t\u0259 v\u0259 u\u011furlu t\u0259cr\u00fcb\u0259y\u0259 malik olan, bu sah\u0259d\u0259 m\u00fch\u00fcm add\u0131mlar\u0131n at\u0131ld\u0131\u011f\u0131 v\u0259 m\u00fcsb\u0259t n\u0259tic\u0259l\u0259rin \u0259ld\u0259 edildiyi \u00f6lk\u0259l\u0259rd\u0259n biridir. H\u0259l\u0259 2000-ci ilin sentyabr\u0131nda Nyu-Yorkda BMT-nin t\u0259\u015fkilat\u00e7\u0131l\u0131\u011f\u0131 il\u0259 147 \u00f6lk\u0259nin ba\u015f\u00e7\u0131s\u0131 t\u0259r\u0259find\u0259n Minilliyin sammitind\u0259 Minilliyin \u0130nki\u015faf M\u0259qs\u0259dl\u0259rini \u0259ks etdir\u0259n birg\u0259 B\u0259yannam\u0259 imzalan\u0131b. Az\u0259rbaycan Respublikas\u0131 ad\u0131ndan \u00fcmummilli liderimiz Heyd\u0259r \u018fliyevin imzalad\u0131\u011f\u0131 B\u0259yannam\u0259d\u0259 \u0259ksini tapan&hellip;<\/p>\n","protected":false},"author":2,"featured_media":19489,"comment_status":"closed","ping_status":"closed","sticky":false,"template":"","format":"standard","meta":{"om_disable_all_campaigns":false,"_monsterinsights_skip_tracking":false,"_monsterinsights_sitenote_active":false,"_monsterinsights_sitenote_note":"","_monsterinsights_sitenote_category":0},"categories":[1],"tags":[],"aioseo_notices":[],"gutentor_comment":0,"rttpg_featured_image_url":{"full":["https:\/\/arantv.az\/wp-content\/uploads\/2018\/10\/1539763242_2016-12-20-10-52-59biznes.jpg",620,450,false],"landscape":["https:\/\/arantv.az\/wp-content\/uploads\/2018\/10\/1539763242_2016-12-20-10-52-59biznes.jpg",620,450,false],"portraits":["https:\/\/arantv.az\/wp-content\/uploads\/2018\/10\/1539763242_2016-12-20-10-52-59biznes.jpg",620,450,false],"thumbnail":["https:\/\/arantv.az\/wp-content\/uploads\/2018\/10\/1539763242_2016-12-20-10-52-59biznes-150x150.jpg",150,150,true],"medium":["https:\/\/arantv.az\/wp-content\/uploads\/2018\/10\/1539763242_2016-12-20-10-52-59biznes-300x218.jpg",300,218,true],"large":["https:\/\/arantv.az\/wp-content\/uploads\/2018\/10\/1539763242_2016-12-20-10-52-59biznes.jpg",620,450,false],"1536x1536":["https:\/\/arantv.az\/wp-content\/uploads\/2018\/10\/1539763242_2016-12-20-10-52-59biznes.jpg",620,450,false],"2048x2048":["https:\/\/arantv.az\/wp-content\/uploads\/2018\/10\/1539763242_2016-12-20-10-52-59biznes.jpg",620,450,false],"post-thumbnail":["https:\/\/arantv.az\/wp-content\/uploads\/2018\/10\/1539763242_2016-12-20-10-52-59biznes-240x172.jpg",240,172,true],"advps-thumb-one":["https:\/\/arantv.az\/wp-content\/uploads\/2018\/10\/1539763242_2016-12-20-10-52-59biznes.jpg",620,450,false]},"rttpg_author":{"display_name":"V\u00fcsal Rafiqo\u011flu","author_link":"https:\/\/arantv.az\/?author=2"},"rttpg_comment":0,"rttpg_category":"<a href=\"https:\/\/arantv.az\/?cat=1\" rel=\"category\">C\u0259miyy\u0259t<\/a>","rttpg_excerpt":"1992-ci ild\u0259 BMT t\u0259r\u0259find\u0259n 17 oktyabr tarixinin \u00dcmumd\u00fcnya Yoxsulluqla m\u00fcbariz\u0259 g\u00fcn\u00fc kimi elan edilm\u0259si b\u00fct\u00fcn d\u00fcnyada yoxsullu\u011fa qar\u015f\u0131 milli, regional v\u0259 beyn\u0259lxalq s\u0259viyy\u0259l\u0259rd\u0259 m\u00fcbariz\u0259 s\u0259yl\u0259rini birl\u0259\u015fdirm\u0259k m\u0259qs\u0259din\u0259 xidm\u0259t edib. ARANTV.AZ x\u0259b\u0259r verir ki, Az\u0259rbaycan da yoxsulluqla m\u00fcbariz\u0259 sah\u0259sind\u0259 f\u0259al siyas\u0259t\u0259 v\u0259 u\u011furlu t\u0259cr\u00fcb\u0259y\u0259 malik olan, bu sah\u0259d\u0259 m\u00fch\u00fcm add\u0131mlar\u0131n at\u0131ld\u0131\u011f\u0131 v\u0259 m\u00fcsb\u0259t n\u0259tic\u0259l\u0259rin \u0259ld\u0259 edildiyi&hellip;","_links":{"self":[{"href":"https:\/\/arantv.az\/index.php?rest_route=\/wp\/v2\/posts\/19488"}],"collection":[{"href":"https:\/\/arantv.az\/index.php?rest_route=\/wp\/v2\/posts"}],"about":[{"href":"https:\/\/arantv.az\/index.php?rest_route=\/wp\/v2\/types\/post"}],"author":[{"embeddable":true,"href":"https:\/\/arantv.az\/index.php?rest_route=\/wp\/v2\/users\/2"}],"replies":[{"embeddable":true,"href":"https:\/\/arantv.az\/index.php?rest_route=%2Fwp%2Fv2%2Fcomments&post=19488"}],"version-history":[{"count":0,"href":"https:\/\/arantv.az\/index.php?rest_route=\/wp\/v2\/posts\/19488\/revisions"}],"wp:featuredmedia":[{"embeddable":true,"href":"https:\/\/arantv.az\/index.php?rest_route=\/wp\/v2\/media\/19489"}],"wp:attachment":[{"href":"https:\/\/arantv.az\/index.php?rest_route=%2Fwp%2Fv2%2Fmedia&parent=19488"}],"wp:term":[{"taxonomy":"category","embeddable":true,"href":"https:\/\/arantv.az\/index.php?rest_route=%2Fwp%2Fv2%2Fcategories&post=19488"},{"taxonomy":"post_tag","embeddable":true,"href":"https:\/\/arantv.az\/index.php?rest_route=%2Fwp%2Fv2%2Ftags&post=19488"}],"curies":[{"name":"wp","href":"https:\/\/api.w.org\/{rel}","templated":true}]}}