{"id":19499,"date":"2018-10-17T14:13:13","date_gmt":"2018-10-17T11:13:13","guid":{"rendered":"http:\/\/arantv.az\/?p=19499"},"modified":"2018-10-17T14:13:13","modified_gmt":"2018-10-17T11:13:13","slug":"yeni-il-%c9%99r%c9%99f%c9%99sind%c9%99-%c9%99fv-olacaq","status":"publish","type":"post","link":"https:\/\/arantv.az\/?p=19499","title":{"rendered":"Yeni \u0130l \u0259r\u0259f\u0259sind\u0259 \u0259fv olacaq?"},"content":{"rendered":"<blockquote><p><em><strong>Bu il D\u00fcnya Az\u0259rbaycanl\u0131lar\u0131n\u0131n H\u0259mr\u0259yliyi G\u00fcn\u00fc v\u0259 Yeni \u0130l bayram\u0131 \u0259r\u0259f\u0259sind\u0259n \u0259fv s\u0259r\u0259ncam\u0131 imzalanmayacaq.<\/strong><\/em><\/p><\/blockquote>\n<p><strong>ARANTV.AZ<\/strong> x\u0259b\u0259r verir ki, bu bar\u0259d\u0259 modern.az-a Prezidenti yan\u0131nda \u018ffv M\u0259s\u0259l\u0259l\u0259ri Komissiyas\u0131n\u0131n \u00fczv\u00fc \u018flim\u0259mm\u0259d Nuriyev bildirib.<\/p>\n<p>Komissiya \u00fczv\u00fc bildirib ki, sonuncu \u0259fv s\u0259r\u0259ncam\u0131 may ay\u0131nda, C\u00fcmhuriyy\u0259tin 100 illiyi \u0259r\u0259f\u0259sind\u0259 verilib:<\/p>\n<p>&#8220;H\u0259min s\u0259r\u0259ncamla 634 n\u0259f\u0259r cinay\u0259t m\u0259suliyy\u0259tind\u0259n azad edildi. Ona g\u00f6r\u0259 d\u0259 bu tezlikl\u0259 yeni s\u0259r\u0259ncam\u0131n veril\u0259c\u0259yini g\u00fcman etmir\u0259m. Amma t\u0259bii ki, \u0259fvl\u0259 ba\u011fl\u0131 b\u00fct\u00fcn s\u0259lahiyy\u0259tl\u0259r Prezident \u0130lham \u018fliyevd\u0259dir. \u00d6lk\u0259 ba\u015f\u00e7\u0131s\u0131 ist\u0259diyi vaxt bel\u0259 bir s\u0259r\u0259ncam ver\u0259 bil\u0259r&#8221;.<\/p>\n<div id=\"AdributorNativeVideo0\" class=\"AdributorNativeVideo\"><\/div>\n<p>\u018f.Nuriyev qeyd edib ki, daimi olaraq, Komissiyaya m\u00fcraci\u0259tl\u0259r daxil olur:<\/p>\n<p>&#8220;M\u00fcraci\u0259tl\u0259r ayr\u0131-ayr\u0131 \u015f\u0259xsl\u0259rd\u0259n, onlar\u0131n v\u0259kill\u0259rind\u0259n, eyni zamanda deputatlardan v\u0259 s. g\u0259lir. Amma Komissiyan\u0131n toplanmas\u0131, ilin sonunda yeni bir s\u0259r\u0259ncam\u0131n imzalanaca\u011f\u0131n\u0131 real hesab etmir\u0259m&#8221;.<\/p>\n","protected":false},"excerpt":{"rendered":"<p>Bu il D\u00fcnya Az\u0259rbaycanl\u0131lar\u0131n\u0131n H\u0259mr\u0259yliyi G\u00fcn\u00fc v\u0259 Yeni \u0130l bayram\u0131 \u0259r\u0259f\u0259sind\u0259n \u0259fv s\u0259r\u0259ncam\u0131 imzalanmayacaq. ARANTV.AZ x\u0259b\u0259r verir ki, bu bar\u0259d\u0259 modern.az-a Prezidenti yan\u0131nda \u018ffv M\u0259s\u0259l\u0259l\u0259ri Komissiyas\u0131n\u0131n \u00fczv\u00fc \u018flim\u0259mm\u0259d Nuriyev bildirib. Komissiya \u00fczv\u00fc bildirib ki, sonuncu \u0259fv s\u0259r\u0259ncam\u0131 may ay\u0131nda, C\u00fcmhuriyy\u0259tin 100 illiyi \u0259r\u0259f\u0259sind\u0259 verilib: &#8220;H\u0259min s\u0259r\u0259ncamla 634 n\u0259f\u0259r cinay\u0259t m\u0259suliyy\u0259tind\u0259n azad edildi. Ona g\u00f6r\u0259 d\u0259 bu tezlikl\u0259 yeni s\u0259r\u0259ncam\u0131n veril\u0259c\u0259yini g\u00fcman etmir\u0259m. Amma t\u0259bii ki, \u0259fvl\u0259 ba\u011fl\u0131 b\u00fct\u00fcn s\u0259lahiyy\u0259tl\u0259r Prezident \u0130lham \u018fliyevd\u0259dir. \u00d6lk\u0259 ba\u015f\u00e7\u0131s\u0131 ist\u0259diyi vaxt bel\u0259 bir s\u0259r\u0259ncam ver\u0259 bil\u0259r&#8221;. \u018f.Nuriyev qeyd edib ki, daimi olaraq, Komissiyaya m\u00fcraci\u0259tl\u0259r daxil&hellip;<\/p>\n","protected":false},"author":2,"featured_media":19500,"comment_status":"closed","ping_status":"closed","sticky":false,"template":"","format":"standard","meta":{"om_disable_all_campaigns":false,"_monsterinsights_skip_tracking":false,"_monsterinsights_sitenote_active":false,"_monsterinsights_sitenote_note":"","_monsterinsights_sitenote_category":0},"categories":[1],"tags":[],"aioseo_notices":[],"gutentor_comment":0,"rttpg_featured_image_url":{"full":["https:\/\/arantv.az\/wp-content\/uploads\/2018\/10\/695426.jpg",800,600,false],"landscape":["https:\/\/arantv.az\/wp-content\/uploads\/2018\/10\/695426.jpg",800,600,false],"portraits":["https:\/\/arantv.az\/wp-content\/uploads\/2018\/10\/695426.jpg",800,600,false],"thumbnail":["https:\/\/arantv.az\/wp-content\/uploads\/2018\/10\/695426-150x150.jpg",150,150,true],"medium":["https:\/\/arantv.az\/wp-content\/uploads\/2018\/10\/695426-300x225.jpg",300,225,true],"large":["https:\/\/arantv.az\/wp-content\/uploads\/2018\/10\/695426.jpg",640,480,false],"1536x1536":["https:\/\/arantv.az\/wp-content\/uploads\/2018\/10\/695426.jpg",800,600,false],"2048x2048":["https:\/\/arantv.az\/wp-content\/uploads\/2018\/10\/695426.jpg",800,600,false],"post-thumbnail":["https:\/\/arantv.az\/wp-content\/uploads\/2018\/10\/695426-240x172.jpg",240,172,true],"advps-thumb-one":["https:\/\/arantv.az\/wp-content\/uploads\/2018\/10\/695426.jpg",800,600,false]},"rttpg_author":{"display_name":"V\u00fcsal Rafiqo\u011flu","author_link":"https:\/\/arantv.az\/?author=2"},"rttpg_comment":0,"rttpg_category":"<a href=\"https:\/\/arantv.az\/?cat=1\" rel=\"category\">C\u0259miyy\u0259t<\/a>","rttpg_excerpt":"Bu il D\u00fcnya Az\u0259rbaycanl\u0131lar\u0131n\u0131n H\u0259mr\u0259yliyi G\u00fcn\u00fc v\u0259 Yeni \u0130l bayram\u0131 \u0259r\u0259f\u0259sind\u0259n \u0259fv s\u0259r\u0259ncam\u0131 imzalanmayacaq. ARANTV.AZ x\u0259b\u0259r verir ki, bu bar\u0259d\u0259 modern.az-a Prezidenti yan\u0131nda \u018ffv M\u0259s\u0259l\u0259l\u0259ri Komissiyas\u0131n\u0131n \u00fczv\u00fc \u018flim\u0259mm\u0259d Nuriyev bildirib. Komissiya \u00fczv\u00fc bildirib ki, sonuncu \u0259fv s\u0259r\u0259ncam\u0131 may ay\u0131nda, C\u00fcmhuriyy\u0259tin 100 illiyi \u0259r\u0259f\u0259sind\u0259 verilib: &#8220;H\u0259min s\u0259r\u0259ncamla 634 n\u0259f\u0259r cinay\u0259t m\u0259suliyy\u0259tind\u0259n azad edildi. Ona g\u00f6r\u0259 d\u0259&hellip;","_links":{"self":[{"href":"https:\/\/arantv.az\/index.php?rest_route=\/wp\/v2\/posts\/19499"}],"collection":[{"href":"https:\/\/arantv.az\/index.php?rest_route=\/wp\/v2\/posts"}],"about":[{"href":"https:\/\/arantv.az\/index.php?rest_route=\/wp\/v2\/types\/post"}],"author":[{"embeddable":true,"href":"https:\/\/arantv.az\/index.php?rest_route=\/wp\/v2\/users\/2"}],"replies":[{"embeddable":true,"href":"https:\/\/arantv.az\/index.php?rest_route=%2Fwp%2Fv2%2Fcomments&post=19499"}],"version-history":[{"count":0,"href":"https:\/\/arantv.az\/index.php?rest_route=\/wp\/v2\/posts\/19499\/revisions"}],"wp:featuredmedia":[{"embeddable":true,"href":"https:\/\/arantv.az\/index.php?rest_route=\/wp\/v2\/media\/19500"}],"wp:attachment":[{"href":"https:\/\/arantv.az\/index.php?rest_route=%2Fwp%2Fv2%2Fmedia&parent=19499"}],"wp:term":[{"taxonomy":"category","embeddable":true,"href":"https:\/\/arantv.az\/index.php?rest_route=%2Fwp%2Fv2%2Fcategories&post=19499"},{"taxonomy":"post_tag","embeddable":true,"href":"https:\/\/arantv.az\/index.php?rest_route=%2Fwp%2Fv2%2Ftags&post=19499"}],"curies":[{"name":"wp","href":"https:\/\/api.w.org\/{rel}","templated":true}]}}