{"id":19502,"date":"2018-10-17T14:14:50","date_gmt":"2018-10-17T11:14:50","guid":{"rendered":"http:\/\/arantv.az\/?p=19502"},"modified":"2018-10-17T14:14:50","modified_gmt":"2018-10-17T11:14:50","slug":"dunya-iqtisadi-forumunun-hesabati-az%c9%99rbaycanda-h%c9%99yata-keciril%c9%99n-inkisaf-siyas%c9%99tinin-alternativi-olmadigini-numayis-etdirir","status":"publish","type":"post","link":"https:\/\/arantv.az\/?p=19502","title":{"rendered":"&#8220;D\u00fcnya \u0130qtisadi Forumunun hesabat\u0131 Az\u0259rbaycanda h\u0259yata ke\u00e7iril\u0259n inki\u015faf siyas\u0259tinin alternativi olmad\u0131\u011f\u0131n\u0131 n\u00fcmayi\u015f etdirir&#8221;"},"content":{"rendered":"<blockquote><p><em><strong>Az\u0259rbaycanda realla\u015fd\u0131r\u0131lan sosial-iqtisadi islahatlar \u00f6lk\u0259 iqtisadiyyat\u0131n\u0131 m\u00f6hk\u0259ml\u0259ndirir, v\u0259t\u0259nda\u015flar\u0131m\u0131z\u0131n sosial rifah hal\u0131n\u0131 y\u00fcks\u0259ldir. Bu bax\u0131mdan t\u0259sad\u00fcfi deyil ki, c\u0259nab Prezident \u0130lham \u018fliyevin r\u0259hb\u0259rliyi il\u0259 Az\u0259rbaycan bu g\u00fcn regional g\u00fcc kimi diqq\u0259t c\u0259lb etm\u0259kd\u0259dir.<\/strong><\/em><\/p><\/blockquote>\n<p><strong>ARANTV.AZ\u00a0<\/strong> x\u0259b\u0259r verir ki, bunu &#8220;S\u0259s&#8221; Media Qrupunun r\u0259hb\u0259ri, ekspert B\u0259hruz Quliyev deyib.<\/p>\n<p>B.Quliyev bildirib ki, b\u00fct\u00fcn \u0259ld\u0259 olunan nailiyy\u0259tl\u0259rimiz h\u0259yat\u0131m\u0131zda oldu\u011fu kimi, beyn\u0259lxalq hesabatlarda da \u00f6z \u0259ksini tap\u0131r: &#8220;M\u0259s\u0259l\u0259n, \u00f6t\u0259n g\u00fcn D\u00fcnya \u0130qtisadi Forumunun Qlobal R\u0259qab\u0259tlilik Hesabat\u0131 t\u0259qdim edilib. Tamamil\u0259 yeni metodologiya \u0259sas\u0131nda haz\u0131rlanm\u0131\u015f hesabatda Az\u0259rbaycan nailiyy\u0259tl\u0259ri v\u0259 u\u011furlar\u0131 il\u0259 ilk yerl\u0259rd\u0259 q\u0259rarla\u015f\u0131b. X\u00fcsusil\u0259 d\u0259 hesabatda Az\u0259rbaycan\u0131n d\u00fcnya s\u0259viyy\u0259sind\u0259 sosial b\u0259rab\u0259rliyin \u0259n y\u00fcks\u0259k s\u0259viyy\u0259d\u0259 t\u0259min olundu\u011fu \u00f6lk\u0259 kimi qeyd edilm\u0259si respublikam\u0131zda realla\u015fd\u0131r\u0131lan islahatlar\u0131n v\u0259 g\u00f6r\u00fcl\u0259n i\u015fl\u0259rin y\u00fcks\u0259k n\u0259tic\u0259sini n\u00fcmayi\u015f etdirir&#8221;.<\/p>\n<p>Ekspert qeyd edib ki, Az\u0259rbaycan\u0131n t\u0259\u015f\u0259bb\u00fcs\u00fc v\u0259 i\u015ftirak\u0131 il\u0259 realla\u015fd\u0131r\u0131lm\u0131\u015f transmilli layih\u0259l\u0259r d\u0259 \u00f6lk\u0259mizin d\u00fcnyadak\u0131 n\u00fcfuzunu y\u00fcks\u0259ldir, \u0259h\u0259miyy\u0259tini art\u0131r\u0131r v\u0259 m\u00f6vqeyini g\u00fccl\u0259ndirir: &#8220;Bu reall\u0131qd\u0131r ki, birba\u015fa Az\u0259rbaycan\u0131n t\u0259\u015f\u0259bb\u00fcs\u00fc il\u0259 X\u0259z\u0259r, Qara v\u0259 Aral\u0131q d\u0259nizl\u0259ri h\u00f6vz\u0259l\u0259rini birl\u0259\u015fdir\u0259n TAP, TANAP, C\u0259nub Qaz D\u0259hlizi art\u0131q reall\u0131\u011fa \u00e7evrilib, Q\u0259rbl\u0259 \u015e\u0259rq aras\u0131nda fasil\u0259siz n\u0259qliyyat \u0259laq\u0259l\u0259rinin qurulmas\u0131 \u00fc\u00e7\u00fcn \u015eimal-C\u0259nub, \u015e\u0259rq-Q\u0259rb, el\u0259c\u0259 d\u0259 Avrasiya geostrateji m\u0259kan\u0131n\u0131n \u00f6n\u0259mli layih\u0259si olan Bak\u0131-Tbilisi-Qars d\u0259mir yolu il\u0259 \u0259n etibarl\u0131 n\u0259qliyyat d\u0259hlizi formala\u015fd\u0131r\u0131l\u0131b, regionun \u0259n b\u00f6y\u00fck t\u0259niz ticar\u0259t liman\u0131 yarad\u0131l\u0131b v\u0259 n\u0259tic\u0259 etibaril\u0259 Az\u0259rbaycan haz\u0131rda \u015e\u0259rq \u00fc\u00e7\u00fcn d\u0259, Q\u0259rb \u00fc\u00e7\u00fcn d\u0259 c\u0259lbedici v\u0259 \u0259h\u0259miyy\u0259tli \u00f6lk\u0259 olmaq statusu qazan\u0131b. M\u0259hz b\u00fct\u00fcn bunlar\u0131n n\u0259tic\u0259sidir ki, Az\u0259rbaycan s\u00fcr\u0259tli v\u0259 dinamik inki\u015faf ed\u0259n d\u00f6vl\u0259tl\u0259rin s\u0131ras\u0131nda yer al\u0131r&#8221;.<\/p>\n<p>B.Quliyevin s\u00f6zl\u0259rin\u0259 g\u00f6r\u0259, bu g\u00fcn d\u00fcnyada \u00f6lk\u0259l\u0259r var ki, onlar\u0131n qaz, elektrik, yol probleml\u0259ri var, amma Az\u0259rbaycan sosial infrastruktur sah\u0259sind\u0259 d\u00fcnya \u00f6lk\u0259l\u0259rin\u0259 n\u00fcmun\u0259 olacaq s\u0259viyy\u0259d\u0259 i\u015fl\u0259r g\u00f6r\u00fcb: &#8220;El\u0259 hesabatda da Az\u0259rbaycan\u0131n \u0259halinin elektrikl\u0259 t\u0259chizat\u0131 s\u0259viyy\u0259sin\u0259 g\u00f6r\u0259 100 faiz bal almaqla d\u00fcnyada ilk pill\u0259y\u0259 y\u00fcks\u0259ldiyi vur\u011fulan\u0131b. D\u00fcnya \u0130qtisadi Forumunun hesabat\u0131 Az\u0259rbaycanda h\u0259yata ke\u00e7iril\u0259n inki\u015faf siyas\u0259tinin alternativi olmad\u0131\u011f\u0131n\u0131 n\u00fcmayi\u015f etdirir. Eyni zamanda, Az\u0259rbaycan\u0131n T\u00fcrkiy\u0259, Serbiya, C\u0259nubi Afrika Respublikas\u0131, Xorvatiya kimi \u00f6lk\u0259l\u0259rl\u0259 eyni c\u0259rg\u0259d\u0259 durmas\u0131 \u00f6lk\u0259mizin dinamik inki\u015faf\u0131ndan v\u0259 t\u0259r\u0259qqisind\u0259n x\u0259b\u0259r verir&#8221;.millli.az<\/p>\n","protected":false},"excerpt":{"rendered":"<p>Az\u0259rbaycanda realla\u015fd\u0131r\u0131lan sosial-iqtisadi islahatlar \u00f6lk\u0259 iqtisadiyyat\u0131n\u0131 m\u00f6hk\u0259ml\u0259ndirir, v\u0259t\u0259nda\u015flar\u0131m\u0131z\u0131n sosial rifah hal\u0131n\u0131 y\u00fcks\u0259ldir. Bu bax\u0131mdan t\u0259sad\u00fcfi deyil ki, c\u0259nab Prezident \u0130lham \u018fliyevin r\u0259hb\u0259rliyi il\u0259 Az\u0259rbaycan bu g\u00fcn regional g\u00fcc kimi diqq\u0259t c\u0259lb etm\u0259kd\u0259dir. ARANTV.AZ\u00a0 x\u0259b\u0259r verir ki, bunu &#8220;S\u0259s&#8221; Media Qrupunun r\u0259hb\u0259ri, ekspert B\u0259hruz Quliyev deyib. B.Quliyev bildirib ki, b\u00fct\u00fcn \u0259ld\u0259 olunan nailiyy\u0259tl\u0259rimiz h\u0259yat\u0131m\u0131zda oldu\u011fu kimi, beyn\u0259lxalq hesabatlarda da \u00f6z \u0259ksini tap\u0131r: &#8220;M\u0259s\u0259l\u0259n, \u00f6t\u0259n g\u00fcn D\u00fcnya \u0130qtisadi Forumunun Qlobal R\u0259qab\u0259tlilik Hesabat\u0131 t\u0259qdim edilib. Tamamil\u0259 yeni metodologiya \u0259sas\u0131nda haz\u0131rlanm\u0131\u015f hesabatda Az\u0259rbaycan nailiyy\u0259tl\u0259ri v\u0259 u\u011furlar\u0131 il\u0259 ilk yerl\u0259rd\u0259 q\u0259rarla\u015f\u0131b. X\u00fcsusil\u0259 d\u0259 hesabatda Az\u0259rbaycan\u0131n&hellip;<\/p>\n","protected":false},"author":2,"featured_media":19503,"comment_status":"closed","ping_status":"closed","sticky":false,"template":"","format":"standard","meta":{"om_disable_all_campaigns":false,"_monsterinsights_skip_tracking":false,"_monsterinsights_sitenote_active":false,"_monsterinsights_sitenote_note":"","_monsterinsights_sitenote_category":0},"categories":[4],"tags":[],"aioseo_notices":[],"gutentor_comment":0,"rttpg_featured_image_url":{"full":["https:\/\/arantv.az\/wp-content\/uploads\/2018\/10\/695456.jpg",800,600,false],"landscape":["https:\/\/arantv.az\/wp-content\/uploads\/2018\/10\/695456.jpg",800,600,false],"portraits":["https:\/\/arantv.az\/wp-content\/uploads\/2018\/10\/695456.jpg",800,600,false],"thumbnail":["https:\/\/arantv.az\/wp-content\/uploads\/2018\/10\/695456-150x150.jpg",150,150,true],"medium":["https:\/\/arantv.az\/wp-content\/uploads\/2018\/10\/695456-300x225.jpg",300,225,true],"large":["https:\/\/arantv.az\/wp-content\/uploads\/2018\/10\/695456.jpg",640,480,false],"1536x1536":["https:\/\/arantv.az\/wp-content\/uploads\/2018\/10\/695456.jpg",800,600,false],"2048x2048":["https:\/\/arantv.az\/wp-content\/uploads\/2018\/10\/695456.jpg",800,600,false],"post-thumbnail":["https:\/\/arantv.az\/wp-content\/uploads\/2018\/10\/695456-240x172.jpg",240,172,true],"advps-thumb-one":["https:\/\/arantv.az\/wp-content\/uploads\/2018\/10\/695456.jpg",800,600,false]},"rttpg_author":{"display_name":"V\u00fcsal Rafiqo\u011flu","author_link":"https:\/\/arantv.az\/?author=2"},"rttpg_comment":0,"rttpg_category":"<a href=\"https:\/\/arantv.az\/?cat=4\" rel=\"category\">Siyas\u0259t<\/a>","rttpg_excerpt":"Az\u0259rbaycanda realla\u015fd\u0131r\u0131lan sosial-iqtisadi islahatlar \u00f6lk\u0259 iqtisadiyyat\u0131n\u0131 m\u00f6hk\u0259ml\u0259ndirir, v\u0259t\u0259nda\u015flar\u0131m\u0131z\u0131n sosial rifah hal\u0131n\u0131 y\u00fcks\u0259ldir. Bu bax\u0131mdan t\u0259sad\u00fcfi deyil ki, c\u0259nab Prezident \u0130lham \u018fliyevin r\u0259hb\u0259rliyi il\u0259 Az\u0259rbaycan bu g\u00fcn regional g\u00fcc kimi diqq\u0259t c\u0259lb etm\u0259kd\u0259dir. ARANTV.AZ\u00a0 x\u0259b\u0259r verir ki, bunu &#8220;S\u0259s&#8221; Media Qrupunun r\u0259hb\u0259ri, ekspert B\u0259hruz Quliyev deyib. B.Quliyev bildirib ki, b\u00fct\u00fcn \u0259ld\u0259 olunan nailiyy\u0259tl\u0259rimiz h\u0259yat\u0131m\u0131zda oldu\u011fu kimi,&hellip;","_links":{"self":[{"href":"https:\/\/arantv.az\/index.php?rest_route=\/wp\/v2\/posts\/19502"}],"collection":[{"href":"https:\/\/arantv.az\/index.php?rest_route=\/wp\/v2\/posts"}],"about":[{"href":"https:\/\/arantv.az\/index.php?rest_route=\/wp\/v2\/types\/post"}],"author":[{"embeddable":true,"href":"https:\/\/arantv.az\/index.php?rest_route=\/wp\/v2\/users\/2"}],"replies":[{"embeddable":true,"href":"https:\/\/arantv.az\/index.php?rest_route=%2Fwp%2Fv2%2Fcomments&post=19502"}],"version-history":[{"count":0,"href":"https:\/\/arantv.az\/index.php?rest_route=\/wp\/v2\/posts\/19502\/revisions"}],"wp:featuredmedia":[{"embeddable":true,"href":"https:\/\/arantv.az\/index.php?rest_route=\/wp\/v2\/media\/19503"}],"wp:attachment":[{"href":"https:\/\/arantv.az\/index.php?rest_route=%2Fwp%2Fv2%2Fmedia&parent=19502"}],"wp:term":[{"taxonomy":"category","embeddable":true,"href":"https:\/\/arantv.az\/index.php?rest_route=%2Fwp%2Fv2%2Fcategories&post=19502"},{"taxonomy":"post_tag","embeddable":true,"href":"https:\/\/arantv.az\/index.php?rest_route=%2Fwp%2Fv2%2Ftags&post=19502"}],"curies":[{"name":"wp","href":"https:\/\/api.w.org\/{rel}","templated":true}]}}