{"id":19505,"date":"2018-10-17T14:15:52","date_gmt":"2018-10-17T11:15:52","guid":{"rendered":"http:\/\/arantv.az\/?p=19505"},"modified":"2018-10-17T14:15:52","modified_gmt":"2018-10-17T11:15:52","slug":"mehriban-qonsuluq-munasib%c9%99tl%c9%99ri-qurulmadan-erm%c9%99nistanda-dayaniqli-inkisafa-nail-olmaq-mumkun-deyil","status":"publish","type":"post","link":"https:\/\/arantv.az\/?p=19505","title":{"rendered":"&#8220;Mehriban qon\u015fuluq m\u00fcnasib\u0259tl\u0259ri qurulmadan Erm\u0259nistanda dayan\u0131ql\u0131 inki\u015fafa nail olmaq m\u00fcmk\u00fcn deyil&#8221;"},"content":{"rendered":"<blockquote><p><em><strong>Az\u0259rbaycan Da\u011fl\u0131q Qaraba\u011f m\u00fcnaqi\u015f\u0259sinin nizamlanmas\u0131 il\u0259 ba\u011fl\u0131 dan\u0131\u015f\u0131qlarda Erm\u0259nistan h\u00f6kum\u0259tinin anlay\u0131\u015f g\u00f6st\u0259r\u0259c\u0259yin\u0259 \u00fcmid edir.<\/strong><\/em><\/p><\/blockquote>\n<p><strong>ARANTV.AZ<\/strong> trend-\u0259 istinad\u0259n x\u0259b\u0259r verir ki, bunu Az\u0259rbaycan\u0131n xarici i\u015fl\u0259r naziri Elmar M\u0259mm\u0259dyarov EURACTIV jurnal\u0131na m\u00fcsahib\u0259sind\u0259 deyib.<\/p>\n<p>Nazir bildirib ki, mehriban qon\u015fuluq m\u00fcnasib\u0259tl\u0259ri qurulmadan dayan\u0131ql\u0131 inki\u015fafa nail olmaq m\u00fcmk\u00fcn deyil: &#8220;\u018fn \u0259sas\u0131, erm\u0259ni qo\u015funlar\u0131 Az\u0259rbaycan\u0131n i\u015f\u011fal olunmu\u015f \u0259razil\u0259rind\u0259n \u00e7\u0131xar\u0131lmal\u0131 v\u0259 m\u0259cburi k\u00f6\u00e7k\u00fcnl\u0259r \u00f6z yurdlar\u0131na qay\u0131tmal\u0131d\u0131r&#8221;.<\/p>\n<p>E.M\u0259mm\u0259dyarov qeyd edib ki, Erm\u0259nistan r\u0259hb\u0259rliyi dan\u0131\u015f\u0131qlar\u0131n gedi\u015fi il\u0259 ba\u011fl\u0131 maarifl\u0259nm\u0259 prosesin\u0259 ehtiyac duyur:<\/p>\n<p>&#8220;Fikrimc\u0259, biz \u0259vv\u0259lki r\u0259hb\u0259rlikl\u0259 ir\u0259lil\u0259yi\u015f\u0259 nail olmu\u015fduq, amma indi yeni r\u0259hb\u0259rlik var v\u0259 ola bil\u0259r ki, onlara dan\u0131\u015f\u0131qlar prosesind\u0259 ba\u015f ver\u0259nl\u0259ri anlamaq \u00fc\u00e7\u00fcn bir q\u0259d\u0259r \u00e7ox vaxt laz\u0131m olsun&#8221;.<\/p>\n","protected":false},"excerpt":{"rendered":"<p>Az\u0259rbaycan Da\u011fl\u0131q Qaraba\u011f m\u00fcnaqi\u015f\u0259sinin nizamlanmas\u0131 il\u0259 ba\u011fl\u0131 dan\u0131\u015f\u0131qlarda Erm\u0259nistan h\u00f6kum\u0259tinin anlay\u0131\u015f g\u00f6st\u0259r\u0259c\u0259yin\u0259 \u00fcmid edir. ARANTV.AZ trend-\u0259 istinad\u0259n x\u0259b\u0259r verir ki, bunu Az\u0259rbaycan\u0131n xarici i\u015fl\u0259r naziri Elmar M\u0259mm\u0259dyarov EURACTIV jurnal\u0131na m\u00fcsahib\u0259sind\u0259 deyib. Nazir bildirib ki, mehriban qon\u015fuluq m\u00fcnasib\u0259tl\u0259ri qurulmadan dayan\u0131ql\u0131 inki\u015fafa nail olmaq m\u00fcmk\u00fcn deyil: &#8220;\u018fn \u0259sas\u0131, erm\u0259ni qo\u015funlar\u0131 Az\u0259rbaycan\u0131n i\u015f\u011fal olunmu\u015f \u0259razil\u0259rind\u0259n \u00e7\u0131xar\u0131lmal\u0131 v\u0259 m\u0259cburi k\u00f6\u00e7k\u00fcnl\u0259r \u00f6z yurdlar\u0131na qay\u0131tmal\u0131d\u0131r&#8221;. E.M\u0259mm\u0259dyarov qeyd edib ki, Erm\u0259nistan r\u0259hb\u0259rliyi dan\u0131\u015f\u0131qlar\u0131n gedi\u015fi il\u0259 ba\u011fl\u0131 maarifl\u0259nm\u0259 prosesin\u0259 ehtiyac duyur: &#8220;Fikrimc\u0259, biz \u0259vv\u0259lki r\u0259hb\u0259rlikl\u0259 ir\u0259lil\u0259yi\u015f\u0259 nail olmu\u015fduq, amma indi yeni r\u0259hb\u0259rlik var v\u0259 ola bil\u0259r ki, onlara&hellip;<\/p>\n","protected":false},"author":2,"featured_media":19506,"comment_status":"closed","ping_status":"closed","sticky":false,"template":"","format":"standard","meta":{"om_disable_all_campaigns":false,"_monsterinsights_skip_tracking":false,"_monsterinsights_sitenote_active":false,"_monsterinsights_sitenote_note":"","_monsterinsights_sitenote_category":0},"categories":[19],"tags":[],"aioseo_notices":[],"gutentor_comment":0,"rttpg_featured_image_url":{"full":["https:\/\/arantv.az\/wp-content\/uploads\/2018\/10\/695449.jpg",800,600,false],"landscape":["https:\/\/arantv.az\/wp-content\/uploads\/2018\/10\/695449.jpg",800,600,false],"portraits":["https:\/\/arantv.az\/wp-content\/uploads\/2018\/10\/695449.jpg",800,600,false],"thumbnail":["https:\/\/arantv.az\/wp-content\/uploads\/2018\/10\/695449-150x150.jpg",150,150,true],"medium":["https:\/\/arantv.az\/wp-content\/uploads\/2018\/10\/695449-300x225.jpg",300,225,true],"large":["https:\/\/arantv.az\/wp-content\/uploads\/2018\/10\/695449.jpg",640,480,false],"1536x1536":["https:\/\/arantv.az\/wp-content\/uploads\/2018\/10\/695449.jpg",800,600,false],"2048x2048":["https:\/\/arantv.az\/wp-content\/uploads\/2018\/10\/695449.jpg",800,600,false],"post-thumbnail":["https:\/\/arantv.az\/wp-content\/uploads\/2018\/10\/695449-240x172.jpg",240,172,true],"advps-thumb-one":["https:\/\/arantv.az\/wp-content\/uploads\/2018\/10\/695449.jpg",800,600,false]},"rttpg_author":{"display_name":"V\u00fcsal Rafiqo\u011flu","author_link":"https:\/\/arantv.az\/?author=2"},"rttpg_comment":0,"rttpg_category":"<a href=\"https:\/\/arantv.az\/?cat=19\" rel=\"category\">G\u00fcnd\u0259m<\/a>","rttpg_excerpt":"Az\u0259rbaycan Da\u011fl\u0131q Qaraba\u011f m\u00fcnaqi\u015f\u0259sinin nizamlanmas\u0131 il\u0259 ba\u011fl\u0131 dan\u0131\u015f\u0131qlarda Erm\u0259nistan h\u00f6kum\u0259tinin anlay\u0131\u015f g\u00f6st\u0259r\u0259c\u0259yin\u0259 \u00fcmid edir. ARANTV.AZ trend-\u0259 istinad\u0259n x\u0259b\u0259r verir ki, bunu Az\u0259rbaycan\u0131n xarici i\u015fl\u0259r naziri Elmar M\u0259mm\u0259dyarov EURACTIV jurnal\u0131na m\u00fcsahib\u0259sind\u0259 deyib. Nazir bildirib ki, mehriban qon\u015fuluq m\u00fcnasib\u0259tl\u0259ri qurulmadan dayan\u0131ql\u0131 inki\u015fafa nail olmaq m\u00fcmk\u00fcn deyil: &#8220;\u018fn \u0259sas\u0131, erm\u0259ni qo\u015funlar\u0131 Az\u0259rbaycan\u0131n i\u015f\u011fal olunmu\u015f \u0259razil\u0259rind\u0259n \u00e7\u0131xar\u0131lmal\u0131 v\u0259 m\u0259cburi&hellip;","_links":{"self":[{"href":"https:\/\/arantv.az\/index.php?rest_route=\/wp\/v2\/posts\/19505"}],"collection":[{"href":"https:\/\/arantv.az\/index.php?rest_route=\/wp\/v2\/posts"}],"about":[{"href":"https:\/\/arantv.az\/index.php?rest_route=\/wp\/v2\/types\/post"}],"author":[{"embeddable":true,"href":"https:\/\/arantv.az\/index.php?rest_route=\/wp\/v2\/users\/2"}],"replies":[{"embeddable":true,"href":"https:\/\/arantv.az\/index.php?rest_route=%2Fwp%2Fv2%2Fcomments&post=19505"}],"version-history":[{"count":0,"href":"https:\/\/arantv.az\/index.php?rest_route=\/wp\/v2\/posts\/19505\/revisions"}],"wp:featuredmedia":[{"embeddable":true,"href":"https:\/\/arantv.az\/index.php?rest_route=\/wp\/v2\/media\/19506"}],"wp:attachment":[{"href":"https:\/\/arantv.az\/index.php?rest_route=%2Fwp%2Fv2%2Fmedia&parent=19505"}],"wp:term":[{"taxonomy":"category","embeddable":true,"href":"https:\/\/arantv.az\/index.php?rest_route=%2Fwp%2Fv2%2Fcategories&post=19505"},{"taxonomy":"post_tag","embeddable":true,"href":"https:\/\/arantv.az\/index.php?rest_route=%2Fwp%2Fv2%2Ftags&post=19505"}],"curies":[{"name":"wp","href":"https:\/\/api.w.org\/{rel}","templated":true}]}}