{"id":19511,"date":"2018-10-17T14:58:17","date_gmt":"2018-10-17T11:58:17","guid":{"rendered":"http:\/\/arantv.az\/?p=19511"},"modified":"2018-10-17T14:58:17","modified_gmt":"2018-10-17T11:58:17","slug":"az%c9%99rbaycan-mus%c9%99lman-okl%c9%99l%c9%99ri-ucun-goz%c9%99l-numun%c9%99dir-fransa-t%c9%99hsil-nazirliyinin-musaviri","status":"publish","type":"post","link":"https:\/\/arantv.az\/?p=19511","title":{"rendered":"&#8220;Az\u0259rbaycan m\u00fcs\u0259lman \u00f6kl\u0259l\u0259ri \u00fc\u00e7\u00fcn g\u00f6z\u0259l n\u00fcmun\u0259dir&#8221; &#8211; Fransa T\u0259hsil Nazirliyinin m\u00fc\u015faviri"},"content":{"rendered":"<blockquote><p><em><strong>Az\u0259rbaycan m\u00fcs\u0259lman \u00f6lk\u0259l\u0259ri \u00fc\u00e7\u00fcn g\u00f6z\u0259l n\u00fcmun\u0259dir.<\/strong><\/em><\/p><\/blockquote>\n<p><strong>ARANTV.AZ\u00a0<\/strong> x\u0259b\u0259r verir ki, bunu report-a a\u00e7\u0131qlamas\u0131nda Fransa T\u0259hsil Nazirliyinin m\u00fc\u015faviri, Mesopotamiya Assosiasiyas\u0131n\u0131n prezidenti, akademik Al\u0259n Soyer bildirib.<\/p>\n<p>Onun s\u00f6zl\u0259rin\u0259 g\u00f6r\u0259, XX \u0259srd\u0259 \u00f6lk\u0259l\u0259rin \u0259ks\u0259riyy\u0259ti d\u00fcny\u0259vil\u0259\u015fdi, din d\u00f6vl\u0259td\u0259n ayr\u0131ld\u0131: &#8220;Lakin proses b\u00fct\u00fcn \u00f6lk\u0259l\u0259rd\u0259 eyni \u015f\u0259kild\u0259 h\u0259yata ke\u00e7m\u0259di. B\u0259zi m\u00fcs\u0259lman \u00f6lk\u0259l\u0259rind\u0259 radikal qrupla\u015fmalar\u0131n meydana g\u0259lm\u0259sin\u0259 v\u0259 f\u0259aliyy\u0259tin\u0259 s\u0259b\u0259b olan \u0259sas amil c\u0259miyy\u0259td\u0259 din v\u0259 d\u00f6vl\u0259t aras\u0131nda balansl\u0131 m\u00fcnasib\u0259tl\u0259rin qurula bilm\u0259m\u0259sidir. Bu da XX \u0259srd\u0259 bir s\u0131ra m\u00fcs\u0259lman d\u00f6vl\u0259tl\u0259rinin ya\u015fad\u0131qlar\u0131 b\u00f6hran\u0131n \u0259sas s\u0259b\u0259bidir&#8221;.<\/p>\n<p>Akademik deyib ki, Az\u0259rbaycan uzun ill\u0259r SSR\u0130-nin t\u0259rkibind\u0259 olub: &#8220;Sovet d\u00f6n\u0259mind\u0259 d\u0259 dinl\u0259r tamamil\u0259 qada\u011fan edilmi\u015fdi. Ancaq unutmayaq ki, \u0130ran, \u0130raq, Pakistan, T\u00fcrkiy\u0259 v\u0259 dig\u0259r m\u00fcs\u0259lman \u00f6lk\u0259l\u0259rd\u0259 oldu\u011fu kimi, Az\u0259rbaycanda da min ill\u0259rdir dinin \u00f6z\u00fcn\u0259m\u0259xsus yeri olub. Bu g\u00fcn bir s\u0131ra m\u00fcs\u0259lman \u00f6lk\u0259l\u0259rind\u0259 n\u0259 din d\u00f6vl\u0259t \u00fcz\u0259rind\u0259 dominantl\u0131q edir, n\u0259 d\u0259 d\u00f6vl\u0259t dini aradan qald\u0131rma\u011fa \u00e7al\u0131\u015f\u0131r. Bu nadir \u00f6lk\u0259l\u0259r aras\u0131nda T\u00fcrkiy\u0259 v\u0259 Az\u0259rbaycan da yer al\u0131b. Az\u0259rbaycanda d\u00f6vl\u0259t-din m\u00fcnasib\u0259tl\u0259ri yax\u015f\u0131 prinsip \u0259sas\u0131nda qurulub, y\u00fcks\u0259k s\u0259viyy\u0259d\u0259 t\u0259nziml\u0259nir, h\u0259ll olunur. Bunun \u00fc\u00e7\u00fcn n\u0259 T\u00fcrkiy\u0259d\u0259, n\u0259 d\u0259 Az\u0259rbaycanda m\u00fcharib\u0259l\u0259r, inqilablar ba\u015f verm\u0259yib. Buna yaln\u0131z s\u00fclh yolu il\u0259 nail olunub. Az\u0259rbaycan m\u00fcs\u0259lman \u00f6kl\u0259l\u0259ri \u00fc\u00e7\u00fcn g\u00f6z\u0259l n\u00fcmun\u0259dir. T\u00fcrkiy\u0259nin v\u0259 Az\u0259rbaycan\u0131n bug\u00fcnk\u00fc inki\u015faf\u0131 u\u011furlu siyas\u0259tin n\u0259tic\u0259sidir. Bu g\u00fcn T\u00fcrkiy\u0259 beyn\u0259lxalq al\u0259md\u0259 s\u00f6z\u00fcn\u00fc dey\u0259 bil\u0259n, inki\u015faf ed\u0259n \u00f6lk\u0259y\u0259 \u00e7evrilib&#8221;.<\/p>\n<p>M\u00fc\u015favir qeyd edib ki, Tunisd\u0259 ultrad\u00fcny\u0259viliyin yarad\u0131lmas\u0131 bu \u00f6lk\u0259d\u0259 &#8220;\u018fr\u0259b bahar\u0131&#8221;n\u0131n ba\u015f verm\u0259sin\u0259 s\u0259b\u0259b olub: &#8220;Lakin xalq \u00f6z k\u00f6k\u00fcn\u0259 qay\u0131tmaq ist\u0259yirdi. Tunisd\u0259n f\u0259rqli olaraq M\u0259rake\u015fd\u0259 is\u0259 sultan din\u0259 b\u00f6y\u00fck h\u00f6rm\u0259tl\u0259 yana\u015f\u0131rd\u0131 v\u0259 bununla da \u00f6lk\u0259d\u0259 inqilab\u0131n ba\u015f verm\u0259si \u00fc\u00e7\u00fcn he\u00e7 bir m\u00fcnbit \u015f\u0259rait yaranmad\u0131. B\u00f6y\u00fck Britaniya \u00f6z ad\u0259t-\u0259n\u0259n\u0259sin\u0259 sadiq bir \u00f6lk\u0259dir. \u0130ngilt\u0259r\u0259 krali\u00e7as\u0131 \u00f6z v\u0259zif\u0259l\u0259rini yerin\u0259 yetirm\u0259kl\u0259 yana\u015f\u0131, eyni zamanda kils\u0259 \u00fc\u00e7\u00fcn d\u0259 m\u0259suliyy\u0259t da\u015f\u0131y\u0131r. Uzun \u0259srl\u0259rd\u0259n b\u0259ri bu formada f\u0259aliyy\u0259t g\u00f6st\u0259rmi\u015f c\u0259miyy\u0259ti ya\u015fatmalar\u0131 d\u00fczg\u00fcn se\u00e7im idi. \u0130dman\u00e7\u0131 ir\u0259liy\u0259 top atmaq \u00fc\u00e7\u00fcn var g\u00fcc\u00fcn\u00fc toplay\u0131b, geri \u00e7\u0259kilib z\u0259rb\u0259sini ir\u0259li atd\u0131\u011f\u0131 kimi, biz d\u0259 g\u0259l\u0259c\u0259y\u0259 do\u011fru ir\u0259lil\u0259m\u0259k \u00fc\u00e7\u00fcn geriy\u0259, \u00f6z k\u00f6k\u00fcm\u00fcz\u0259, dinimiz\u0259 qay\u0131tmal\u0131y\u0131q. Bu g\u00fcn radikal qrupla\u015fmalar \u00fcz\u0259rind\u0259 yaln\u0131z bu yolla q\u0259l\u0259b\u0259 qazanmaq m\u00fcmk\u00fcnd\u00fcr. Suriya, \u0130raq v\u0259 dig\u0259r b\u00f6hran ya\u015fayan m\u00fcs\u0259lman \u00f6lk\u0259l\u0259ri yaln\u0131z bu zaman sabitliy\u0259 nail olacaqlar&#8221;.<\/p>\n","protected":false},"excerpt":{"rendered":"<p>Az\u0259rbaycan m\u00fcs\u0259lman \u00f6lk\u0259l\u0259ri \u00fc\u00e7\u00fcn g\u00f6z\u0259l n\u00fcmun\u0259dir. ARANTV.AZ\u00a0 x\u0259b\u0259r verir ki, bunu report-a a\u00e7\u0131qlamas\u0131nda Fransa T\u0259hsil Nazirliyinin m\u00fc\u015faviri, Mesopotamiya Assosiasiyas\u0131n\u0131n prezidenti, akademik Al\u0259n Soyer bildirib. Onun s\u00f6zl\u0259rin\u0259 g\u00f6r\u0259, XX \u0259srd\u0259 \u00f6lk\u0259l\u0259rin \u0259ks\u0259riyy\u0259ti d\u00fcny\u0259vil\u0259\u015fdi, din d\u00f6vl\u0259td\u0259n ayr\u0131ld\u0131: &#8220;Lakin proses b\u00fct\u00fcn \u00f6lk\u0259l\u0259rd\u0259 eyni \u015f\u0259kild\u0259 h\u0259yata ke\u00e7m\u0259di. B\u0259zi m\u00fcs\u0259lman \u00f6lk\u0259l\u0259rind\u0259 radikal qrupla\u015fmalar\u0131n meydana g\u0259lm\u0259sin\u0259 v\u0259 f\u0259aliyy\u0259tin\u0259 s\u0259b\u0259b olan \u0259sas amil c\u0259miyy\u0259td\u0259 din v\u0259 d\u00f6vl\u0259t aras\u0131nda balansl\u0131 m\u00fcnasib\u0259tl\u0259rin qurula bilm\u0259m\u0259sidir. Bu da XX \u0259srd\u0259 bir s\u0131ra m\u00fcs\u0259lman d\u00f6vl\u0259tl\u0259rinin ya\u015fad\u0131qlar\u0131 b\u00f6hran\u0131n \u0259sas s\u0259b\u0259bidir&#8221;. Akademik deyib ki, Az\u0259rbaycan uzun ill\u0259r SSR\u0130-nin t\u0259rkibind\u0259 olub: &#8220;Sovet d\u00f6n\u0259mind\u0259 d\u0259 dinl\u0259r&hellip;<\/p>\n","protected":false},"author":2,"featured_media":19512,"comment_status":"closed","ping_status":"closed","sticky":false,"template":"","format":"standard","meta":{"om_disable_all_campaigns":false,"_monsterinsights_skip_tracking":false,"_monsterinsights_sitenote_active":false,"_monsterinsights_sitenote_note":"","_monsterinsights_sitenote_category":0},"categories":[1],"tags":[],"aioseo_notices":[],"gutentor_comment":0,"rttpg_featured_image_url":{"full":["https:\/\/arantv.az\/wp-content\/uploads\/2018\/10\/695465.jpg",1024,768,false],"landscape":["https:\/\/arantv.az\/wp-content\/uploads\/2018\/10\/695465.jpg",1024,768,false],"portraits":["https:\/\/arantv.az\/wp-content\/uploads\/2018\/10\/695465.jpg",1024,768,false],"thumbnail":["https:\/\/arantv.az\/wp-content\/uploads\/2018\/10\/695465-150x150.jpg",150,150,true],"medium":["https:\/\/arantv.az\/wp-content\/uploads\/2018\/10\/695465-300x225.jpg",300,225,true],"large":["https:\/\/arantv.az\/wp-content\/uploads\/2018\/10\/695465-1024x768.jpg",640,480,true],"1536x1536":["https:\/\/arantv.az\/wp-content\/uploads\/2018\/10\/695465.jpg",1024,768,false],"2048x2048":["https:\/\/arantv.az\/wp-content\/uploads\/2018\/10\/695465.jpg",1024,768,false],"post-thumbnail":["https:\/\/arantv.az\/wp-content\/uploads\/2018\/10\/695465-240x172.jpg",240,172,true],"advps-thumb-one":["https:\/\/arantv.az\/wp-content\/uploads\/2018\/10\/695465-1024x620.jpg",1024,620,true]},"rttpg_author":{"display_name":"V\u00fcsal Rafiqo\u011flu","author_link":"https:\/\/arantv.az\/?author=2"},"rttpg_comment":0,"rttpg_category":"<a href=\"https:\/\/arantv.az\/?cat=1\" rel=\"category\">C\u0259miyy\u0259t<\/a>","rttpg_excerpt":"Az\u0259rbaycan m\u00fcs\u0259lman \u00f6lk\u0259l\u0259ri \u00fc\u00e7\u00fcn g\u00f6z\u0259l n\u00fcmun\u0259dir. ARANTV.AZ\u00a0 x\u0259b\u0259r verir ki, bunu report-a a\u00e7\u0131qlamas\u0131nda Fransa T\u0259hsil Nazirliyinin m\u00fc\u015faviri, Mesopotamiya Assosiasiyas\u0131n\u0131n prezidenti, akademik Al\u0259n Soyer bildirib. Onun s\u00f6zl\u0259rin\u0259 g\u00f6r\u0259, XX \u0259srd\u0259 \u00f6lk\u0259l\u0259rin \u0259ks\u0259riyy\u0259ti d\u00fcny\u0259vil\u0259\u015fdi, din d\u00f6vl\u0259td\u0259n ayr\u0131ld\u0131: &#8220;Lakin proses b\u00fct\u00fcn \u00f6lk\u0259l\u0259rd\u0259 eyni \u015f\u0259kild\u0259 h\u0259yata ke\u00e7m\u0259di. B\u0259zi m\u00fcs\u0259lman \u00f6lk\u0259l\u0259rind\u0259 radikal qrupla\u015fmalar\u0131n meydana g\u0259lm\u0259sin\u0259 v\u0259 f\u0259aliyy\u0259tin\u0259 s\u0259b\u0259b olan \u0259sas&hellip;","_links":{"self":[{"href":"https:\/\/arantv.az\/index.php?rest_route=\/wp\/v2\/posts\/19511"}],"collection":[{"href":"https:\/\/arantv.az\/index.php?rest_route=\/wp\/v2\/posts"}],"about":[{"href":"https:\/\/arantv.az\/index.php?rest_route=\/wp\/v2\/types\/post"}],"author":[{"embeddable":true,"href":"https:\/\/arantv.az\/index.php?rest_route=\/wp\/v2\/users\/2"}],"replies":[{"embeddable":true,"href":"https:\/\/arantv.az\/index.php?rest_route=%2Fwp%2Fv2%2Fcomments&post=19511"}],"version-history":[{"count":0,"href":"https:\/\/arantv.az\/index.php?rest_route=\/wp\/v2\/posts\/19511\/revisions"}],"wp:featuredmedia":[{"embeddable":true,"href":"https:\/\/arantv.az\/index.php?rest_route=\/wp\/v2\/media\/19512"}],"wp:attachment":[{"href":"https:\/\/arantv.az\/index.php?rest_route=%2Fwp%2Fv2%2Fmedia&parent=19511"}],"wp:term":[{"taxonomy":"category","embeddable":true,"href":"https:\/\/arantv.az\/index.php?rest_route=%2Fwp%2Fv2%2Fcategories&post=19511"},{"taxonomy":"post_tag","embeddable":true,"href":"https:\/\/arantv.az\/index.php?rest_route=%2Fwp%2Fv2%2Ftags&post=19511"}],"curies":[{"name":"wp","href":"https:\/\/api.w.org\/{rel}","templated":true}]}}