{"id":19517,"date":"2018-10-17T15:04:49","date_gmt":"2018-10-17T12:04:49","guid":{"rendered":"http:\/\/arantv.az\/?p=19517"},"modified":"2018-10-17T15:04:49","modified_gmt":"2018-10-17T12:04:49","slug":"az%c9%99rbaycanda-5-min-ess%c9%99k-yoxa-cixib","status":"publish","type":"post","link":"https:\/\/arantv.az\/?p=19517","title":{"rendered":"Az\u0259rbaycanda 5 min e\u015f\u015f\u0259k yoxa \u00e7\u0131x\u0131b"},"content":{"rendered":"<p>Son 3 il \u0259rzind\u0259 Az\u0259rbaycana uzunqulaq idxal edilm\u0259yib.<\/p>\n<p><b>ARANTV.AZ\u00a0<\/b>\u00a0x\u0259b\u0259r verir ki, bu bar\u0259d\u0259 Modern.az-\u0131n sor\u011fusuna cavab olaraq, D\u00f6vl\u0259t Statistika Komit\u0259sinin \u0130nformasiya v\u0259 ictimaiyy\u0259tl\u0259 \u0259laq\u0259l\u0259r \u015f\u00f6b\u0259sinin m\u00fcdiri Rafael S\u00fcleymanov bildirib.<\/p>\n<p>R.S\u00fcleymanov haz\u0131rda m\u00f6vcud olan uzunqulaqlar\u0131n statistikas\u0131n\u0131 da a\u00e7\u0131qlay\u0131b:<\/p>\n<p>\u201c2016-c\u0131 ild\u0259 35 816 ba\u015f, 2017-ci ild\u0259 \u00f6lk\u0259d\u0259 34068 ba\u015f, 2018-ci ild\u0259 30 854 ba\u015f uzunqulaq m\u00f6vcud olub\u201d.<\/p>\n<p>R\u0259smi m\u0259lumata g\u00f6r\u0259, uzunqulaqlar\u0131n \u00e7ox hiss\u0259sind\u0259n, y\u0259ni 78,3 faizi regionlar\u0131m\u0131zda \u0259sas\u0259n y\u00fck da\u015f\u0131malar\u0131nda istifad\u0259 olunur. E\u015f\u015f\u0259kl\u0259rd\u0259n daha \u00e7ox Qazax, A\u011fstafa, Tovuz, \u015e\u0259mkir, G\u0259d\u0259b\u0259y, Samux, G\u00f6yg\u00f6l, Goranboy, \u015e\u0259ki, Astara, Lerik, Yard\u0131ml\u0131, C\u0259lilabad, Xa\u00e7maz, Sabirabad, A\u011fsu, \u015eamax\u0131, \u015e\u0259rur v\u0259 \u015eahbuz rayonlar\u0131nda istifad\u0259 edilir.<\/p>\n","protected":false},"excerpt":{"rendered":"<p>Son 3 il \u0259rzind\u0259 Az\u0259rbaycana uzunqulaq idxal edilm\u0259yib. ARANTV.AZ\u00a0\u00a0x\u0259b\u0259r verir ki, bu bar\u0259d\u0259 Modern.az-\u0131n sor\u011fusuna cavab olaraq, D\u00f6vl\u0259t Statistika Komit\u0259sinin \u0130nformasiya v\u0259 ictimaiyy\u0259tl\u0259 \u0259laq\u0259l\u0259r \u015f\u00f6b\u0259sinin m\u00fcdiri Rafael S\u00fcleymanov bildirib. R.S\u00fcleymanov haz\u0131rda m\u00f6vcud olan uzunqulaqlar\u0131n statistikas\u0131n\u0131 da a\u00e7\u0131qlay\u0131b: \u201c2016-c\u0131 ild\u0259 35 816 ba\u015f, 2017-ci ild\u0259 \u00f6lk\u0259d\u0259 34068 ba\u015f, 2018-ci ild\u0259 30 854 ba\u015f uzunqulaq m\u00f6vcud olub\u201d. R\u0259smi m\u0259lumata g\u00f6r\u0259, uzunqulaqlar\u0131n \u00e7ox hiss\u0259sind\u0259n, y\u0259ni 78,3 faizi regionlar\u0131m\u0131zda \u0259sas\u0259n y\u00fck da\u015f\u0131malar\u0131nda istifad\u0259 olunur. E\u015f\u015f\u0259kl\u0259rd\u0259n daha \u00e7ox Qazax, A\u011fstafa, Tovuz, \u015e\u0259mkir, G\u0259d\u0259b\u0259y, Samux, G\u00f6yg\u00f6l, Goranboy, \u015e\u0259ki, Astara, Lerik, Yard\u0131ml\u0131, C\u0259lilabad, Xa\u00e7maz, Sabirabad, A\u011fsu, \u015eamax\u0131,&hellip;<\/p>\n","protected":false},"author":2,"featured_media":19518,"comment_status":"closed","ping_status":"closed","sticky":false,"template":"","format":"standard","meta":{"om_disable_all_campaigns":false,"_monsterinsights_skip_tracking":false,"_monsterinsights_sitenote_active":false,"_monsterinsights_sitenote_note":"","_monsterinsights_sitenote_category":0},"categories":[1],"tags":[],"aioseo_notices":[],"gutentor_comment":0,"rttpg_featured_image_url":{"full":["https:\/\/arantv.az\/wp-content\/uploads\/2018\/10\/11_31539776821.jpg",637,400,false],"landscape":["https:\/\/arantv.az\/wp-content\/uploads\/2018\/10\/11_31539776821.jpg",637,400,false],"portraits":["https:\/\/arantv.az\/wp-content\/uploads\/2018\/10\/11_31539776821.jpg",637,400,false],"thumbnail":["https:\/\/arantv.az\/wp-content\/uploads\/2018\/10\/11_31539776821-150x150.jpg",150,150,true],"medium":["https:\/\/arantv.az\/wp-content\/uploads\/2018\/10\/11_31539776821-300x188.jpg",300,188,true],"large":["https:\/\/arantv.az\/wp-content\/uploads\/2018\/10\/11_31539776821.jpg",637,400,false],"1536x1536":["https:\/\/arantv.az\/wp-content\/uploads\/2018\/10\/11_31539776821.jpg",637,400,false],"2048x2048":["https:\/\/arantv.az\/wp-content\/uploads\/2018\/10\/11_31539776821.jpg",637,400,false],"post-thumbnail":["https:\/\/arantv.az\/wp-content\/uploads\/2018\/10\/11_31539776821-240x172.jpg",240,172,true],"advps-thumb-one":["https:\/\/arantv.az\/wp-content\/uploads\/2018\/10\/11_31539776821.jpg",637,400,false]},"rttpg_author":{"display_name":"V\u00fcsal Rafiqo\u011flu","author_link":"https:\/\/arantv.az\/?author=2"},"rttpg_comment":0,"rttpg_category":"<a href=\"https:\/\/arantv.az\/?cat=1\" rel=\"category\">C\u0259miyy\u0259t<\/a>","rttpg_excerpt":"Son 3 il \u0259rzind\u0259 Az\u0259rbaycana uzunqulaq idxal edilm\u0259yib. ARANTV.AZ\u00a0\u00a0x\u0259b\u0259r verir ki, bu bar\u0259d\u0259 Modern.az-\u0131n sor\u011fusuna cavab olaraq, D\u00f6vl\u0259t Statistika Komit\u0259sinin \u0130nformasiya v\u0259 ictimaiyy\u0259tl\u0259 \u0259laq\u0259l\u0259r \u015f\u00f6b\u0259sinin m\u00fcdiri Rafael S\u00fcleymanov bildirib. R.S\u00fcleymanov haz\u0131rda m\u00f6vcud olan uzunqulaqlar\u0131n statistikas\u0131n\u0131 da a\u00e7\u0131qlay\u0131b: \u201c2016-c\u0131 ild\u0259 35 816 ba\u015f, 2017-ci ild\u0259 \u00f6lk\u0259d\u0259 34068 ba\u015f, 2018-ci ild\u0259 30 854 ba\u015f uzunqulaq m\u00f6vcud olub\u201d.&hellip;","_links":{"self":[{"href":"https:\/\/arantv.az\/index.php?rest_route=\/wp\/v2\/posts\/19517"}],"collection":[{"href":"https:\/\/arantv.az\/index.php?rest_route=\/wp\/v2\/posts"}],"about":[{"href":"https:\/\/arantv.az\/index.php?rest_route=\/wp\/v2\/types\/post"}],"author":[{"embeddable":true,"href":"https:\/\/arantv.az\/index.php?rest_route=\/wp\/v2\/users\/2"}],"replies":[{"embeddable":true,"href":"https:\/\/arantv.az\/index.php?rest_route=%2Fwp%2Fv2%2Fcomments&post=19517"}],"version-history":[{"count":0,"href":"https:\/\/arantv.az\/index.php?rest_route=\/wp\/v2\/posts\/19517\/revisions"}],"wp:featuredmedia":[{"embeddable":true,"href":"https:\/\/arantv.az\/index.php?rest_route=\/wp\/v2\/media\/19518"}],"wp:attachment":[{"href":"https:\/\/arantv.az\/index.php?rest_route=%2Fwp%2Fv2%2Fmedia&parent=19517"}],"wp:term":[{"taxonomy":"category","embeddable":true,"href":"https:\/\/arantv.az\/index.php?rest_route=%2Fwp%2Fv2%2Fcategories&post=19517"},{"taxonomy":"post_tag","embeddable":true,"href":"https:\/\/arantv.az\/index.php?rest_route=%2Fwp%2Fv2%2Ftags&post=19517"}],"curies":[{"name":"wp","href":"https:\/\/api.w.org\/{rel}","templated":true}]}}