{"id":19521,"date":"2018-10-17T15:06:53","date_gmt":"2018-10-17T12:06:53","guid":{"rendered":"http:\/\/arantv.az\/?p=19521"},"modified":"2018-10-17T15:06:53","modified_gmt":"2018-10-17T12:06:53","slug":"usaq-ogurlugunda-ittiham-olunan-qadin-haqqinda-coxlarinin-bilm%c9%99diyi-faktlar-video","status":"publish","type":"post","link":"https:\/\/arantv.az\/?p=19521","title":{"rendered":"U\u015faq o\u011furlu\u011funda ittiham olunan qad\u0131n haqq\u0131nda \u00e7oxlar\u0131n\u0131n bilm\u0259diyi FAKTLAR (V\u0130DEO)"},"content":{"rendered":"<p>Ad\u0131 u\u015faq o\u011furlu\u011funda hallanan qad\u0131n\u0131n yeni g\u00f6r\u00fcnt\u00fcl\u0259ri yay\u0131l\u0131b.<\/p>\n<p><strong>ARANTV.AZ<\/strong>-\u0131n m\u0259lumat\u0131na g\u00f6r\u0259, sosial \u015f\u0259b\u0259k\u0259d\u0259 yay\u0131lan videoda bir m\u00fcdd\u0259t \u00f6nc\u0259 u\u015faq o\u011furlu\u011fu m\u0259s\u0259l\u0259sind\u0259 ittiham olunan qad\u0131n dan\u0131\u015f\u0131b.<\/p>\n<p>O bildirib ki, Astarada \u00e7ad\u0131rda ya\u015fay\u0131r v\u0259 \u00e7ox kas\u0131b biridir. Evsiz oldu\u011fu \u00fc\u00e7\u00fcn rayon b\u0259l\u0259diyy\u0259si ona \u00e7ad\u0131rda s\u0131\u011f\u0131nacaq verib.<\/p>\n<div id=\"entry\" class=\"entry\">O\u011flunu \u0259sg\u0259rliy\u0259 yola salan ana Bak\u0131ya g\u0259lib ki, ev \u00fc\u00e7\u00fcn m\u00fcraci\u0259t etsin. M\u0259ktubu po\u00e7ta at\u0131b, geri qay\u0131tmaq ist\u0259y\u0259rk\u0259n, iki qad\u0131n onun fotosunu \u00e7\u0259kib.<\/p>\n<p>Haz\u0131rda Bak\u0131da olan qad\u0131n \u00f6vlad\u0131n\u0131n andi\u00e7m\u0259 m\u0259rasimin\u0259 getm\u0259k \u00fc\u00e7\u00fcn i\u015f axtar\u0131r. Amma a\u011fl\u0131na g\u0259lm\u0259diyi ba\u015f\u0131na g\u0259lib. Bir g\u00fcn\u00fcn i\u00e7ind\u0259 b\u00fct\u00fcn Az\u0259rbaycan onu u\u015faq o\u011frusu ittiham\u0131 il\u0259 tan\u0131y\u0131b. O, fotosunu \u00e7\u0259kib, onu ittiham ed\u0259nl\u0259ri art\u0131q m\u0259hk\u0259m\u0259y\u0259 verib.<\/p>\n<div class=\"embed-responsive embed-responsive-16by9\"><iframe loading=\"lazy\" id=\"nmqembedid\" class=\"embed-responsive-item\" title=\"video player\" src=\"https:\/\/izle.az\/embed\/Syq3LctMSc030i_TK8gosC-zNTQ0NjIzNwEA\" width=\"600\" height=\"340\" frameborder=\"0\" scrolling=\"no\" allowfullscreen=\"allowfullscreen\" data-mce-fragment=\"1\"><\/iframe><\/div>\n<\/div>\n<p>BAKU.WS<\/p>\n","protected":false},"excerpt":{"rendered":"<p>Ad\u0131 u\u015faq o\u011furlu\u011funda hallanan qad\u0131n\u0131n yeni g\u00f6r\u00fcnt\u00fcl\u0259ri yay\u0131l\u0131b. ARANTV.AZ-\u0131n m\u0259lumat\u0131na g\u00f6r\u0259, sosial \u015f\u0259b\u0259k\u0259d\u0259 yay\u0131lan videoda bir m\u00fcdd\u0259t \u00f6nc\u0259 u\u015faq o\u011furlu\u011fu m\u0259s\u0259l\u0259sind\u0259 ittiham olunan qad\u0131n dan\u0131\u015f\u0131b. O bildirib ki, Astarada \u00e7ad\u0131rda ya\u015fay\u0131r v\u0259 \u00e7ox kas\u0131b biridir. Evsiz oldu\u011fu \u00fc\u00e7\u00fcn rayon b\u0259l\u0259diyy\u0259si ona \u00e7ad\u0131rda s\u0131\u011f\u0131nacaq verib. O\u011flunu \u0259sg\u0259rliy\u0259 yola salan ana Bak\u0131ya g\u0259lib ki, ev \u00fc\u00e7\u00fcn m\u00fcraci\u0259t etsin. M\u0259ktubu po\u00e7ta at\u0131b, geri qay\u0131tmaq ist\u0259y\u0259rk\u0259n, iki qad\u0131n onun fotosunu \u00e7\u0259kib. Haz\u0131rda Bak\u0131da olan qad\u0131n \u00f6vlad\u0131n\u0131n andi\u00e7m\u0259 m\u0259rasimin\u0259 getm\u0259k \u00fc\u00e7\u00fcn i\u015f axtar\u0131r. Amma a\u011fl\u0131na g\u0259lm\u0259diyi ba\u015f\u0131na g\u0259lib. Bir g\u00fcn\u00fcn i\u00e7ind\u0259 b\u00fct\u00fcn Az\u0259rbaycan onu u\u015faq&hellip;<\/p>\n","protected":false},"author":2,"featured_media":19522,"comment_status":"closed","ping_status":"closed","sticky":false,"template":"","format":"standard","meta":{"om_disable_all_campaigns":false,"_monsterinsights_skip_tracking":false,"_monsterinsights_sitenote_active":false,"_monsterinsights_sitenote_note":"","_monsterinsights_sitenote_category":0},"categories":[1],"tags":[],"aioseo_notices":[],"gutentor_comment":0,"rttpg_featured_image_url":{"full":["https:\/\/arantv.az\/wp-content\/uploads\/2018\/10\/1539775061_1539591955_ef54966b17141903ef.jpg",650,385,false],"landscape":["https:\/\/arantv.az\/wp-content\/uploads\/2018\/10\/1539775061_1539591955_ef54966b17141903ef.jpg",650,385,false],"portraits":["https:\/\/arantv.az\/wp-content\/uploads\/2018\/10\/1539775061_1539591955_ef54966b17141903ef.jpg",650,385,false],"thumbnail":["https:\/\/arantv.az\/wp-content\/uploads\/2018\/10\/1539775061_1539591955_ef54966b17141903ef-150x150.jpg",150,150,true],"medium":["https:\/\/arantv.az\/wp-content\/uploads\/2018\/10\/1539775061_1539591955_ef54966b17141903ef-300x178.jpg",300,178,true],"large":["https:\/\/arantv.az\/wp-content\/uploads\/2018\/10\/1539775061_1539591955_ef54966b17141903ef.jpg",640,379,false],"1536x1536":["https:\/\/arantv.az\/wp-content\/uploads\/2018\/10\/1539775061_1539591955_ef54966b17141903ef.jpg",650,385,false],"2048x2048":["https:\/\/arantv.az\/wp-content\/uploads\/2018\/10\/1539775061_1539591955_ef54966b17141903ef.jpg",650,385,false],"post-thumbnail":["https:\/\/arantv.az\/wp-content\/uploads\/2018\/10\/1539775061_1539591955_ef54966b17141903ef-240x172.jpg",240,172,true],"advps-thumb-one":["https:\/\/arantv.az\/wp-content\/uploads\/2018\/10\/1539775061_1539591955_ef54966b17141903ef.jpg",650,385,false]},"rttpg_author":{"display_name":"V\u00fcsal Rafiqo\u011flu","author_link":"https:\/\/arantv.az\/?author=2"},"rttpg_comment":0,"rttpg_category":"<a href=\"https:\/\/arantv.az\/?cat=1\" rel=\"category\">C\u0259miyy\u0259t<\/a>","rttpg_excerpt":"Ad\u0131 u\u015faq o\u011furlu\u011funda hallanan qad\u0131n\u0131n yeni g\u00f6r\u00fcnt\u00fcl\u0259ri yay\u0131l\u0131b. ARANTV.AZ-\u0131n m\u0259lumat\u0131na g\u00f6r\u0259, sosial \u015f\u0259b\u0259k\u0259d\u0259 yay\u0131lan videoda bir m\u00fcdd\u0259t \u00f6nc\u0259 u\u015faq o\u011furlu\u011fu m\u0259s\u0259l\u0259sind\u0259 ittiham olunan qad\u0131n dan\u0131\u015f\u0131b. O bildirib ki, Astarada \u00e7ad\u0131rda ya\u015fay\u0131r v\u0259 \u00e7ox kas\u0131b biridir. Evsiz oldu\u011fu \u00fc\u00e7\u00fcn rayon b\u0259l\u0259diyy\u0259si ona \u00e7ad\u0131rda s\u0131\u011f\u0131nacaq verib. O\u011flunu \u0259sg\u0259rliy\u0259 yola salan ana Bak\u0131ya g\u0259lib ki, ev \u00fc\u00e7\u00fcn m\u00fcraci\u0259t&hellip;","_links":{"self":[{"href":"https:\/\/arantv.az\/index.php?rest_route=\/wp\/v2\/posts\/19521"}],"collection":[{"href":"https:\/\/arantv.az\/index.php?rest_route=\/wp\/v2\/posts"}],"about":[{"href":"https:\/\/arantv.az\/index.php?rest_route=\/wp\/v2\/types\/post"}],"author":[{"embeddable":true,"href":"https:\/\/arantv.az\/index.php?rest_route=\/wp\/v2\/users\/2"}],"replies":[{"embeddable":true,"href":"https:\/\/arantv.az\/index.php?rest_route=%2Fwp%2Fv2%2Fcomments&post=19521"}],"version-history":[{"count":0,"href":"https:\/\/arantv.az\/index.php?rest_route=\/wp\/v2\/posts\/19521\/revisions"}],"wp:featuredmedia":[{"embeddable":true,"href":"https:\/\/arantv.az\/index.php?rest_route=\/wp\/v2\/media\/19522"}],"wp:attachment":[{"href":"https:\/\/arantv.az\/index.php?rest_route=%2Fwp%2Fv2%2Fmedia&parent=19521"}],"wp:term":[{"taxonomy":"category","embeddable":true,"href":"https:\/\/arantv.az\/index.php?rest_route=%2Fwp%2Fv2%2Fcategories&post=19521"},{"taxonomy":"post_tag","embeddable":true,"href":"https:\/\/arantv.az\/index.php?rest_route=%2Fwp%2Fv2%2Ftags&post=19521"}],"curies":[{"name":"wp","href":"https:\/\/api.w.org\/{rel}","templated":true}]}}