{"id":19524,"date":"2018-10-17T15:10:15","date_gmt":"2018-10-17T12:10:15","guid":{"rendered":"http:\/\/arantv.az\/?p=19524"},"modified":"2018-10-17T15:10:15","modified_gmt":"2018-10-17T12:10:15","slug":"vaxtinda-su-cay-icib-qayida-bil%c9%99rl%c9%99r","status":"publish","type":"post","link":"https:\/\/arantv.az\/?p=19524","title":{"rendered":"\u201cVaxt\u0131nda su, \u00e7ay i\u00e7ib qay\u0131da bil\u0259rl\u0259r&#8230;\u201d"},"content":{"rendered":"<p><strong>X\u0259b\u0259r verdiyimiz kimi, Milli M\u0259clisin oktyabr\u0131n 16-da ke\u00e7iril\u0259n plenar iclas\u0131na s\u0259drlik ed\u0259n spiker Oqtay \u018fs\u0259dov h\u0259mkarlar\u0131na irad tutub.ARANTV.AZ x\u0259b\u0259r verir ki, O. \u018fs\u0259dov s\u0259sverm\u0259 zaman\u0131 yet\u0259rsay\u0131n olmamas\u0131n\u0131 bildir\u0259r\u0259k s\u0259s verm\u0259y\u0259n deputatlara s\u00f6z ataraq \u201cbel\u0259 gets\u0259, Milli M\u0259clisin kofe, \u00e7ay yerinin ba\u011flamal\u0131 olaca\u011f\u0131q\u201d deyib.\u00a0<\/strong><\/p>\n<p>Xat\u0131rldaq ki, bu c\u00fcr iradlar parlametin tribunas\u0131ndan ilk d\u0259f\u0259dir ki, s\u0259sl\u0259nmir. Bir \u00e7ox iclaslarda h\u0259m spiker Oqtay \u018fs\u0259dov, h\u0259m d\u0259 vitse-spiker Ziyaf\u0259t \u018fsg\u0259rov s\u0259sverm\u0259 zaman\u0131 deputatlar\u0131 diqq\u0259tli olma\u011fa \u00e7a\u011f\u0131r\u0131b.<\/p>\n<p>B\u0259s, tez-tez bel\u0259 iradlar\u0131 e\u015fid\u0259n deputatlar bu bar\u0259d\u0259 n\u0259 d\u00fc\u015f\u00fcn\u00fcr? Bu hallar\u0131n t\u0259krarlanmas\u0131 n\u0259d\u0259n x\u0259b\u0259r verir?<\/p>\n<p>\u201cQafqazinfo\u201d bu kimi suallarla parlamentaril\u0259r\u0259 m\u00fcraci\u0259t edib.<\/p>\n<p><strong>Zahid Oruc<\/strong>\u00a0qeyd edib ki, haz\u0131rda daxili nizamnam\u0259nin t\u0259l\u0259bind\u0259n \u00e7\u0131x\u0131\u015f ets\u0259k,\u00a0 deputatlar\u0131n m\u00fczakir\u0259l\u0259rd\u0259 v\u0259 s\u0259sverm\u0259d\u0259 i\u015ftirak\u0131 m\u00fctl\u0259q t\u0259l\u0259bdir: \u201c\u018fks halda, ke\u00e7mi\u015fd\u0259\u00a0 bir h\u0259mkar dig\u0259rinin m\u00f6vqeyini ifad\u0259 ed\u0259 bilirdi. Bu da mediada v\u0259 c\u0259miyy\u0259td\u0259 \u00e7ox m\u0259nfi qar\u015f\u0131lanm\u0131\u015fd\u0131. Parlamentin bu qaydaya \u0259m\u0259l etm\u0259m\u0259si m\u00fcxt\u0259lif instansiyalarda qanunun ruhuna h\u00f6rm\u0259tsizlik edilirmi\u015f kimi \u0259sas yaratm\u0131\u015f olurdu. Ona g\u00f6r\u0259 d\u0259 norma s\u0259rtl\u0259\u015fdirildi. Bizd\u0259 s\u0259sverm\u0259d\u0259 kvotalar il\u0259 ba\u011fl\u0131 ba\u015fqa alternativ yoxdur. Ona g\u00f6r\u0259 d\u0259 s\u0259drin bel\u0259 yana\u015fmas\u0131 normald\u0131r\u201d.<\/p>\n<p><img src=\"http:\/\/qafqazinfo.az\/uploads\/images\/zahid.jpg\" alt=\"\" \/><\/p>\n<p>Z. Oruc\u00a0 xarici \u00f6lk\u0259l\u0259rin parlament t\u0259cr\u00fcb\u0259l\u0259rini n\u0259z\u0259r\u0259 alaraq xat\u0131rlad\u0131b ki, \u0259ks\u0259r Avropa \u00f6lk\u0259l\u0259rind\u0259\u00a0 i\u015ftirak v\u0259 s\u0259sverm\u0259 prosedurlar\u0131 l\u0259\u011fv edilib: \u201cHesab edir\u0259m ki, g\u0259l\u0259c\u0259kd\u0259 parlamentin daxili prosedurlar\u0131 h\u0259ddind\u0259n art\u0131q sad\u0259l\u0259\u015fdiril\u0259c\u0259k. H\u00f6km deyil ki, 125 n\u0259f\u0259r i\u015ftirak etsin. Amerika konqresind\u0259\u00a0 konqres \u00fczv\u00fc \u00f6z irad\u0259sini elektron \u00fcsulla da ifad\u0259 ed\u0259 bilir.<\/p>\n<p>Qeyd edim ki, parlamentd\u0259 ke\u00e7mi\u015fd\u0259n foye \u015f\u0259raiti qurulub: \u201cOra sanki mini parlament salonudur. Ora daha art\u0131q d\u0259r\u0259c\u0259d\u0259 \u00e7ay\u0131 v\u0259 kofesiyl\u0259 c\u0259lbedicidir. Bir \u00e7oxlar\u0131 orada daha maraql\u0131 m\u00fczakir\u0259l\u0259r aparm\u0131\u015f olur. B\u0259z\u0259n maraql\u0131 fikirl\u0259ri tribunadan s\u0259sl\u0259ndirm\u0259k imkan\u0131 da olmur. Ona g\u00f6r\u0259 ki, s\u0259rt reqlament m\u00f6vcuddur. Halbuki cari m\u0259s\u0259l\u0259l\u0259r\u0259 veril\u0259n vaxt 30 d\u0259qiq\u0259dir. Bizd\u0259 is\u0259 parlament saat\u0131, x\u00fcsusi dinl\u0259m\u0259l\u0259r g\u00fcn\u00fc\u00a0 yoxdur.S\u0259sverm\u0259 proseduru haz\u0131rk\u0131 d\u00f6vrd\u0259 bu c\u00fcr\u00a0 s\u0259rt normativ alt\u0131nda qal\u0131rsa, bu c\u00fcr iradlar iclasa s\u0259drlik ed\u0259n \u015f\u0259xs t\u0259r\u0259find\u0259n edilm\u0259lidir. Bel\u0259 olmad\u0131\u011f\u0131 halda layih\u0259 q\u0259bul oluna bilmir. Ba\u015fqa alternativ d\u0259 q\u0259bul olmur\u201d.<\/p>\n<p><strong>Fazil\u00a0 Mustafan\u0131n<\/strong>\u00a0s\u00f6zl\u0259rin\u0259 g\u00f6r\u0259, bu c\u00fcr hadis\u0259l\u0259r d\u00fcnya parlamentl\u0259rind\u0259 d\u0259 ba\u015f verir: \u201cBir d\u0259 g\u00f6r\u00fcrs\u0259n ki , T\u00fcrkiy\u0259 parlamentind\u0259 \u00e7\u0131x\u0131\u015flar zaman\u0131 zalda az adam olur. H\u0259r\u0259 bir t\u0259r\u0259fd\u0259 hans\u0131sa bir i\u015fl\u0259 m\u0259\u015f\u011ful olur. Bu hallar normal q\u0259bul olunur. Parlamentd\u0259 m\u00fc\u0259yy\u0259n ya\u015f t\u0259b\u0259q\u0259sind\u0259n olan insanlar var. Bunlar\u0131n i\u00e7ind\u0259 ya\u015fl\u0131lar da, m\u00fc\u0259yy\u0259n x\u0259st\u0259likl\u0259ri olan \u015f\u0259xsl\u0259r d\u0259 var. Bunlar ba\u015fa d\u00fc\u015f\u00fcl\u0259ndir. Ancaq bu c\u00fcr v\u0259ziyy\u0259tin bir ne\u00e7\u0259 d\u0259f\u0259 ba\u015f\u00a0 verm\u0259sini spikerin deputatlar\u0131 danlamas\u0131 kimi q\u0259bul etm\u0259k olmaz. \u018flb\u0259tt\u0259 ki, s\u0259sverm\u0259 zaman\u0131 yet\u0259rsay olmad\u0131\u011f\u0131 halda bu c\u00fcr iradlar\u0131n olmas\u0131 normald\u0131r. Amma b\u0259z\u0259n olur ki deputatlar da spiker\u0259 \u00f6z naraz\u0131l\u0131qlar\u0131n\u0131\u00a0 bildirirl\u0259r. Bu da \u0259sas\u0259n onlara cavab haqq\u0131\u00a0 verilm\u0259diyi hallarda ba\u015f verir\u201d.<\/p>\n<p><img src=\"http:\/\/qafqazinfo.az\/uploads\/images\/fazil(1).jpg\" alt=\"\" \/><\/p>\n<p><strong>F\u0259zail A\u011famal\u0131<\/strong>\u00a0spikerl\u0259 raz\u0131 oldu\u011funu qeyd edib: \u201cOnlar da m\u0259nim kimi deputatlard\u0131r. M\u0259n Oqtay m\u00fc\u0259llimin\u00a0 fikri il\u0259 raz\u0131yam ki, plenar iclaslarda i\u015ftirak m\u00fctl\u0259qdir.\u00a0 Deputatlar\u0131n iclasda i\u015ftirak etm\u0259k v\u0259 qanun yarad\u0131c\u0131l\u0131\u011f\u0131ndan ba\u015fqa \u00fcz\u0259rin\u0259 bir v\u0259zif\u0259 d\u00fc\u015fm\u00fcr. T\u0259bii ki ger\u00e7\u0259klik odur ki, iclas\u0131n m\u00fc\u0259yy\u0259n d\u00f6vr\u00fcnd\u0259 kims\u0259 k\u0259nara \u00e7\u0131xa bilir. Bu normald\u0131r. Qalan hallarda is\u0259, biz iclaslara ciddi yana\u015fmal\u0131y\u0131q.\u00a0 El\u0259 etm\u0259m\u0259liyik ki, c\u0259nab s\u0259dr s\u0259viyy\u0259sind\u0259 bu c\u00fcr iradlar\u0131n h\u0259d\u0259fin\u0259 \u00e7evril\u0259k. X\u00fcsus\u0259n plenar iclaslar ged\u0259-ged\u0259 saatlarla i\u00e7\u0259rid\u0259 olmamaq, oturub s\u00f6hb\u0259t\u00a0 etm\u0259k, y\u0131\u011f\u0131ncaqdan k\u0259nar i\u015fl\u0259rl\u0259 m\u0259\u015f\u011ful olmaq\u00a0 \u0259lb\u0259tt\u0259, do\u011fru deyil. Oqtay m\u00fc\u0259llimi d\u0259 narahat ed\u0259n v\u0259 \u0259s\u0259bil\u0259\u015fdir\u0259n bu m\u0259s\u0259l\u0259 oldu. G\u00f6r\u00fcn\u00fcr, Milli M\u0259clisin deputatlar\u0131n\u0131 \u00f6z \u0259traf\u0131na toplayan bir \u00e7ay, kofe yeri var. Ona g\u00f6r\u0259 d\u0259 oran\u0131n ba\u011flamal\u0131 olaca\u011f\u0131n\u0131 ifad\u0259 etdi.\u00a0 Ancaq hesab edir\u0259m ki, y\u0131\u011f\u0131nca\u011f\u0131n ke\u00e7irildiyi m\u0259kan il\u0259 h\u0259min yer aras\u0131nda m\u0259saf\u0259 \u00e7ox olmad\u0131\u011f\u0131 \u00fc\u00e7\u00fcn\u00a0 deputatlar vaxt\u0131nda gedib su, \u00e7ay i\u00e7ib qay\u0131da bil\u0259rl\u0259r\u201d.<\/p>\n<p><img src=\"http:\/\/qafqazinfo.az\/uploads\/images\/f(7).jpg\" alt=\"\" \/><\/p>\n<p><strong>\u00c7ingiz Q\u0259nizad\u0259\u00a0<\/strong>hesab edir ki, spiker bu c\u00fcr iradlar bildir\u0259 bil\u0259r, deputatlar\u0131n i\u015fini d\u0259 t\u0259\u015fkil ed\u0259 bil\u0259r: &#8220;\u0130clas\u0131n s\u0259dri olaraq Oqtay \u018fs\u0259dov bu c\u00fcr irad bildirm\u0259kd\u0259 tamamil\u0259 haql\u0131d\u0131r. Hesab edir\u0259m ki, o hal m\u0259niml\u0259 ba\u011fl\u0131 da ba\u015f vers\u0259ydi, m\u0259n t\u0259nqid olunsayd\u0131m, bunu \u0259sasl\u0131 hesab ed\u0259rdim. B\u0259z\u0259n ola bil\u0259r ki, h\u0259mkarlar\u0131m m\u00fc\u0259yy\u0259n vaxt\u0131 d\u00fczg\u00fcn se\u00e7\u0259 bilmirl\u0259r.\u00a0 Bax\u0131rsan ki, \u00e7\u0131x\u0131\u015fa be\u015f-alt\u0131 n\u0259f\u0259r yaz\u0131l\u0131b. Bu \u00e7\u0131x\u0131\u015flar 3 d\u0259qiq\u0259d\u0259n olanda 15 d\u0259qiq\u0259 5 d\u0259qiq\u0259d\u0259n is\u0259 25 d\u0259qiq\u0259 edir. Y\u0259ni bu \u00e7\u0131x\u0131\u015flar zaman\u0131\u00a0 salona \u00e7\u0131x\u0131b girm\u0259k daha\u00a0 yax\u015f\u0131 olar, n\u0259inki \u00e7\u0131x\u0131\u015flar\u0131n sonunda zal\u0131 t\u0259rk etm\u0259k v\u0259 s\u0259sverm\u0259y\u0259 \u00e7atmamaq. G\u00fcnah\u0131 \u00f6z\u00fcm\u00fczd\u0259 axtarma\u011f\u0131n t\u0259r\u0259fdar\u0131yam\u201d.<\/p>\n<p><img src=\"http:\/\/qafqazinfo.az\/uploads\/images\/cngz.jpeg\" alt=\"\" \/><\/p>\n<p>qafqazinfo<\/p>\n","protected":false},"excerpt":{"rendered":"<p>X\u0259b\u0259r verdiyimiz kimi, Milli M\u0259clisin oktyabr\u0131n 16-da ke\u00e7iril\u0259n plenar iclas\u0131na s\u0259drlik ed\u0259n spiker Oqtay \u018fs\u0259dov h\u0259mkarlar\u0131na irad tutub.ARANTV.AZ x\u0259b\u0259r verir ki, O. \u018fs\u0259dov s\u0259sverm\u0259 zaman\u0131 yet\u0259rsay\u0131n olmamas\u0131n\u0131 bildir\u0259r\u0259k s\u0259s verm\u0259y\u0259n deputatlara s\u00f6z ataraq \u201cbel\u0259 gets\u0259, Milli M\u0259clisin kofe, \u00e7ay yerinin ba\u011flamal\u0131 olaca\u011f\u0131q\u201d deyib.\u00a0 Xat\u0131rldaq ki, bu c\u00fcr iradlar parlametin tribunas\u0131ndan ilk d\u0259f\u0259dir ki, s\u0259sl\u0259nmir. Bir \u00e7ox iclaslarda h\u0259m spiker Oqtay \u018fs\u0259dov, h\u0259m d\u0259 vitse-spiker Ziyaf\u0259t \u018fsg\u0259rov s\u0259sverm\u0259 zaman\u0131 deputatlar\u0131 diqq\u0259tli olma\u011fa \u00e7a\u011f\u0131r\u0131b. B\u0259s, tez-tez bel\u0259 iradlar\u0131 e\u015fid\u0259n deputatlar bu bar\u0259d\u0259 n\u0259 d\u00fc\u015f\u00fcn\u00fcr? Bu hallar\u0131n t\u0259krarlanmas\u0131 n\u0259d\u0259n x\u0259b\u0259r verir? \u201cQafqazinfo\u201d bu&hellip;<\/p>\n","protected":false},"author":2,"featured_media":19525,"comment_status":"closed","ping_status":"closed","sticky":false,"template":"","format":"standard","meta":{"om_disable_all_campaigns":false,"_monsterinsights_skip_tracking":false,"_monsterinsights_sitenote_active":false,"_monsterinsights_sitenote_note":"","_monsterinsights_sitenote_category":0},"categories":[4],"tags":[],"aioseo_notices":[],"gutentor_comment":0,"rttpg_featured_image_url":{"full":["https:\/\/arantv.az\/wp-content\/uploads\/2018\/10\/m-1.jpg",637,400,false],"landscape":["https:\/\/arantv.az\/wp-content\/uploads\/2018\/10\/m-1.jpg",637,400,false],"portraits":["https:\/\/arantv.az\/wp-content\/uploads\/2018\/10\/m-1.jpg",637,400,false],"thumbnail":["https:\/\/arantv.az\/wp-content\/uploads\/2018\/10\/m-1-150x150.jpg",150,150,true],"medium":["https:\/\/arantv.az\/wp-content\/uploads\/2018\/10\/m-1-300x188.jpg",300,188,true],"large":["https:\/\/arantv.az\/wp-content\/uploads\/2018\/10\/m-1.jpg",637,400,false],"1536x1536":["https:\/\/arantv.az\/wp-content\/uploads\/2018\/10\/m-1.jpg",637,400,false],"2048x2048":["https:\/\/arantv.az\/wp-content\/uploads\/2018\/10\/m-1.jpg",637,400,false],"post-thumbnail":["https:\/\/arantv.az\/wp-content\/uploads\/2018\/10\/m-1-240x172.jpg",240,172,true],"advps-thumb-one":["https:\/\/arantv.az\/wp-content\/uploads\/2018\/10\/m-1.jpg",637,400,false]},"rttpg_author":{"display_name":"V\u00fcsal Rafiqo\u011flu","author_link":"https:\/\/arantv.az\/?author=2"},"rttpg_comment":0,"rttpg_category":"<a href=\"https:\/\/arantv.az\/?cat=4\" rel=\"category\">Siyas\u0259t<\/a>","rttpg_excerpt":"X\u0259b\u0259r verdiyimiz kimi, Milli M\u0259clisin oktyabr\u0131n 16-da ke\u00e7iril\u0259n plenar iclas\u0131na s\u0259drlik ed\u0259n spiker Oqtay \u018fs\u0259dov h\u0259mkarlar\u0131na irad tutub.ARANTV.AZ x\u0259b\u0259r verir ki, O. \u018fs\u0259dov s\u0259sverm\u0259 zaman\u0131 yet\u0259rsay\u0131n olmamas\u0131n\u0131 bildir\u0259r\u0259k s\u0259s verm\u0259y\u0259n deputatlara s\u00f6z ataraq \u201cbel\u0259 gets\u0259, Milli M\u0259clisin kofe, \u00e7ay yerinin ba\u011flamal\u0131 olaca\u011f\u0131q\u201d deyib.\u00a0 Xat\u0131rldaq ki, bu c\u00fcr iradlar parlametin tribunas\u0131ndan ilk d\u0259f\u0259dir ki, s\u0259sl\u0259nmir. Bir&hellip;","_links":{"self":[{"href":"https:\/\/arantv.az\/index.php?rest_route=\/wp\/v2\/posts\/19524"}],"collection":[{"href":"https:\/\/arantv.az\/index.php?rest_route=\/wp\/v2\/posts"}],"about":[{"href":"https:\/\/arantv.az\/index.php?rest_route=\/wp\/v2\/types\/post"}],"author":[{"embeddable":true,"href":"https:\/\/arantv.az\/index.php?rest_route=\/wp\/v2\/users\/2"}],"replies":[{"embeddable":true,"href":"https:\/\/arantv.az\/index.php?rest_route=%2Fwp%2Fv2%2Fcomments&post=19524"}],"version-history":[{"count":0,"href":"https:\/\/arantv.az\/index.php?rest_route=\/wp\/v2\/posts\/19524\/revisions"}],"wp:featuredmedia":[{"embeddable":true,"href":"https:\/\/arantv.az\/index.php?rest_route=\/wp\/v2\/media\/19525"}],"wp:attachment":[{"href":"https:\/\/arantv.az\/index.php?rest_route=%2Fwp%2Fv2%2Fmedia&parent=19524"}],"wp:term":[{"taxonomy":"category","embeddable":true,"href":"https:\/\/arantv.az\/index.php?rest_route=%2Fwp%2Fv2%2Fcategories&post=19524"},{"taxonomy":"post_tag","embeddable":true,"href":"https:\/\/arantv.az\/index.php?rest_route=%2Fwp%2Fv2%2Ftags&post=19524"}],"curies":[{"name":"wp","href":"https:\/\/api.w.org\/{rel}","templated":true}]}}