{"id":19539,"date":"2018-10-17T15:22:15","date_gmt":"2018-10-17T12:22:15","guid":{"rendered":"http:\/\/arantv.az\/?p=19539"},"modified":"2018-10-17T15:22:15","modified_gmt":"2018-10-17T12:22:15","slug":"bakida-m%c9%99kt%c9%99bd%c9%99-t%c9%99hluk%c9%99li-v%c9%99ziyy%c9%99t-direktor-qarsisini-ala-bilmir","status":"publish","type":"post","link":"https:\/\/arantv.az\/?p=19539","title":{"rendered":"Bak\u0131da m\u0259kt\u0259bd\u0259 t\u0259hl\u00fck\u0259li v\u0259ziyy\u0259t \u2013 Direktor qar\u015f\u0131s\u0131n\u0131 ala bilmir\u2026"},"content":{"rendered":"<p><strong>T\u0259hsil m\u00fc\u0259ssis\u0259sinin h\u0259y\u0259tind\u0259ki v\u0259ziyy\u0259t valideynl\u0259rin naraz\u0131l\u0131\u011f\u0131na s\u0259b\u0259b olub. Direktor neqativ hal\u0131n qar\u015f\u0131s\u0131n\u0131 ala bilm\u0259diyini dil\u0259 g\u0259tirir.<\/strong><\/p>\n<p><strong>ARANTV.AZ\u00a0<\/strong>\u00a0x\u0259b\u0259r verir ki, Bak\u0131n\u0131n Bin\u0259q\u0259di rayonunda yerl\u0259\u015f\u0259n 143 n\u00f6mr\u0259li orta m\u0259kt\u0259bin h\u0259y\u0259tin\u0259 avtomobill\u0259rin daxil oldu\u011fu bildirilir. Bu bar\u0259d\u0259 \u015fikay\u0259t ed\u0259n valideyn hesab edir ki, s\u00f6z\u00fcged\u0259n v\u0259ziyy\u0259t\u00a0 \u015fagirdl\u0259rin h\u0259yat\u0131 \u00fc\u00e7\u00fcn t\u0259hl\u00fck\u0259lidir.<\/p>\n<p>\u201cMa\u015f\u0131nlar\u0131 m\u0259kt\u0259bin h\u0259y\u0259tind\u0259 saxlay\u0131rlar. Burada \u015fagirdl\u0259r qa\u00e7\u0131r, h\u0259r\u0259k\u0259t edir. Avtomobill\u0259rin t\u0259hsil m\u00fc\u0259ssis\u0259sinin h\u0259y\u0259tin\u0259 daxil olmas\u0131 d\u00fczg\u00fcn deyil. Burada ma\u015f\u0131n\u0131 saxlayark\u0259n v\u0259 ya h\u0259y\u0259tind\u0259n \u00e7\u0131xark\u0259n u\u015faqlar x\u0259sar\u0259t ala bil\u0259rl\u0259r. Ona g\u00f6r\u0259 d\u00fc\u015f\u00fcn\u00fcr\u0259m ki, bu, yolverilm\u0259zdir. Biz u\u015faqlar\u0131m\u0131z\u0131 m\u0259kt\u0259b\u0259 g\u0259tiririk, m\u00fc\u0259lliml\u0259r\u0259 \u0259man\u0259t edib gedirik. H\u0259r hans\u0131 b\u0259db\u0259xt hadis\u0259 ba\u015f vers\u0259, buna kim cavabdeh olacaq?!\u201d \u2013 ad\u0131n\u0131n a\u00e7\u0131qlamas\u0131n\u0131 ist\u0259m\u0259y\u0259n valideyn deyir.<\/p>\n<p>O hesab edir ki, kimliyini a\u00e7\u0131qlasa \u015fagirdin\u0259 qar\u015f\u0131 m\u0259nfi m\u00fcnasib\u0259t g\u00f6st\u0259ril\u0259c\u0259k. Valideyn bu s\u0259b\u0259bd\u0259n \u00f6z\u00fcn\u00fc neqativ hallardan s\u0131\u011fortalay\u0131r.<\/p>\n<p><strong>M\u0259s\u0259l\u0259 il\u0259 ba\u011fl\u0131 m\u0259kt\u0259b direktoru Elmar H\u0259\u015fimov sayt\u0131m\u0131za a\u00e7\u0131qlama verib. O bildirib ki, s\u00f6z\u00fcged\u0259n v\u0259ziyy\u0259tin yaranmas\u0131n\u0131n \u0259leyhin\u0259dir v\u0259 bunun qar\u015f\u0131s\u0131n\u0131 alma\u011fa \u00e7al\u0131\u015f\u0131rlar:<\/strong><\/p>\n<p>\u201cS\u0259h\u0259r v\u0259 g\u00fcnorta vaxt\u0131 m\u0259kt\u0259bin darvazas\u0131n\u0131 a\u00e7\u0131q qoyuruq ki, u\u015faqlar\u0131n h\u0259r\u0259k\u0259ti \u00fc\u00e7\u00fcn mane\u00e7ilik t\u00f6r\u0259tm\u0259sin. T\u0259kc\u0259 ki\u00e7ik qap\u0131 a\u00e7\u0131q olark\u0259n s\u0131xl\u0131q yaran\u0131r. Bu zaman f\u00fcrs\u0259td\u0259n istifad\u0259 ed\u0259n valideynl\u0259r olur, n\u0259 ed\u0259 bil\u0259rik? Televiziyada da, valideyn iclas\u0131nda da d\u0259f\u0259l\u0259rl\u0259 demi\u015f\u0259m ki, m\u0259kt\u0259bin h\u0259y\u0259tin\u0259 ma\u015f\u0131nla daxil olmaq qada\u011fand\u0131r. Xeyri yoxdur. \u015e\u0259xsi ma\u015f\u0131n\u0131m\u0131 m\u0259kt\u0259bd\u0259n 100 metr uzaql\u0131qda saxalay\u0131b piyada g\u0259lir\u0259m. U\u015faqlar\u0131n t\u0259hl\u00fck\u0259sizliyin\u0259 ham\u0131dan \u00e7ox m\u0259n cavabdeh\u0259m. B\u0259zi valideynl\u0259r bizi ba\u015fa d\u00fc\u015fm\u00fcr\u201d.Minval.info<\/p>\n","protected":false},"excerpt":{"rendered":"<p>T\u0259hsil m\u00fc\u0259ssis\u0259sinin h\u0259y\u0259tind\u0259ki v\u0259ziyy\u0259t valideynl\u0259rin naraz\u0131l\u0131\u011f\u0131na s\u0259b\u0259b olub. Direktor neqativ hal\u0131n qar\u015f\u0131s\u0131n\u0131 ala bilm\u0259diyini dil\u0259 g\u0259tirir. ARANTV.AZ\u00a0\u00a0x\u0259b\u0259r verir ki, Bak\u0131n\u0131n Bin\u0259q\u0259di rayonunda yerl\u0259\u015f\u0259n 143 n\u00f6mr\u0259li orta m\u0259kt\u0259bin h\u0259y\u0259tin\u0259 avtomobill\u0259rin daxil oldu\u011fu bildirilir. Bu bar\u0259d\u0259 \u015fikay\u0259t ed\u0259n valideyn hesab edir ki, s\u00f6z\u00fcged\u0259n v\u0259ziyy\u0259t\u00a0 \u015fagirdl\u0259rin h\u0259yat\u0131 \u00fc\u00e7\u00fcn t\u0259hl\u00fck\u0259lidir. \u201cMa\u015f\u0131nlar\u0131 m\u0259kt\u0259bin h\u0259y\u0259tind\u0259 saxlay\u0131rlar. Burada \u015fagirdl\u0259r qa\u00e7\u0131r, h\u0259r\u0259k\u0259t edir. Avtomobill\u0259rin t\u0259hsil m\u00fc\u0259ssis\u0259sinin h\u0259y\u0259tin\u0259 daxil olmas\u0131 d\u00fczg\u00fcn deyil. Burada ma\u015f\u0131n\u0131 saxlayark\u0259n v\u0259 ya h\u0259y\u0259tind\u0259n \u00e7\u0131xark\u0259n u\u015faqlar x\u0259sar\u0259t ala bil\u0259rl\u0259r. Ona g\u00f6r\u0259 d\u00fc\u015f\u00fcn\u00fcr\u0259m ki, bu, yolverilm\u0259zdir. Biz u\u015faqlar\u0131m\u0131z\u0131 m\u0259kt\u0259b\u0259 g\u0259tiririk, m\u00fc\u0259lliml\u0259r\u0259 \u0259man\u0259t edib gedirik. H\u0259r hans\u0131&hellip;<\/p>\n","protected":false},"author":2,"featured_media":19540,"comment_status":"closed","ping_status":"closed","sticky":false,"template":"","format":"standard","meta":{"om_disable_all_campaigns":false,"_monsterinsights_skip_tracking":false,"_monsterinsights_sitenote_active":false,"_monsterinsights_sitenote_note":"","_monsterinsights_sitenote_category":0},"categories":[1],"tags":[],"aioseo_notices":[],"gutentor_comment":0,"rttpg_featured_image_url":{"full":["https:\/\/arantv.az\/wp-content\/uploads\/2018\/10\/142031264154a840412303d5.29321825.jpg",1180,788,false],"landscape":["https:\/\/arantv.az\/wp-content\/uploads\/2018\/10\/142031264154a840412303d5.29321825.jpg",1180,788,false],"portraits":["https:\/\/arantv.az\/wp-content\/uploads\/2018\/10\/142031264154a840412303d5.29321825.jpg",1180,788,false],"thumbnail":["https:\/\/arantv.az\/wp-content\/uploads\/2018\/10\/142031264154a840412303d5.29321825-150x150.jpg",150,150,true],"medium":["https:\/\/arantv.az\/wp-content\/uploads\/2018\/10\/142031264154a840412303d5.29321825-300x200.jpg",300,200,true],"large":["https:\/\/arantv.az\/wp-content\/uploads\/2018\/10\/142031264154a840412303d5.29321825-1024x684.jpg",640,428,true],"1536x1536":["https:\/\/arantv.az\/wp-content\/uploads\/2018\/10\/142031264154a840412303d5.29321825.jpg",1180,788,false],"2048x2048":["https:\/\/arantv.az\/wp-content\/uploads\/2018\/10\/142031264154a840412303d5.29321825.jpg",1180,788,false],"post-thumbnail":["https:\/\/arantv.az\/wp-content\/uploads\/2018\/10\/142031264154a840412303d5.29321825-240x172.jpg",240,172,true],"advps-thumb-one":["https:\/\/arantv.az\/wp-content\/uploads\/2018\/10\/142031264154a840412303d5.29321825-1180x620.jpg",1180,620,true]},"rttpg_author":{"display_name":"V\u00fcsal Rafiqo\u011flu","author_link":"https:\/\/arantv.az\/?author=2"},"rttpg_comment":0,"rttpg_category":"<a href=\"https:\/\/arantv.az\/?cat=1\" rel=\"category\">C\u0259miyy\u0259t<\/a>","rttpg_excerpt":"T\u0259hsil m\u00fc\u0259ssis\u0259sinin h\u0259y\u0259tind\u0259ki v\u0259ziyy\u0259t valideynl\u0259rin naraz\u0131l\u0131\u011f\u0131na s\u0259b\u0259b olub. Direktor neqativ hal\u0131n qar\u015f\u0131s\u0131n\u0131 ala bilm\u0259diyini dil\u0259 g\u0259tirir. ARANTV.AZ\u00a0\u00a0x\u0259b\u0259r verir ki, Bak\u0131n\u0131n Bin\u0259q\u0259di rayonunda yerl\u0259\u015f\u0259n 143 n\u00f6mr\u0259li orta m\u0259kt\u0259bin h\u0259y\u0259tin\u0259 avtomobill\u0259rin daxil oldu\u011fu bildirilir. Bu bar\u0259d\u0259 \u015fikay\u0259t ed\u0259n valideyn hesab edir ki, s\u00f6z\u00fcged\u0259n v\u0259ziyy\u0259t\u00a0 \u015fagirdl\u0259rin h\u0259yat\u0131 \u00fc\u00e7\u00fcn t\u0259hl\u00fck\u0259lidir. \u201cMa\u015f\u0131nlar\u0131 m\u0259kt\u0259bin h\u0259y\u0259tind\u0259 saxlay\u0131rlar. Burada \u015fagirdl\u0259r qa\u00e7\u0131r, h\u0259r\u0259k\u0259t edir.&hellip;","_links":{"self":[{"href":"https:\/\/arantv.az\/index.php?rest_route=\/wp\/v2\/posts\/19539"}],"collection":[{"href":"https:\/\/arantv.az\/index.php?rest_route=\/wp\/v2\/posts"}],"about":[{"href":"https:\/\/arantv.az\/index.php?rest_route=\/wp\/v2\/types\/post"}],"author":[{"embeddable":true,"href":"https:\/\/arantv.az\/index.php?rest_route=\/wp\/v2\/users\/2"}],"replies":[{"embeddable":true,"href":"https:\/\/arantv.az\/index.php?rest_route=%2Fwp%2Fv2%2Fcomments&post=19539"}],"version-history":[{"count":0,"href":"https:\/\/arantv.az\/index.php?rest_route=\/wp\/v2\/posts\/19539\/revisions"}],"wp:featuredmedia":[{"embeddable":true,"href":"https:\/\/arantv.az\/index.php?rest_route=\/wp\/v2\/media\/19540"}],"wp:attachment":[{"href":"https:\/\/arantv.az\/index.php?rest_route=%2Fwp%2Fv2%2Fmedia&parent=19539"}],"wp:term":[{"taxonomy":"category","embeddable":true,"href":"https:\/\/arantv.az\/index.php?rest_route=%2Fwp%2Fv2%2Fcategories&post=19539"},{"taxonomy":"post_tag","embeddable":true,"href":"https:\/\/arantv.az\/index.php?rest_route=%2Fwp%2Fv2%2Ftags&post=19539"}],"curies":[{"name":"wp","href":"https:\/\/api.w.org\/{rel}","templated":true}]}}