{"id":19548,"date":"2018-10-17T15:27:14","date_gmt":"2018-10-17T12:27:14","guid":{"rendered":"http:\/\/arantv.az\/?p=19548"},"modified":"2018-10-17T15:27:14","modified_gmt":"2018-10-17T12:27:14","slug":"az%c9%99rbaycanli-doyuscu-g%c9%99ncl%c9%99rl%c9%99-gorusdu-foto","status":"publish","type":"post","link":"https:\/\/arantv.az\/?p=19548","title":{"rendered":"Az\u0259rbaycanl\u0131 d\u00f6y\u00fc\u015f\u00e7\u00fc g\u0259ncl\u0259rl\u0259 g\u00f6r\u00fc\u015fd\u00fc &#8211; FOTO"},"content":{"rendered":"<p>\u201cUkrayna-Az\u0259rbaycan v\u0259t\u0259np\u0259rv\u0259rl\u0259rinin v\u0259 m\u00fcharib\u0259 i\u015ftirak\u00e7\u0131lar\u0131\u00a0qarda\u015fl\u0131\u011f\u0131\u201dn\u0131n n\u00fcmay\u0259nd\u0259si, k\u00f6n\u00fcll\u00fc, Ukrayna Milli Qvardiyas\u0131n\u0131n Milli Q\u0259hr\u0259man, general S.Kul\u00e7i\u00e7ski ad\u0131na taborun az\u0259rbaycanl\u0131 h\u0259rb\u00e7isi\u00a0<strong>Vidadi \u0130srafilov<\/strong>\u00a0Ukraynan\u0131n M\u00fcdafi\u0259 g\u00fcn\u00fc il\u0259 \u0259laq\u0259dar Kiyevin Obolonsk rayonunun 210 sayl\u0131 m\u0259kt\u0259binin \u015fagirdl\u0259ri v\u0259\u00a0<strong>Boris Qrin\u00e7enko<\/strong>\u00a0ad\u0131na d\u00f6vl\u0259t universitetinin jurnalistika fak\u00fclt\u0259sinin t\u0259l\u0259b\u0259l\u0259ri il\u0259\u00a0<strong>S\u0259m\u0259d Vur\u011fun<\/strong>\u00a0ad\u0131na kitabxanada g\u00f6r\u00fc\u015f ke\u00e7irib.<\/p>\n<p><strong>ARANTV.AZ\u00a0\u00a0<\/strong>x\u0259b\u0259r verir ki, m\u0259kt\u0259blil\u0259r bayram \u00e7\u0259r\u00e7iv\u0259sind\u0259 Vidadi \u0130srafilov v\u0259 onun d\u00f6y\u00fc\u015f yolda\u015f\u0131\u00a0<strong>\u0130van Taturov<\/strong>un \u015f\u0259r\u0259fin\u0259 v\u0259t\u0259np\u0259rv\u0259rlik m\u00f6vzusunda interaktiv \u0259yl\u0259nc\u0259li\u00a0proqram haz\u0131rlay\u0131blar.<\/p>\n<p>G\u00f6r\u00fc\u015f dialoq formas\u0131nda ke\u00e7irilib, u\u015faqlar dig\u0259r mill\u0259tl\u0259rin n\u00fcmay\u0259nd\u0259l\u0259rinin Ukrayna c\u0259miyy\u0259tin\u0259 inteqrasiyas\u0131 il\u0259 yax\u0131ndan maraqlan\u0131blar.<\/p>\n<p>Vidadi \u0130srafilov v\u0259t\u0259ni v\u0259 ad\u0259t-\u0259n\u0259n\u0259l\u0259ri, Ukraynada ya\u015fayan az\u0259rbaycanl\u0131lar, Az\u0259rbaycan diasporunun Ukrayna xalq\u0131na v\u0259 d\u00f6vl\u0259tin\u0259 sevgisind\u0259n dan\u0131\u015f\u0131b.<\/p>\n<p>H\u0259m\u00e7inin, Vidadi \u0130srafilov\u00a0Ukrayna-Az\u0259rbaycan dostlu\u011funun v\u0259 qarda\u015fl\u0131q m\u00fcnasib\u0259tl\u0259rinin d\u0259rin tarixinin oldu\u011funu deyib. M\u0259kt\u0259blil\u0259r v\u0259 t\u0259l\u0259bl\u0259rl\u0259 g\u00f6r\u00fc\u015f m\u00fcsb\u0259t notda ba\u015fa \u00e7at\u0131b.<\/p>\n<p><img src=\"https:\/\/assets.oxu.az\/uploads\/W1siZiIsIjIwMTgvMTAvMTcvMTQvMzIvMDEvNTRjNGM5MTYtN2RhNi00MjE1LWEzYjUtNTIyODkwZjc5MjNhL2ExLmpwZyJdLFsicCIsImVuY29kZSIsImpwZyIsIi1xdWFsaXR5IDgwIl0sWyJwIiwidGh1bWIiLCI1OTB4NTkwXHUwMDNlIl1d?sha=961a8baca407d75a\" \/><\/p>\n<p><img src=\"https:\/\/assets.oxu.az\/uploads\/W1siZiIsIjIwMTgvMTAvMTcvMTQvMzIvMDEvZjljNjM3ZjUtMTMwNy00ZTg0LWIwYWEtMGQ5NjA2MDljODRiL2EuanBnIl0sWyJwIiwiZW5jb2RlIiwianBnIiwiLXF1YWxpdHkgODAiXSxbInAiLCJ0aHVtYiIsIjU5MHg1OTBcdTAwM2UiXV0?sha=f3f053f16e82425d\" \/><\/p>\n<p><img src=\"https:\/\/assets.oxu.az\/uploads\/W1siZiIsIjIwMTgvMTAvMTcvMTQvMzEvNTgvMGI5ODMwZTYtOTQ4Zi00YzU1LTk2NzAtY2QxNDgzMmI0YTRiLzQ0MTI2OTQ5XzM3MDkwNTU3Njk4NDIwMl8yNTEyMTgwNjE2ODY3MzQ4NDhfbi5qcGciXSxbInAiLCJlbmNvZGUiLCJqcGciLCItcXVhbGl0eSA4MCJdLFsicCIsInRodW1iIiwiNTkweDU5MFx1MDAzZSJdXQ?sha=da200f0bd0b1fbd9\" \/><\/p>\n<p><img src=\"https:\/\/assets.oxu.az\/uploads\/W1siZiIsIjIwMTgvMTAvMTcvMTQvMzEvNTkvNDllYjFiOWQtYzFjNy00NzZiLWJkZTAtYzI3MjcxMzBkMmMwLzQ0MTI4OTk3XzEwOTg1OTIwNjM2NDA5MjNfMjMyMjcxODMwOTM4MTgzMjcwNF9uLmpwZyJdLFsicCIsImVuY29kZSIsImpwZyIsIi1xdWFsaXR5IDgwIl0sWyJwIiwidGh1bWIiLCI1OTB4NTkwXHUwMDNlIl1d?sha=de9441d436b4d3c6\" \/><\/p>\n<p><img src=\"https:\/\/assets.oxu.az\/uploads\/W1siZiIsIjIwMTgvMTAvMTcvMTQvMzIvMDAvNTVhOGQxY2UtNWEzYS00MTIxLTg4ODgtZDI4NjE0MzNjMjQ4LzQ0MjQ3Nzk0XzM3NzMwNjI4NjE0MDQ3Nl8yMDAzNTk4NzY4OTU1NDU3NTM2X24uanBnIl0sWyJwIiwiZW5jb2RlIiwianBnIiwiLXF1YWxpdHkgODAiXSxbInAiLCJ0aHVtYiIsIjU5MHg1OTBcdTAwM2UiXV0?sha=c04ef60633b2410c\" \/><\/p>\n<p>oxu.az<\/p>\n","protected":false},"excerpt":{"rendered":"<p>\u201cUkrayna-Az\u0259rbaycan v\u0259t\u0259np\u0259rv\u0259rl\u0259rinin v\u0259 m\u00fcharib\u0259 i\u015ftirak\u00e7\u0131lar\u0131\u00a0qarda\u015fl\u0131\u011f\u0131\u201dn\u0131n n\u00fcmay\u0259nd\u0259si, k\u00f6n\u00fcll\u00fc, Ukrayna Milli Qvardiyas\u0131n\u0131n Milli Q\u0259hr\u0259man, general S.Kul\u00e7i\u00e7ski ad\u0131na taborun az\u0259rbaycanl\u0131 h\u0259rb\u00e7isi\u00a0Vidadi \u0130srafilov\u00a0Ukraynan\u0131n M\u00fcdafi\u0259 g\u00fcn\u00fc il\u0259 \u0259laq\u0259dar Kiyevin Obolonsk rayonunun 210 sayl\u0131 m\u0259kt\u0259binin \u015fagirdl\u0259ri v\u0259\u00a0Boris Qrin\u00e7enko\u00a0ad\u0131na d\u00f6vl\u0259t universitetinin jurnalistika fak\u00fclt\u0259sinin t\u0259l\u0259b\u0259l\u0259ri il\u0259\u00a0S\u0259m\u0259d Vur\u011fun\u00a0ad\u0131na kitabxanada g\u00f6r\u00fc\u015f ke\u00e7irib. ARANTV.AZ\u00a0\u00a0x\u0259b\u0259r verir ki, m\u0259kt\u0259blil\u0259r bayram \u00e7\u0259r\u00e7iv\u0259sind\u0259 Vidadi \u0130srafilov v\u0259 onun d\u00f6y\u00fc\u015f yolda\u015f\u0131\u00a0\u0130van Taturovun \u015f\u0259r\u0259fin\u0259 v\u0259t\u0259np\u0259rv\u0259rlik m\u00f6vzusunda interaktiv \u0259yl\u0259nc\u0259li\u00a0proqram haz\u0131rlay\u0131blar. G\u00f6r\u00fc\u015f dialoq formas\u0131nda ke\u00e7irilib, u\u015faqlar dig\u0259r mill\u0259tl\u0259rin n\u00fcmay\u0259nd\u0259l\u0259rinin Ukrayna c\u0259miyy\u0259tin\u0259 inteqrasiyas\u0131 il\u0259 yax\u0131ndan maraqlan\u0131blar. Vidadi \u0130srafilov v\u0259t\u0259ni v\u0259 ad\u0259t-\u0259n\u0259n\u0259l\u0259ri, Ukraynada ya\u015fayan az\u0259rbaycanl\u0131lar, Az\u0259rbaycan diasporunun Ukrayna xalq\u0131na v\u0259 d\u00f6vl\u0259tin\u0259 sevgisind\u0259n&hellip;<\/p>\n","protected":false},"author":2,"featured_media":19549,"comment_status":"closed","ping_status":"closed","sticky":false,"template":"","format":"standard","meta":{"om_disable_all_campaigns":false,"_monsterinsights_skip_tracking":false,"_monsterinsights_sitenote_active":false,"_monsterinsights_sitenote_note":"","_monsterinsights_sitenote_category":0},"categories":[1],"tags":[],"aioseo_notices":[],"gutentor_comment":0,"rttpg_featured_image_url":{"full":["https:\/\/arantv.az\/wp-content\/uploads\/2018\/10\/bores.jpg",620,465,false],"landscape":["https:\/\/arantv.az\/wp-content\/uploads\/2018\/10\/bores.jpg",620,465,false],"portraits":["https:\/\/arantv.az\/wp-content\/uploads\/2018\/10\/bores.jpg",620,465,false],"thumbnail":["https:\/\/arantv.az\/wp-content\/uploads\/2018\/10\/bores-150x150.jpg",150,150,true],"medium":["https:\/\/arantv.az\/wp-content\/uploads\/2018\/10\/bores-300x225.jpg",300,225,true],"large":["https:\/\/arantv.az\/wp-content\/uploads\/2018\/10\/bores.jpg",620,465,false],"1536x1536":["https:\/\/arantv.az\/wp-content\/uploads\/2018\/10\/bores.jpg",620,465,false],"2048x2048":["https:\/\/arantv.az\/wp-content\/uploads\/2018\/10\/bores.jpg",620,465,false],"post-thumbnail":["https:\/\/arantv.az\/wp-content\/uploads\/2018\/10\/bores-240x172.jpg",240,172,true],"advps-thumb-one":["https:\/\/arantv.az\/wp-content\/uploads\/2018\/10\/bores.jpg",620,465,false]},"rttpg_author":{"display_name":"V\u00fcsal Rafiqo\u011flu","author_link":"https:\/\/arantv.az\/?author=2"},"rttpg_comment":0,"rttpg_category":"<a href=\"https:\/\/arantv.az\/?cat=1\" rel=\"category\">C\u0259miyy\u0259t<\/a>","rttpg_excerpt":"\u201cUkrayna-Az\u0259rbaycan v\u0259t\u0259np\u0259rv\u0259rl\u0259rinin v\u0259 m\u00fcharib\u0259 i\u015ftirak\u00e7\u0131lar\u0131\u00a0qarda\u015fl\u0131\u011f\u0131\u201dn\u0131n n\u00fcmay\u0259nd\u0259si, k\u00f6n\u00fcll\u00fc, Ukrayna Milli Qvardiyas\u0131n\u0131n Milli Q\u0259hr\u0259man, general S.Kul\u00e7i\u00e7ski ad\u0131na taborun az\u0259rbaycanl\u0131 h\u0259rb\u00e7isi\u00a0Vidadi \u0130srafilov\u00a0Ukraynan\u0131n M\u00fcdafi\u0259 g\u00fcn\u00fc il\u0259 \u0259laq\u0259dar Kiyevin Obolonsk rayonunun 210 sayl\u0131 m\u0259kt\u0259binin \u015fagirdl\u0259ri v\u0259\u00a0Boris Qrin\u00e7enko\u00a0ad\u0131na d\u00f6vl\u0259t universitetinin jurnalistika fak\u00fclt\u0259sinin t\u0259l\u0259b\u0259l\u0259ri il\u0259\u00a0S\u0259m\u0259d Vur\u011fun\u00a0ad\u0131na kitabxanada g\u00f6r\u00fc\u015f ke\u00e7irib. ARANTV.AZ\u00a0\u00a0x\u0259b\u0259r verir ki, m\u0259kt\u0259blil\u0259r bayram \u00e7\u0259r\u00e7iv\u0259sind\u0259 Vidadi \u0130srafilov v\u0259 onun d\u00f6y\u00fc\u015f yolda\u015f\u0131\u00a0\u0130van Taturovun&hellip;","_links":{"self":[{"href":"https:\/\/arantv.az\/index.php?rest_route=\/wp\/v2\/posts\/19548"}],"collection":[{"href":"https:\/\/arantv.az\/index.php?rest_route=\/wp\/v2\/posts"}],"about":[{"href":"https:\/\/arantv.az\/index.php?rest_route=\/wp\/v2\/types\/post"}],"author":[{"embeddable":true,"href":"https:\/\/arantv.az\/index.php?rest_route=\/wp\/v2\/users\/2"}],"replies":[{"embeddable":true,"href":"https:\/\/arantv.az\/index.php?rest_route=%2Fwp%2Fv2%2Fcomments&post=19548"}],"version-history":[{"count":0,"href":"https:\/\/arantv.az\/index.php?rest_route=\/wp\/v2\/posts\/19548\/revisions"}],"wp:featuredmedia":[{"embeddable":true,"href":"https:\/\/arantv.az\/index.php?rest_route=\/wp\/v2\/media\/19549"}],"wp:attachment":[{"href":"https:\/\/arantv.az\/index.php?rest_route=%2Fwp%2Fv2%2Fmedia&parent=19548"}],"wp:term":[{"taxonomy":"category","embeddable":true,"href":"https:\/\/arantv.az\/index.php?rest_route=%2Fwp%2Fv2%2Fcategories&post=19548"},{"taxonomy":"post_tag","embeddable":true,"href":"https:\/\/arantv.az\/index.php?rest_route=%2Fwp%2Fv2%2Ftags&post=19548"}],"curies":[{"name":"wp","href":"https:\/\/api.w.org\/{rel}","templated":true}]}}