{"id":19551,"date":"2018-10-17T15:33:01","date_gmt":"2018-10-17T12:33:01","guid":{"rendered":"http:\/\/arantv.az\/?p=19551"},"modified":"2018-10-17T15:33:01","modified_gmt":"2018-10-17T12:33:01","slug":"krimdaki-partlayisin-s%c9%99b%c9%99bi-kimi-terror-hucumu-versiyasi-n%c9%99z%c9%99rd%c9%99n-kecirilir","status":"publish","type":"post","link":"https:\/\/arantv.az\/?p=19551","title":{"rendered":"&#8220;Kr\u0131mdak\u0131 partlay\u0131\u015f\u0131n s\u0259b\u0259bi kimi terror h\u00fccumu versiyas\u0131 n\u0259z\u0259rd\u0259n ke\u00e7irilir&#8221;"},"content":{"rendered":"<blockquote><p><em><strong>Kr\u0131m b\u00f6lg\u0259sinin Ker\u00e7 \u015f\u0259h\u0259rind\u0259 ba\u015f vermi\u015f partlay\u0131\u015f\u0131n \u0259sas s\u0259b\u0259bi kimi terror h\u00fccumu versiyas\u0131 n\u0259z\u0259rd\u0259n ke\u00e7irilir.<\/strong><\/em><\/p><\/blockquote>\n<p><strong>ARANTV.AZ<\/strong> report-a istinad\u0259n x\u0259b\u0259r verir ki, bu bar\u0259d\u0259 Rusiya Prezidentinin m\u0259tbuat katibi Dmitri Peskov bildirib.<\/p>\n<p>Onun s\u00f6zl\u0259rin\u0259 g\u00f6r\u0259, d\u00f6vl\u0259t ba\u015f\u00e7\u0131s\u0131 Vladimir Putin\u0259 Milli Antiterror Komit\u0259sind\u0259n binada nam\u0259lum cihaz\u0131n partlamas\u0131 bar\u0259d\u0259 m\u0259lumat verilib.<\/p>\n<div id=\"AdributorNativeVideo0\" class=\"AdributorNativeVideo\"><\/div>\n<p>Qeyd ed\u0259k ki, bu g\u00fcn Ker\u00e7 \u015f\u0259h\u0259rind\u0259ki Politexnik kollecinin binas\u0131nda partlay\u0131\u015f olub. N\u0259tic\u0259d\u0259 ilkin m\u0259lumatlara g\u00f6r\u0259, t\u0259xmin\u0259n, 10 n\u0259f\u0259r \u00f6l\u00fcb, 40-dan \u00e7ox adam yaralan\u0131b.<\/p>\n","protected":false},"excerpt":{"rendered":"<p>Kr\u0131m b\u00f6lg\u0259sinin Ker\u00e7 \u015f\u0259h\u0259rind\u0259 ba\u015f vermi\u015f partlay\u0131\u015f\u0131n \u0259sas s\u0259b\u0259bi kimi terror h\u00fccumu versiyas\u0131 n\u0259z\u0259rd\u0259n ke\u00e7irilir. ARANTV.AZ report-a istinad\u0259n x\u0259b\u0259r verir ki, bu bar\u0259d\u0259 Rusiya Prezidentinin m\u0259tbuat katibi Dmitri Peskov bildirib. Onun s\u00f6zl\u0259rin\u0259 g\u00f6r\u0259, d\u00f6vl\u0259t ba\u015f\u00e7\u0131s\u0131 Vladimir Putin\u0259 Milli Antiterror Komit\u0259sind\u0259n binada nam\u0259lum cihaz\u0131n partlamas\u0131 bar\u0259d\u0259 m\u0259lumat verilib. Qeyd ed\u0259k ki, bu g\u00fcn Ker\u00e7 \u015f\u0259h\u0259rind\u0259ki Politexnik kollecinin binas\u0131nda partlay\u0131\u015f olub. N\u0259tic\u0259d\u0259 ilkin m\u0259lumatlara g\u00f6r\u0259, t\u0259xmin\u0259n, 10 n\u0259f\u0259r \u00f6l\u00fcb, 40-dan \u00e7ox adam yaralan\u0131b.<\/p>\n","protected":false},"author":2,"featured_media":19552,"comment_status":"closed","ping_status":"closed","sticky":false,"template":"","format":"standard","meta":{"om_disable_all_campaigns":false,"_monsterinsights_skip_tracking":false,"_monsterinsights_sitenote_active":false,"_monsterinsights_sitenote_note":"","_monsterinsights_sitenote_category":0},"categories":[7],"tags":[],"aioseo_notices":[],"gutentor_comment":0,"rttpg_featured_image_url":{"full":["https:\/\/arantv.az\/wp-content\/uploads\/2018\/10\/695488.jpg",800,600,false],"landscape":["https:\/\/arantv.az\/wp-content\/uploads\/2018\/10\/695488.jpg",800,600,false],"portraits":["https:\/\/arantv.az\/wp-content\/uploads\/2018\/10\/695488.jpg",800,600,false],"thumbnail":["https:\/\/arantv.az\/wp-content\/uploads\/2018\/10\/695488-150x150.jpg",150,150,true],"medium":["https:\/\/arantv.az\/wp-content\/uploads\/2018\/10\/695488-300x225.jpg",300,225,true],"large":["https:\/\/arantv.az\/wp-content\/uploads\/2018\/10\/695488.jpg",640,480,false],"1536x1536":["https:\/\/arantv.az\/wp-content\/uploads\/2018\/10\/695488.jpg",800,600,false],"2048x2048":["https:\/\/arantv.az\/wp-content\/uploads\/2018\/10\/695488.jpg",800,600,false],"post-thumbnail":["https:\/\/arantv.az\/wp-content\/uploads\/2018\/10\/695488-240x172.jpg",240,172,true],"advps-thumb-one":["https:\/\/arantv.az\/wp-content\/uploads\/2018\/10\/695488.jpg",800,600,false]},"rttpg_author":{"display_name":"V\u00fcsal Rafiqo\u011flu","author_link":"https:\/\/arantv.az\/?author=2"},"rttpg_comment":0,"rttpg_category":"<a href=\"https:\/\/arantv.az\/?cat=7\" rel=\"category\">D\u00fcnya<\/a>","rttpg_excerpt":"Kr\u0131m b\u00f6lg\u0259sinin Ker\u00e7 \u015f\u0259h\u0259rind\u0259 ba\u015f vermi\u015f partlay\u0131\u015f\u0131n \u0259sas s\u0259b\u0259bi kimi terror h\u00fccumu versiyas\u0131 n\u0259z\u0259rd\u0259n ke\u00e7irilir. ARANTV.AZ report-a istinad\u0259n x\u0259b\u0259r verir ki, bu bar\u0259d\u0259 Rusiya Prezidentinin m\u0259tbuat katibi Dmitri Peskov bildirib. Onun s\u00f6zl\u0259rin\u0259 g\u00f6r\u0259, d\u00f6vl\u0259t ba\u015f\u00e7\u0131s\u0131 Vladimir Putin\u0259 Milli Antiterror Komit\u0259sind\u0259n binada nam\u0259lum cihaz\u0131n partlamas\u0131 bar\u0259d\u0259 m\u0259lumat verilib. Qeyd ed\u0259k ki, bu g\u00fcn Ker\u00e7 \u015f\u0259h\u0259rind\u0259ki Politexnik&hellip;","_links":{"self":[{"href":"https:\/\/arantv.az\/index.php?rest_route=\/wp\/v2\/posts\/19551"}],"collection":[{"href":"https:\/\/arantv.az\/index.php?rest_route=\/wp\/v2\/posts"}],"about":[{"href":"https:\/\/arantv.az\/index.php?rest_route=\/wp\/v2\/types\/post"}],"author":[{"embeddable":true,"href":"https:\/\/arantv.az\/index.php?rest_route=\/wp\/v2\/users\/2"}],"replies":[{"embeddable":true,"href":"https:\/\/arantv.az\/index.php?rest_route=%2Fwp%2Fv2%2Fcomments&post=19551"}],"version-history":[{"count":0,"href":"https:\/\/arantv.az\/index.php?rest_route=\/wp\/v2\/posts\/19551\/revisions"}],"wp:featuredmedia":[{"embeddable":true,"href":"https:\/\/arantv.az\/index.php?rest_route=\/wp\/v2\/media\/19552"}],"wp:attachment":[{"href":"https:\/\/arantv.az\/index.php?rest_route=%2Fwp%2Fv2%2Fmedia&parent=19551"}],"wp:term":[{"taxonomy":"category","embeddable":true,"href":"https:\/\/arantv.az\/index.php?rest_route=%2Fwp%2Fv2%2Fcategories&post=19551"},{"taxonomy":"post_tag","embeddable":true,"href":"https:\/\/arantv.az\/index.php?rest_route=%2Fwp%2Fv2%2Ftags&post=19551"}],"curies":[{"name":"wp","href":"https:\/\/api.w.org\/{rel}","templated":true}]}}