{"id":19558,"date":"2018-10-17T15:42:59","date_gmt":"2018-10-17T12:42:59","guid":{"rendered":"http:\/\/arantv.az\/?p=19558"},"modified":"2018-10-17T15:42:59","modified_gmt":"2018-10-17T12:42:59","slug":"cografiya-institutundan-t%c9%99klif-badamdarda-quyularin-qazilmasi-yolu-il%c9%99-qrunt-sulari-cixarilsa-surusm%c9%99-dayanacaq","status":"publish","type":"post","link":"https:\/\/arantv.az\/?p=19558","title":{"rendered":"Co\u011frafiya \u0130nstitutundan T\u018fKL\u0130F: Badamdarda quyular\u0131n qaz\u0131lmas\u0131 yolu il\u0259 qrunt sular\u0131 \u00e7\u0131xar\u0131lsa, s\u00fcr\u00fc\u015fm\u0259 dayanacaq"},"content":{"rendered":"<blockquote><p><em><strong>Haz\u0131rda Bak\u0131da 150 mind\u0259n \u00e7ox insan b\u00f6y\u00fck s\u00fcr\u00fc\u015fm\u0259 sah\u0259l\u0259rind\u0259 ya\u015fay\u0131r, lakin bu say getdikc\u0259 daha da art\u0131r.<\/strong><\/em><\/p><\/blockquote>\n<p><strong>ARANTV.AZ\u00a0<\/strong> bildirir ki, bunu trend-\u0259 Az\u0259rbaycan Milli Elml\u0259r Akademiyas\u0131n\u0131n Co\u011frafiya \u0130nstitutunun Az\u0259rbaycan\u0131n iqtisadi v\u0259 siyasi co\u011frafiyas\u0131 \u015f\u00f6b\u0259sinin m\u00fcdiri N\u0259riman Pa\u015fayev deyib.<\/p>\n<p>N.Pa\u015fayevin s\u00f6zl\u0259rin\u0259 g\u00f6r\u0259, insanlar\u0131n t\u0259bi\u0259t\u0259 m\u00fcdaxil\u0259si s\u00fcr\u00fc\u015fm\u0259 sah\u0259l\u0259rinin say\u0131n\u0131 art\u0131r\u0131r: &#8220;Bak\u0131n\u0131n s\u00fcr\u00fc\u015fm\u0259 zonalar\u0131na olan t\u0259zyiq g\u00fcnd\u0259n-g\u00fcn\u0259 art\u0131r. \u00dcmumiyy\u0259tl\u0259, Bay\u0131l v\u0259 20-ci sah\u0259nin s\u00fcr\u00fc\u015fm\u0259y\u0259 meyilli \u0259razil\u0259rind\u0259n \u0259halini k\u00f6\u00e7\u00fcrm\u0259k laz\u0131md\u0131r, \u00e7\u00fcnki h\u0259min \u0259razil\u0259r \u00e7ox y\u00fckl\u0259nib. X\u00fcsusil\u0259 Bay\u0131l yamac\u0131nda meyillilik \u00e7ox oldu\u011fu \u00fc\u00e7\u00fcn h\u0259min \u0259razil\u0259r bo\u015fald\u0131lmal\u0131d\u0131r. Orada kanalizasiya \u015f\u0259b\u0259k\u0259si d\u0259 tam qurulmad\u0131\u011f\u0131na g\u00f6r\u0259 yamac\u0131n dayan\u0131ql\u0131\u011f\u0131n\u0131 saxlamaq m\u00fcmk\u00fcn deyil&#8221;.<\/p>\n<p>\u015e\u00f6b\u0259 m\u00fcdiri Badamdarda haz\u0131rda aktivlik m\u00fc\u015fahid\u0259 edil\u0259n s\u00fcr\u00fc\u015fm\u0259 \u0259razisinin gilli s\u00fcxurlardan ibar\u0259t oldu\u011funu qeyd ed\u0259r\u0259k bildirib ki, orada quyular\u0131n qaz\u0131lmas\u0131 yolu il\u0259 qrunt sular\u0131 \u00e7\u0131xar\u0131lsa, s\u00fcr\u00fc\u015fm\u0259 dayanacaq.<\/p>\n<div id=\"AdributorNativeVideo0\" class=\"AdributorNativeVideo\"><\/div>\n<p>S\u00fcr\u00fc\u015fm\u0259 olan \u0259razil\u0259rd\u0259 y\u00fckl\u0259nm\u0259nin azald\u0131lmas\u0131n\u0131 vacib sayan N.Pa\u015fayev \u0259lav\u0259 edib ki, h\u0259min \u0259razil\u0259rind\u0259 kompleks t\u0259dbirl\u0259r h\u0259yata ke\u00e7irilm\u0259lidir, m\u00fch\u0259ndis-geoloji, me\u015f\u0259-meliorasiya i\u015fl\u0259ri aparmaq laz\u0131md\u0131r: &#8220;S\u00fcr\u00fc\u015fm\u0259 sah\u0259l\u0259rind\u0259 d\u0259rin k\u00f6k\u00fc olan a\u011faclar \u0259kilm\u0259lidir ki, onlar daim suyu \u00e7\u0259k\u0259 bilsinl\u0259r&#8221;.<\/p>\n<p>Qeyd ed\u0259k ki, gec\u0259d\u0259n ya\u011fan ya\u011f\u0131\u015f Badamdarda s\u00fcr\u00fc\u015fm\u0259 sah\u0259sind\u0259 aktivlik dinamikas\u0131n\u0131 art\u0131r\u0131b. Ya\u011fan ya\u011f\u0131\u015f as\u0131l\u0131 qalm\u0131\u015f torpaq qat\u0131nda k\u00fctl\u0259l\u0259rin islanaraq a\u011f\u0131rla\u015fmas\u0131 n\u0259tic\u0259sind\u0259 yamac boyu h\u0259r\u0259k\u0259ti art\u0131r\u0131b. Hava \u015f\u0259raiti il\u0259 \u0259laq\u0259dar u\u00e7qunlar\u0131n davam ed\u0259c\u0259yi g\u00f6zl\u0259nilir.<\/p>\n<p>Bundan ba\u015fqa, Bak\u0131n\u0131n S\u0259bail rayonu, Bay\u0131l q\u0259s\u0259b\u0259sinin Amfiteatr \u0259razisind\u0259, Buxta k\u00fc\u00e7\u0259sind\u0259 riskli zonan\u0131n h\u00fcdudlar\u0131 daxilind\u0259 yenid\u0259n u\u00e7qun tipli s\u00fcr\u00fc\u015fm\u0259 hadis\u0259si ba\u015f verib. S\u00fcr\u00fc\u015fm\u0259 n\u0259tic\u0259sind\u0259 9 n\u00f6mr\u0259li evd\u0259 u\u00e7qun prosesi ba\u015f verib v\u0259 ev tamamil\u0259 da\u011f\u0131l\u0131b. Yax\u0131nl\u0131qda yerl\u0259\u015f\u0259n bir ne\u00e7\u0259 evin divarlar\u0131nda \u00e7atlar m\u00fc\u015fahid\u0259 olunur.<\/p>\n","protected":false},"excerpt":{"rendered":"<p>Haz\u0131rda Bak\u0131da 150 mind\u0259n \u00e7ox insan b\u00f6y\u00fck s\u00fcr\u00fc\u015fm\u0259 sah\u0259l\u0259rind\u0259 ya\u015fay\u0131r, lakin bu say getdikc\u0259 daha da art\u0131r. ARANTV.AZ\u00a0 bildirir ki, bunu trend-\u0259 Az\u0259rbaycan Milli Elml\u0259r Akademiyas\u0131n\u0131n Co\u011frafiya \u0130nstitutunun Az\u0259rbaycan\u0131n iqtisadi v\u0259 siyasi co\u011frafiyas\u0131 \u015f\u00f6b\u0259sinin m\u00fcdiri N\u0259riman Pa\u015fayev deyib. N.Pa\u015fayevin s\u00f6zl\u0259rin\u0259 g\u00f6r\u0259, insanlar\u0131n t\u0259bi\u0259t\u0259 m\u00fcdaxil\u0259si s\u00fcr\u00fc\u015fm\u0259 sah\u0259l\u0259rinin say\u0131n\u0131 art\u0131r\u0131r: &#8220;Bak\u0131n\u0131n s\u00fcr\u00fc\u015fm\u0259 zonalar\u0131na olan t\u0259zyiq g\u00fcnd\u0259n-g\u00fcn\u0259 art\u0131r. \u00dcmumiyy\u0259tl\u0259, Bay\u0131l v\u0259 20-ci sah\u0259nin s\u00fcr\u00fc\u015fm\u0259y\u0259 meyilli \u0259razil\u0259rind\u0259n \u0259halini k\u00f6\u00e7\u00fcrm\u0259k laz\u0131md\u0131r, \u00e7\u00fcnki h\u0259min \u0259razil\u0259r \u00e7ox y\u00fckl\u0259nib. X\u00fcsusil\u0259 Bay\u0131l yamac\u0131nda meyillilik \u00e7ox oldu\u011fu \u00fc\u00e7\u00fcn h\u0259min \u0259razil\u0259r bo\u015fald\u0131lmal\u0131d\u0131r. Orada kanalizasiya \u015f\u0259b\u0259k\u0259si d\u0259 tam qurulmad\u0131\u011f\u0131na g\u00f6r\u0259 yamac\u0131n dayan\u0131ql\u0131\u011f\u0131n\u0131&hellip;<\/p>\n","protected":false},"author":2,"featured_media":19559,"comment_status":"closed","ping_status":"closed","sticky":false,"template":"","format":"standard","meta":{"om_disable_all_campaigns":false,"_monsterinsights_skip_tracking":false,"_monsterinsights_sitenote_active":false,"_monsterinsights_sitenote_note":"","_monsterinsights_sitenote_category":0},"categories":[1],"tags":[],"aioseo_notices":[],"gutentor_comment":0,"rttpg_featured_image_url":{"full":["https:\/\/arantv.az\/wp-content\/uploads\/2018\/10\/695497.jpg",800,600,false],"landscape":["https:\/\/arantv.az\/wp-content\/uploads\/2018\/10\/695497.jpg",800,600,false],"portraits":["https:\/\/arantv.az\/wp-content\/uploads\/2018\/10\/695497.jpg",800,600,false],"thumbnail":["https:\/\/arantv.az\/wp-content\/uploads\/2018\/10\/695497-150x150.jpg",150,150,true],"medium":["https:\/\/arantv.az\/wp-content\/uploads\/2018\/10\/695497-300x225.jpg",300,225,true],"large":["https:\/\/arantv.az\/wp-content\/uploads\/2018\/10\/695497.jpg",640,480,false],"1536x1536":["https:\/\/arantv.az\/wp-content\/uploads\/2018\/10\/695497.jpg",800,600,false],"2048x2048":["https:\/\/arantv.az\/wp-content\/uploads\/2018\/10\/695497.jpg",800,600,false],"post-thumbnail":["https:\/\/arantv.az\/wp-content\/uploads\/2018\/10\/695497-240x172.jpg",240,172,true],"advps-thumb-one":["https:\/\/arantv.az\/wp-content\/uploads\/2018\/10\/695497.jpg",800,600,false]},"rttpg_author":{"display_name":"V\u00fcsal Rafiqo\u011flu","author_link":"https:\/\/arantv.az\/?author=2"},"rttpg_comment":0,"rttpg_category":"<a href=\"https:\/\/arantv.az\/?cat=1\" rel=\"category\">C\u0259miyy\u0259t<\/a>","rttpg_excerpt":"Haz\u0131rda Bak\u0131da 150 mind\u0259n \u00e7ox insan b\u00f6y\u00fck s\u00fcr\u00fc\u015fm\u0259 sah\u0259l\u0259rind\u0259 ya\u015fay\u0131r, lakin bu say getdikc\u0259 daha da art\u0131r. ARANTV.AZ\u00a0 bildirir ki, bunu trend-\u0259 Az\u0259rbaycan Milli Elml\u0259r Akademiyas\u0131n\u0131n Co\u011frafiya \u0130nstitutunun Az\u0259rbaycan\u0131n iqtisadi v\u0259 siyasi co\u011frafiyas\u0131 \u015f\u00f6b\u0259sinin m\u00fcdiri N\u0259riman Pa\u015fayev deyib. N.Pa\u015fayevin s\u00f6zl\u0259rin\u0259 g\u00f6r\u0259, insanlar\u0131n t\u0259bi\u0259t\u0259 m\u00fcdaxil\u0259si s\u00fcr\u00fc\u015fm\u0259 sah\u0259l\u0259rinin say\u0131n\u0131 art\u0131r\u0131r: &#8220;Bak\u0131n\u0131n s\u00fcr\u00fc\u015fm\u0259 zonalar\u0131na olan t\u0259zyiq g\u00fcnd\u0259n-g\u00fcn\u0259 art\u0131r.&hellip;","_links":{"self":[{"href":"https:\/\/arantv.az\/index.php?rest_route=\/wp\/v2\/posts\/19558"}],"collection":[{"href":"https:\/\/arantv.az\/index.php?rest_route=\/wp\/v2\/posts"}],"about":[{"href":"https:\/\/arantv.az\/index.php?rest_route=\/wp\/v2\/types\/post"}],"author":[{"embeddable":true,"href":"https:\/\/arantv.az\/index.php?rest_route=\/wp\/v2\/users\/2"}],"replies":[{"embeddable":true,"href":"https:\/\/arantv.az\/index.php?rest_route=%2Fwp%2Fv2%2Fcomments&post=19558"}],"version-history":[{"count":0,"href":"https:\/\/arantv.az\/index.php?rest_route=\/wp\/v2\/posts\/19558\/revisions"}],"wp:featuredmedia":[{"embeddable":true,"href":"https:\/\/arantv.az\/index.php?rest_route=\/wp\/v2\/media\/19559"}],"wp:attachment":[{"href":"https:\/\/arantv.az\/index.php?rest_route=%2Fwp%2Fv2%2Fmedia&parent=19558"}],"wp:term":[{"taxonomy":"category","embeddable":true,"href":"https:\/\/arantv.az\/index.php?rest_route=%2Fwp%2Fv2%2Fcategories&post=19558"},{"taxonomy":"post_tag","embeddable":true,"href":"https:\/\/arantv.az\/index.php?rest_route=%2Fwp%2Fv2%2Ftags&post=19558"}],"curies":[{"name":"wp","href":"https:\/\/api.w.org\/{rel}","templated":true}]}}