{"id":19564,"date":"2018-10-17T16:02:01","date_gmt":"2018-10-17T13:02:01","guid":{"rendered":"http:\/\/arantv.az\/?p=19564"},"modified":"2018-10-17T16:02:01","modified_gmt":"2018-10-17T13:02:01","slug":"dunya-iqtisadi-forumunun-hesabati-dunyanin-siyasi-v%c9%99-iqtisadi-elitasinin-az%c9%99rbaycana-maragini-gost%c9%99rir","status":"publish","type":"post","link":"https:\/\/arantv.az\/?p=19564","title":{"rendered":"&#8220;D\u00fcnya \u0130qtisadi Forumunun hesabat\u0131 d\u00fcnyan\u0131n siyasi v\u0259 iqtisadi elitas\u0131n\u0131n Az\u0259rbaycana mara\u011f\u0131n\u0131 g\u00f6st\u0259rir&#8221;"},"content":{"rendered":"<blockquote><p><em><strong>D\u00fcnya \u0130qtisadi Forumunun Qlobal R\u0259qab\u0259tlilik Hesabat\u0131 Az\u0259rbaycan d\u00f6vl\u0259tinin u\u011furlar\u0131n\u0131 v\u0259 nailiyy\u0259tl\u0259rini n\u00fcmayi\u015f etdirm\u0259kl\u0259 yana\u015f\u0131, d\u00fcnyan\u0131n siyasi v\u0259 iqtisadi elitas\u0131n\u0131n d\u00f6vl\u0259timiz\u0259 olan mara\u011f\u0131n\u0131 ortaya qoyur. Hesabat\u0131 t\u0259hlil etdikd\u0259 ayd\u0131n \u015f\u0259kild\u0259 g\u00f6r\u00fcr\u00fck ki, son d\u00f6vrl\u0259r \u0259rzind\u0259 s\u00fcr\u0259tl\u0259 inki\u015faf ed\u0259n Az\u0259rbaycan d\u00fcnya \u00f6lk\u0259l\u0259ri \u00fc\u00e7\u00fcn dinamizm v\u0259 dayan\u0131ql\u0131l\u0131q n\u00fcmun\u0259sin\u0259 \u00e7evrilib.<\/strong><\/em><\/p><\/blockquote>\n<p><strong>ARANTV.AZ<\/strong>\u00a0 x\u0259b\u0259r verir ki, bunu trend-\u0259 Yeni Az\u0259rbaycan Partiyas\u0131 (YAP) Nizami rayon t\u0259\u015fkilat\u0131n\u0131n s\u0259dri, Milli M\u0259clisin deputat\u0131 S\u0259daq\u0259t V\u0259liyeva deyib.<\/p>\n<p>S.V\u0259liyeva bildirib ki, hesabatda diqq\u0259t \u00e7\u0259k\u0259n m\u0259qamlardan biri sosial infrastruktur m\u0259s\u0259l\u0259l\u0259ridir: &#8220;Hesabatda ayd\u0131n \u015f\u0259kild\u0259 qeyd edilib ki, Az\u0259rbaycan t\u0259hsil v\u0259 bacar\u0131qlar, biznesin dinamikliyi kimi indikatorlar \u00fczr\u0259 m\u00f6vqel\u0259rini \u0259h\u0259miyy\u0259tli d\u0259r\u0259c\u0259d\u0259 yax\u015f\u0131la\u015fd\u0131r\u0131b. X\u00fcsusil\u0259 qeyd edilm\u0259si vacib olan m\u0259qam Qlobal R\u0259qab\u0259tlilik Hesabat\u0131nda Az\u0259rbaycan\u0131n d\u00fcnyada sosial b\u0259rab\u0259rliyin \u0259n y\u00fcks\u0259k s\u0259viyy\u0259d\u0259 t\u0259min olundu\u011fu \u00f6lk\u0259 kimi vur\u011fulanmas\u0131d\u0131r. M\u0259hz bu m\u0259qam bu g\u00fcn Az\u0259rbaycanda h\u0259yata ke\u00e7iril\u0259n sosial-iqtisadi islahatlar\u0131n n\u0259tic\u0259sind\u0259 sosial d\u00f6vl\u0259t quruculu\u011fu prosesind\u0259 \u00f6lk\u0259mizin n\u0259 q\u0259d\u0259r ir\u0259lil\u0259diyini n\u00fcmayi\u015f etdirir&#8221;.<\/p>\n<p>Mill\u0259t v\u0259kili hesabatda qeyd edil\u0259n infrastruktur m\u0259qamlar\u0131na da toxunub: &#8220;Hesabatda vur\u011fulan\u0131r ki, Az\u0259rbaycan \u0259halinin elektrikl\u0259 t\u0259chizat\u0131 s\u0259viyy\u0259sin\u0259 g\u00f6r\u0259 maksimal 100 faiz bal almaqla d\u00fcnyada ilk pill\u0259y\u0259 y\u00fcks\u0259lib. Bu, he\u00e7 d\u0259 t\u0259sad\u00fcfi deyil. \u00c7\u00fcnki Az\u0259rbaycanda c\u0259nab Prezident \u0130lham \u018fliyevin r\u0259hb\u0259rliyi il\u0259 sosial infrastruktur sah\u0259sind\u0259 ciddi nailiyy\u0259tl\u0259r \u0259ld\u0259 olunub. T\u0259s\u0259vv\u00fcr edin ki, son 15 il \u0259rzind\u0259 Az\u0259rbaycanda 440-dan \u00e7ox k\u00f6rp\u00fc tikilib, 3100-d\u0259n \u00e7ox m\u0259kt\u0259b in\u015fa edilib, 642 tibb m\u00fc\u0259ssis\u0259si, 43 olimpiya idman kompleksi tikilib, 265 min m\u0259cburi k\u00f6\u00e7k\u00fcn yeni evl\u0259rl\u0259, m\u0259nzill\u0259rl\u0259 t\u0259min edilib, 30 elektrik stansiyas\u0131 tikilib, b\u00f6lg\u0259l\u0259rd\u0259 qazla\u015fd\u0131rma 95 faiz\u0259 \u00e7atmaq \u00fczr\u0259dir, \u0259halinin fasil\u0259siz i\u00e7m\u0259li su il\u0259 t\u0259minat\u0131 70 faiz\u0259 \u00e7at\u0131b, 4 su anbar\u0131 &#8211; Taxtak\u00f6rp\u00fc, \u015e\u0259mkir\u00e7ay, G\u00f6yt\u0259p\u0259, Tovuz\u00e7ay su anbarlar\u0131 tikilib, 100 minl\u0259rl\u0259 hektar suvar\u0131lmayan torpaqlara su g\u0259tirilib, 12 min 300 kilometr yol \u00e7\u0259kilib. B\u00fct\u00fcn bunlar birm\u0259nal\u0131 \u015f\u0259kild\u0259 Az\u0259rbaycan xalq\u0131n\u0131n rahat ya\u015famas\u0131na xidm\u0259t edir&#8221;.<\/p>\n<p>S.V\u0259liyeva \u0259lav\u0259 edib ki, Az\u0259rbaycan\u0131n d\u00fcnya iqtisadiyyat\u0131n\u0131n \u0259n s\u00fcr\u0259tl\u0259 inki\u015faf ed\u0259n t\u0259rkib hiss\u0259si kimi t\u0259qdim edilm\u0259si v\u0259 n\u00fcmun\u0259 olaraq g\u00f6st\u0259rilm\u0259si \u00f6lk\u0259mizin qlobal miqyasda ciddi bir d\u00f6vl\u0259tt\u0259k q\u0259bul edildiyini isbatlay\u0131r.<\/p>\n","protected":false},"excerpt":{"rendered":"<p>D\u00fcnya \u0130qtisadi Forumunun Qlobal R\u0259qab\u0259tlilik Hesabat\u0131 Az\u0259rbaycan d\u00f6vl\u0259tinin u\u011furlar\u0131n\u0131 v\u0259 nailiyy\u0259tl\u0259rini n\u00fcmayi\u015f etdirm\u0259kl\u0259 yana\u015f\u0131, d\u00fcnyan\u0131n siyasi v\u0259 iqtisadi elitas\u0131n\u0131n d\u00f6vl\u0259timiz\u0259 olan mara\u011f\u0131n\u0131 ortaya qoyur. Hesabat\u0131 t\u0259hlil etdikd\u0259 ayd\u0131n \u015f\u0259kild\u0259 g\u00f6r\u00fcr\u00fck ki, son d\u00f6vrl\u0259r \u0259rzind\u0259 s\u00fcr\u0259tl\u0259 inki\u015faf ed\u0259n Az\u0259rbaycan d\u00fcnya \u00f6lk\u0259l\u0259ri \u00fc\u00e7\u00fcn dinamizm v\u0259 dayan\u0131ql\u0131l\u0131q n\u00fcmun\u0259sin\u0259 \u00e7evrilib. ARANTV.AZ\u00a0 x\u0259b\u0259r verir ki, bunu trend-\u0259 Yeni Az\u0259rbaycan Partiyas\u0131 (YAP) Nizami rayon t\u0259\u015fkilat\u0131n\u0131n s\u0259dri, Milli M\u0259clisin deputat\u0131 S\u0259daq\u0259t V\u0259liyeva deyib. S.V\u0259liyeva bildirib ki, hesabatda diqq\u0259t \u00e7\u0259k\u0259n m\u0259qamlardan biri sosial infrastruktur m\u0259s\u0259l\u0259l\u0259ridir: &#8220;Hesabatda ayd\u0131n \u015f\u0259kild\u0259 qeyd edilib ki, Az\u0259rbaycan t\u0259hsil v\u0259 bacar\u0131qlar, biznesin dinamikliyi kimi&hellip;<\/p>\n","protected":false},"author":2,"featured_media":19565,"comment_status":"closed","ping_status":"closed","sticky":false,"template":"","format":"standard","meta":{"om_disable_all_campaigns":false,"_monsterinsights_skip_tracking":false,"_monsterinsights_sitenote_active":false,"_monsterinsights_sitenote_note":"","_monsterinsights_sitenote_category":0},"categories":[4],"tags":[],"aioseo_notices":[],"gutentor_comment":0,"rttpg_featured_image_url":{"full":["https:\/\/arantv.az\/wp-content\/uploads\/2018\/10\/695504.jpg",800,600,false],"landscape":["https:\/\/arantv.az\/wp-content\/uploads\/2018\/10\/695504.jpg",800,600,false],"portraits":["https:\/\/arantv.az\/wp-content\/uploads\/2018\/10\/695504.jpg",800,600,false],"thumbnail":["https:\/\/arantv.az\/wp-content\/uploads\/2018\/10\/695504-150x150.jpg",150,150,true],"medium":["https:\/\/arantv.az\/wp-content\/uploads\/2018\/10\/695504-300x225.jpg",300,225,true],"large":["https:\/\/arantv.az\/wp-content\/uploads\/2018\/10\/695504.jpg",640,480,false],"1536x1536":["https:\/\/arantv.az\/wp-content\/uploads\/2018\/10\/695504.jpg",800,600,false],"2048x2048":["https:\/\/arantv.az\/wp-content\/uploads\/2018\/10\/695504.jpg",800,600,false],"post-thumbnail":["https:\/\/arantv.az\/wp-content\/uploads\/2018\/10\/695504-240x172.jpg",240,172,true],"advps-thumb-one":["https:\/\/arantv.az\/wp-content\/uploads\/2018\/10\/695504.jpg",800,600,false]},"rttpg_author":{"display_name":"V\u00fcsal Rafiqo\u011flu","author_link":"https:\/\/arantv.az\/?author=2"},"rttpg_comment":0,"rttpg_category":"<a href=\"https:\/\/arantv.az\/?cat=4\" rel=\"category\">Siyas\u0259t<\/a>","rttpg_excerpt":"D\u00fcnya \u0130qtisadi Forumunun Qlobal R\u0259qab\u0259tlilik Hesabat\u0131 Az\u0259rbaycan d\u00f6vl\u0259tinin u\u011furlar\u0131n\u0131 v\u0259 nailiyy\u0259tl\u0259rini n\u00fcmayi\u015f etdirm\u0259kl\u0259 yana\u015f\u0131, d\u00fcnyan\u0131n siyasi v\u0259 iqtisadi elitas\u0131n\u0131n d\u00f6vl\u0259timiz\u0259 olan mara\u011f\u0131n\u0131 ortaya qoyur. Hesabat\u0131 t\u0259hlil etdikd\u0259 ayd\u0131n \u015f\u0259kild\u0259 g\u00f6r\u00fcr\u00fck ki, son d\u00f6vrl\u0259r \u0259rzind\u0259 s\u00fcr\u0259tl\u0259 inki\u015faf ed\u0259n Az\u0259rbaycan d\u00fcnya \u00f6lk\u0259l\u0259ri \u00fc\u00e7\u00fcn dinamizm v\u0259 dayan\u0131ql\u0131l\u0131q n\u00fcmun\u0259sin\u0259 \u00e7evrilib. ARANTV.AZ\u00a0 x\u0259b\u0259r verir ki, bunu trend-\u0259 Yeni Az\u0259rbaycan Partiyas\u0131&hellip;","_links":{"self":[{"href":"https:\/\/arantv.az\/index.php?rest_route=\/wp\/v2\/posts\/19564"}],"collection":[{"href":"https:\/\/arantv.az\/index.php?rest_route=\/wp\/v2\/posts"}],"about":[{"href":"https:\/\/arantv.az\/index.php?rest_route=\/wp\/v2\/types\/post"}],"author":[{"embeddable":true,"href":"https:\/\/arantv.az\/index.php?rest_route=\/wp\/v2\/users\/2"}],"replies":[{"embeddable":true,"href":"https:\/\/arantv.az\/index.php?rest_route=%2Fwp%2Fv2%2Fcomments&post=19564"}],"version-history":[{"count":0,"href":"https:\/\/arantv.az\/index.php?rest_route=\/wp\/v2\/posts\/19564\/revisions"}],"wp:featuredmedia":[{"embeddable":true,"href":"https:\/\/arantv.az\/index.php?rest_route=\/wp\/v2\/media\/19565"}],"wp:attachment":[{"href":"https:\/\/arantv.az\/index.php?rest_route=%2Fwp%2Fv2%2Fmedia&parent=19564"}],"wp:term":[{"taxonomy":"category","embeddable":true,"href":"https:\/\/arantv.az\/index.php?rest_route=%2Fwp%2Fv2%2Fcategories&post=19564"},{"taxonomy":"post_tag","embeddable":true,"href":"https:\/\/arantv.az\/index.php?rest_route=%2Fwp%2Fv2%2Ftags&post=19564"}],"curies":[{"name":"wp","href":"https:\/\/api.w.org\/{rel}","templated":true}]}}