{"id":19574,"date":"2018-10-17T16:07:45","date_gmt":"2018-10-17T13:07:45","guid":{"rendered":"http:\/\/arantv.az\/?p=19574"},"modified":"2018-10-17T16:07:45","modified_gmt":"2018-10-17T13:07:45","slug":"tbilisid%c9%99-18-oktyabr-az%c9%99rbaycanin-dovl%c9%99t-must%c9%99qilliyi-gunun%c9%99-h%c9%99sr-olunan-konfrans-kecirilib","status":"publish","type":"post","link":"https:\/\/arantv.az\/?p=19574","title":{"rendered":"Tbilisid\u0259 \u201c18 Oktyabr &#8211; Az\u0259rbaycan\u0131n D\u00f6vl\u0259t M\u00fcst\u0259qilliyi G\u00fcn\u00fc\u201dn\u0259 h\u0259sr olunan konfrans ke\u00e7irilib"},"content":{"rendered":"<p><strong>ARANTV.AZ<\/strong> x\u0259b\u0259r verir ki, Tbilisid\u0259 \u201c18 Oktyabr &#8211; Az\u0259rbaycan\u0131n D\u00f6vl\u0259t M\u00fcst\u0259qilliyi G\u00fcn\u00fc\u201dn\u0259 h\u0259sr olunan konfrans ke\u00e7irilib. T\u0259dbird\u0259 Az\u0259rbaycan\u0131n d\u00f6vl\u0259t\u00e7ilik tarixi v\u0259 m\u00fcst\u0259qillik u\u011frunda m\u00fcbariz\u0259sind\u0259n dan\u0131\u015f\u0131l\u0131b. Bildirilib ki, 1991-ci i il oktyabr\u0131n 18-d\u0259 Ali Sovetin sessiyas\u0131nda D\u00f6vl\u0259t m\u00fcst\u0259qilliyi haqq\u0131nda Konstitusiya Akt\u0131 q\u0259bul olunub. Vur\u011fulan\u0131b ki, m\u00fcst\u0259qilliyinin ilk ill\u0259rind\u0259 \u00f6lk\u0259miz xeyli \u00e7\u0259tinlikl\u0259rl\u0259, par\u00e7alanmaq t\u0259hl\u00fck\u0259si il\u0259 \u00fcz-\u00fcz\u0259 qal\u0131b. Lakin xalq\u0131n t\u0259kidli t\u0259l\u0259bi il\u0259 1993-c\u00fc ild\u0259 Az\u0259rbaycanda hakimiyy\u0259t\u0259 qay\u0131dan ulu \u00f6nd\u0259r Heyd\u0259r \u018fliyev \u00f6lk\u0259mizin m\u00fcst\u0259qilliyini \u0259b\u0259di v\u0259 d\u00f6nm\u0259z edib. Ulu \u00d6nd\u0259rin m\u00fcst\u0259qilliyimizin qorunub saxlanmas\u0131 v\u0259 m\u00f6hk\u0259ml\u0259ndirilm\u0259si istiqam\u0259tind\u0259 yorulmaz s\u0259yl\u0259ri bu g\u00fcn Prezident \u0130lham \u018fliyev t\u0259r\u0259find\u0259n u\u011furla davam etdirilir. G\u00fcrc\u00fc politoloqlar xalq\u0131m\u0131z\u0131 bayram m\u00fcnasib\u0259til\u0259 t\u0259brik edibl\u0259r. \u00c7\u0131x\u0131\u015f\u00e7\u0131lar m\u00fcst\u0259qillik ill\u0259rind\u0259 Az\u0259rbaycan il\u0259 G\u00fcrc\u00fcstan aras\u0131nda dostluq m\u00fcnasib\u0259tl\u0259rinin inki\u015faf\u0131ndan da s\u00f6z a\u00e7\u0131blar.<\/p>\n","protected":false},"excerpt":{"rendered":"<p>ARANTV.AZ x\u0259b\u0259r verir ki, Tbilisid\u0259 \u201c18 Oktyabr &#8211; Az\u0259rbaycan\u0131n D\u00f6vl\u0259t M\u00fcst\u0259qilliyi G\u00fcn\u00fc\u201dn\u0259 h\u0259sr olunan konfrans ke\u00e7irilib. T\u0259dbird\u0259 Az\u0259rbaycan\u0131n d\u00f6vl\u0259t\u00e7ilik tarixi v\u0259 m\u00fcst\u0259qillik u\u011frunda m\u00fcbariz\u0259sind\u0259n dan\u0131\u015f\u0131l\u0131b. Bildirilib ki, 1991-ci i il oktyabr\u0131n 18-d\u0259 Ali Sovetin sessiyas\u0131nda D\u00f6vl\u0259t m\u00fcst\u0259qilliyi haqq\u0131nda Konstitusiya Akt\u0131 q\u0259bul olunub. Vur\u011fulan\u0131b ki, m\u00fcst\u0259qilliyinin ilk ill\u0259rind\u0259 \u00f6lk\u0259miz xeyli \u00e7\u0259tinlikl\u0259rl\u0259, par\u00e7alanmaq t\u0259hl\u00fck\u0259si il\u0259 \u00fcz-\u00fcz\u0259 qal\u0131b. Lakin xalq\u0131n t\u0259kidli t\u0259l\u0259bi il\u0259 1993-c\u00fc ild\u0259 Az\u0259rbaycanda hakimiyy\u0259t\u0259 qay\u0131dan ulu \u00f6nd\u0259r Heyd\u0259r \u018fliyev \u00f6lk\u0259mizin m\u00fcst\u0259qilliyini \u0259b\u0259di v\u0259 d\u00f6nm\u0259z edib. Ulu \u00d6nd\u0259rin m\u00fcst\u0259qilliyimizin qorunub saxlanmas\u0131 v\u0259 m\u00f6hk\u0259ml\u0259ndirilm\u0259si istiqam\u0259tind\u0259 yorulmaz s\u0259yl\u0259ri bu g\u00fcn Prezident \u0130lham \u018fliyev&hellip;<\/p>\n","protected":false},"author":2,"featured_media":19575,"comment_status":"closed","ping_status":"closed","sticky":false,"template":"","format":"standard","meta":{"om_disable_all_campaigns":false,"_monsterinsights_skip_tracking":false,"_monsterinsights_sitenote_active":false,"_monsterinsights_sitenote_note":"","_monsterinsights_sitenote_category":0},"categories":[1],"tags":[],"aioseo_notices":[],"gutentor_comment":0,"rttpg_featured_image_url":{"full":["https:\/\/arantv.az\/wp-content\/uploads\/2018\/10\/pvs3b5l73k3fhkfdh17qis7lt2tbi.jpg",1000,666,false],"landscape":["https:\/\/arantv.az\/wp-content\/uploads\/2018\/10\/pvs3b5l73k3fhkfdh17qis7lt2tbi.jpg",1000,666,false],"portraits":["https:\/\/arantv.az\/wp-content\/uploads\/2018\/10\/pvs3b5l73k3fhkfdh17qis7lt2tbi.jpg",1000,666,false],"thumbnail":["https:\/\/arantv.az\/wp-content\/uploads\/2018\/10\/pvs3b5l73k3fhkfdh17qis7lt2tbi-150x150.jpg",150,150,true],"medium":["https:\/\/arantv.az\/wp-content\/uploads\/2018\/10\/pvs3b5l73k3fhkfdh17qis7lt2tbi-300x200.jpg",300,200,true],"large":["https:\/\/arantv.az\/wp-content\/uploads\/2018\/10\/pvs3b5l73k3fhkfdh17qis7lt2tbi.jpg",640,426,false],"1536x1536":["https:\/\/arantv.az\/wp-content\/uploads\/2018\/10\/pvs3b5l73k3fhkfdh17qis7lt2tbi.jpg",1000,666,false],"2048x2048":["https:\/\/arantv.az\/wp-content\/uploads\/2018\/10\/pvs3b5l73k3fhkfdh17qis7lt2tbi.jpg",1000,666,false],"post-thumbnail":["https:\/\/arantv.az\/wp-content\/uploads\/2018\/10\/pvs3b5l73k3fhkfdh17qis7lt2tbi-240x172.jpg",240,172,true],"advps-thumb-one":["https:\/\/arantv.az\/wp-content\/uploads\/2018\/10\/pvs3b5l73k3fhkfdh17qis7lt2tbi-1000x620.jpg",1000,620,true]},"rttpg_author":{"display_name":"V\u00fcsal Rafiqo\u011flu","author_link":"https:\/\/arantv.az\/?author=2"},"rttpg_comment":0,"rttpg_category":"<a href=\"https:\/\/arantv.az\/?cat=1\" rel=\"category\">C\u0259miyy\u0259t<\/a>","rttpg_excerpt":"ARANTV.AZ x\u0259b\u0259r verir ki, Tbilisid\u0259 \u201c18 Oktyabr &#8211; Az\u0259rbaycan\u0131n D\u00f6vl\u0259t M\u00fcst\u0259qilliyi G\u00fcn\u00fc\u201dn\u0259 h\u0259sr olunan konfrans ke\u00e7irilib. T\u0259dbird\u0259 Az\u0259rbaycan\u0131n d\u00f6vl\u0259t\u00e7ilik tarixi v\u0259 m\u00fcst\u0259qillik u\u011frunda m\u00fcbariz\u0259sind\u0259n dan\u0131\u015f\u0131l\u0131b. Bildirilib ki, 1991-ci i il oktyabr\u0131n 18-d\u0259 Ali Sovetin sessiyas\u0131nda D\u00f6vl\u0259t m\u00fcst\u0259qilliyi haqq\u0131nda Konstitusiya Akt\u0131 q\u0259bul olunub. Vur\u011fulan\u0131b ki, m\u00fcst\u0259qilliyinin ilk ill\u0259rind\u0259 \u00f6lk\u0259miz xeyli \u00e7\u0259tinlikl\u0259rl\u0259, par\u00e7alanmaq t\u0259hl\u00fck\u0259si il\u0259 \u00fcz-\u00fcz\u0259 qal\u0131b.&hellip;","_links":{"self":[{"href":"https:\/\/arantv.az\/index.php?rest_route=\/wp\/v2\/posts\/19574"}],"collection":[{"href":"https:\/\/arantv.az\/index.php?rest_route=\/wp\/v2\/posts"}],"about":[{"href":"https:\/\/arantv.az\/index.php?rest_route=\/wp\/v2\/types\/post"}],"author":[{"embeddable":true,"href":"https:\/\/arantv.az\/index.php?rest_route=\/wp\/v2\/users\/2"}],"replies":[{"embeddable":true,"href":"https:\/\/arantv.az\/index.php?rest_route=%2Fwp%2Fv2%2Fcomments&post=19574"}],"version-history":[{"count":0,"href":"https:\/\/arantv.az\/index.php?rest_route=\/wp\/v2\/posts\/19574\/revisions"}],"wp:featuredmedia":[{"embeddable":true,"href":"https:\/\/arantv.az\/index.php?rest_route=\/wp\/v2\/media\/19575"}],"wp:attachment":[{"href":"https:\/\/arantv.az\/index.php?rest_route=%2Fwp%2Fv2%2Fmedia&parent=19574"}],"wp:term":[{"taxonomy":"category","embeddable":true,"href":"https:\/\/arantv.az\/index.php?rest_route=%2Fwp%2Fv2%2Fcategories&post=19574"},{"taxonomy":"post_tag","embeddable":true,"href":"https:\/\/arantv.az\/index.php?rest_route=%2Fwp%2Fv2%2Ftags&post=19574"}],"curies":[{"name":"wp","href":"https:\/\/api.w.org\/{rel}","templated":true}]}}