{"id":19583,"date":"2018-10-17T16:12:25","date_gmt":"2018-10-17T13:12:25","guid":{"rendered":"http:\/\/arantv.az\/?p=19583"},"modified":"2018-10-17T16:12:25","modified_gmt":"2018-10-17T13:12:25","slug":"biskekd%c9%99-turkdilli-olk%c9%99l%c9%99rin-%c9%99m%c9%99kdasliq-surasina-uzv-olk%c9%99l%c9%99rin-iqtisadiyyat-nazirl%c9%99rinin-gorusu-kecirilib","status":"publish","type":"post","link":"https:\/\/arantv.az\/?p=19583","title":{"rendered":"Bi\u015fkekd\u0259 T\u00fcrkdilli \u00f6lk\u0259l\u0259rin \u018fm\u0259kda\u015fl\u0131q \u015euras\u0131na \u00fczv \u00f6lk\u0259l\u0259rin iqtisadiyyat nazirl\u0259rinin g\u00f6r\u00fc\u015f\u00fc ke\u00e7irilib"},"content":{"rendered":"<p><strong>ARANTV.AZ<\/strong> x\u0259b\u0259r verir ki, Bi\u015fkekd\u0259 T\u00fcrkdilli \u00f6lk\u0259l\u0259rin \u018fm\u0259kda\u015fl\u0131q \u015euras\u0131na \u00fczv \u00f6lk\u0259l\u0259rin iqtisadiyyat nazirl\u0259rinin g\u00f6r\u00fc\u015f\u00fc ke\u00e7irilib. Konfransda iqtisadi m\u00fcnasib\u0259tl\u0259rin geni\u015fl\u0259ndirilm\u0259si m\u0259qs\u0259dil\u0259 qar\u015f\u0131l\u0131ql\u0131 investisiya imkanlar\u0131ndan istifad\u0259 edilm\u0259sinin vacibliyi vur\u011fulan\u0131b.<\/p>\n<p>T\u00fcrkdilli \u00f6lk\u0259l\u0259rin \u0259m\u0259kda\u015fl\u0131q \u015furas\u0131na \u00fczv \u00f6lk\u0259l\u0259r aras\u0131nda iqtisadi sah\u0259d\u0259 \u0259m\u0259kda\u015fl\u0131\u011f\u0131n geni\u015fl\u0259ndirilm\u0259si t\u0259\u015fkilat\u0131n prioritet istiqam\u0259tl\u0259rind\u0259n biridir. Q\u0131r\u011f\u0131z\u0131stan\u0131n iqtisadiyyat naziri Oleq Pankratov bildirdi ki, buna g\u00f6r\u0259 d\u0259 qurum t\u00fcrkdilli \u00f6lk\u0259l\u0259r aras\u0131nda \u0259laq\u0259l\u0259rin m\u00f6hk\u0259ml\u0259ndirilm\u0259si v\u0259 inki\u015faf\u0131 \u00fc\u00e7\u00fcn n\u0259z\u0259rd\u0259 tutulan layih\u0259l\u0259ri u\u011furla icra ed\u0259c\u0259k. Az\u0259rbaycan\u0131n iqtisadiyyat nazirinin m\u00fcavini Sahib M\u0259mm\u0259dov is\u0259 vur\u011fulad\u0131 ki, \u00f6lk\u0259miz d\u0259 t\u00fcrkdilli d\u00f6vl\u0259tl\u0259rin \u0259m\u0259kda\u015fl\u0131\u011f\u0131n\u0131n geni\u015fl\u0259ndirilm\u0259sin\u0259 \u00f6z t\u00f6hf\u0259sini verir. Nazir m\u00fcavini investisiya qoyulu\u015fu \u00fczr\u0259 g\u00f6st\u0259ricil\u0259ri d\u0259 qeyd etdi.<\/p>\n<p>Real imkanlar\u0131m\u0131z, m\u00f6vcud potensial is\u0259 bu g\u00f6st\u0259ricil\u0259rin daha da art\u0131r\u0131lmas\u0131 \u00fc\u00e7\u00fcn geni\u015f \u015f\u0259rait yarad\u0131r.<strong>\u00a0<\/strong>Dig\u0259r \u00e7\u0131x\u0131\u015f ed\u0259nl\u0259r d\u0259 qeyd etdil\u0259r ki, t\u00fcrkdilli \u00f6lk\u0259l\u0259r aras\u0131nda ticar\u0259t g\u00f6st\u0259ricil\u0259ri \u00fczr\u0259 \u00fcmumi d\u00f6vriyy\u0259d\u0259 \u0259h\u0259miyy\u0259tli d\u0259r\u0259c\u0259d\u0259 art\u0131m n\u0259z\u0259r\u0259 \u00e7arp\u0131r. Konfransda iqtisadi m\u00fcnasib\u0259tl\u0259rin geni\u015fl\u0259ndirilm\u0259si m\u0259qs\u0259dil\u0259 qar\u015f\u0131l\u0131ql\u0131 investisiya imkanlar\u0131ndan istifad\u0259 edilm\u0259sinin vacibliyi vur\u011fuland\u0131, C\u0259nub Qaz D\u0259hlizinin \u0259h\u0259miyy\u0259tin\u0259 toxunuldu. Konfrans\u0131n yekununda \u00fczv d\u00f6vl\u0259tl\u0259rini t\u0259msil ed\u0259n \u015firk\u0259tl\u0259r\u0259 \u201cBiznes M\u00fckafat\u0131\u201d t\u0259qdim olundu.<\/p>\n","protected":false},"excerpt":{"rendered":"<p>ARANTV.AZ x\u0259b\u0259r verir ki, Bi\u015fkekd\u0259 T\u00fcrkdilli \u00f6lk\u0259l\u0259rin \u018fm\u0259kda\u015fl\u0131q \u015euras\u0131na \u00fczv \u00f6lk\u0259l\u0259rin iqtisadiyyat nazirl\u0259rinin g\u00f6r\u00fc\u015f\u00fc ke\u00e7irilib. Konfransda iqtisadi m\u00fcnasib\u0259tl\u0259rin geni\u015fl\u0259ndirilm\u0259si m\u0259qs\u0259dil\u0259 qar\u015f\u0131l\u0131ql\u0131 investisiya imkanlar\u0131ndan istifad\u0259 edilm\u0259sinin vacibliyi vur\u011fulan\u0131b. T\u00fcrkdilli \u00f6lk\u0259l\u0259rin \u0259m\u0259kda\u015fl\u0131q \u015furas\u0131na \u00fczv \u00f6lk\u0259l\u0259r aras\u0131nda iqtisadi sah\u0259d\u0259 \u0259m\u0259kda\u015fl\u0131\u011f\u0131n geni\u015fl\u0259ndirilm\u0259si t\u0259\u015fkilat\u0131n prioritet istiqam\u0259tl\u0259rind\u0259n biridir. Q\u0131r\u011f\u0131z\u0131stan\u0131n iqtisadiyyat naziri Oleq Pankratov bildirdi ki, buna g\u00f6r\u0259 d\u0259 qurum t\u00fcrkdilli \u00f6lk\u0259l\u0259r aras\u0131nda \u0259laq\u0259l\u0259rin m\u00f6hk\u0259ml\u0259ndirilm\u0259si v\u0259 inki\u015faf\u0131 \u00fc\u00e7\u00fcn n\u0259z\u0259rd\u0259 tutulan layih\u0259l\u0259ri u\u011furla icra ed\u0259c\u0259k. Az\u0259rbaycan\u0131n iqtisadiyyat nazirinin m\u00fcavini Sahib M\u0259mm\u0259dov is\u0259 vur\u011fulad\u0131 ki, \u00f6lk\u0259miz d\u0259 t\u00fcrkdilli d\u00f6vl\u0259tl\u0259rin \u0259m\u0259kda\u015fl\u0131\u011f\u0131n\u0131n geni\u015fl\u0259ndirilm\u0259sin\u0259 \u00f6z t\u00f6hf\u0259sini verir. Nazir m\u00fcavini investisiya qoyulu\u015fu \u00fczr\u0259&hellip;<\/p>\n","protected":false},"author":2,"featured_media":19584,"comment_status":"closed","ping_status":"closed","sticky":false,"template":"","format":"standard","meta":{"om_disable_all_campaigns":false,"_monsterinsights_skip_tracking":false,"_monsterinsights_sitenote_active":false,"_monsterinsights_sitenote_note":"","_monsterinsights_sitenote_category":0},"categories":[19],"tags":[],"aioseo_notices":[],"gutentor_comment":0,"rttpg_featured_image_url":{"full":["https:\/\/arantv.az\/wp-content\/uploads\/2018\/10\/pvs3b5l73k3fhkfdh17qis7lt2bis.jpg",770,578,false],"landscape":["https:\/\/arantv.az\/wp-content\/uploads\/2018\/10\/pvs3b5l73k3fhkfdh17qis7lt2bis.jpg",770,578,false],"portraits":["https:\/\/arantv.az\/wp-content\/uploads\/2018\/10\/pvs3b5l73k3fhkfdh17qis7lt2bis.jpg",770,578,false],"thumbnail":["https:\/\/arantv.az\/wp-content\/uploads\/2018\/10\/pvs3b5l73k3fhkfdh17qis7lt2bis-150x150.jpg",150,150,true],"medium":["https:\/\/arantv.az\/wp-content\/uploads\/2018\/10\/pvs3b5l73k3fhkfdh17qis7lt2bis-300x225.jpg",300,225,true],"large":["https:\/\/arantv.az\/wp-content\/uploads\/2018\/10\/pvs3b5l73k3fhkfdh17qis7lt2bis.jpg",640,480,false],"1536x1536":["https:\/\/arantv.az\/wp-content\/uploads\/2018\/10\/pvs3b5l73k3fhkfdh17qis7lt2bis.jpg",770,578,false],"2048x2048":["https:\/\/arantv.az\/wp-content\/uploads\/2018\/10\/pvs3b5l73k3fhkfdh17qis7lt2bis.jpg",770,578,false],"post-thumbnail":["https:\/\/arantv.az\/wp-content\/uploads\/2018\/10\/pvs3b5l73k3fhkfdh17qis7lt2bis-240x172.jpg",240,172,true],"advps-thumb-one":["https:\/\/arantv.az\/wp-content\/uploads\/2018\/10\/pvs3b5l73k3fhkfdh17qis7lt2bis.jpg",770,578,false]},"rttpg_author":{"display_name":"V\u00fcsal Rafiqo\u011flu","author_link":"https:\/\/arantv.az\/?author=2"},"rttpg_comment":0,"rttpg_category":"<a href=\"https:\/\/arantv.az\/?cat=19\" rel=\"category\">G\u00fcnd\u0259m<\/a>","rttpg_excerpt":"ARANTV.AZ x\u0259b\u0259r verir ki, Bi\u015fkekd\u0259 T\u00fcrkdilli \u00f6lk\u0259l\u0259rin \u018fm\u0259kda\u015fl\u0131q \u015euras\u0131na \u00fczv \u00f6lk\u0259l\u0259rin iqtisadiyyat nazirl\u0259rinin g\u00f6r\u00fc\u015f\u00fc ke\u00e7irilib. Konfransda iqtisadi m\u00fcnasib\u0259tl\u0259rin geni\u015fl\u0259ndirilm\u0259si m\u0259qs\u0259dil\u0259 qar\u015f\u0131l\u0131ql\u0131 investisiya imkanlar\u0131ndan istifad\u0259 edilm\u0259sinin vacibliyi vur\u011fulan\u0131b. T\u00fcrkdilli \u00f6lk\u0259l\u0259rin \u0259m\u0259kda\u015fl\u0131q \u015furas\u0131na \u00fczv \u00f6lk\u0259l\u0259r aras\u0131nda iqtisadi sah\u0259d\u0259 \u0259m\u0259kda\u015fl\u0131\u011f\u0131n geni\u015fl\u0259ndirilm\u0259si t\u0259\u015fkilat\u0131n prioritet istiqam\u0259tl\u0259rind\u0259n biridir. Q\u0131r\u011f\u0131z\u0131stan\u0131n iqtisadiyyat naziri Oleq Pankratov bildirdi ki, buna g\u00f6r\u0259 d\u0259 qurum t\u00fcrkdilli \u00f6lk\u0259l\u0259r&hellip;","_links":{"self":[{"href":"https:\/\/arantv.az\/index.php?rest_route=\/wp\/v2\/posts\/19583"}],"collection":[{"href":"https:\/\/arantv.az\/index.php?rest_route=\/wp\/v2\/posts"}],"about":[{"href":"https:\/\/arantv.az\/index.php?rest_route=\/wp\/v2\/types\/post"}],"author":[{"embeddable":true,"href":"https:\/\/arantv.az\/index.php?rest_route=\/wp\/v2\/users\/2"}],"replies":[{"embeddable":true,"href":"https:\/\/arantv.az\/index.php?rest_route=%2Fwp%2Fv2%2Fcomments&post=19583"}],"version-history":[{"count":0,"href":"https:\/\/arantv.az\/index.php?rest_route=\/wp\/v2\/posts\/19583\/revisions"}],"wp:featuredmedia":[{"embeddable":true,"href":"https:\/\/arantv.az\/index.php?rest_route=\/wp\/v2\/media\/19584"}],"wp:attachment":[{"href":"https:\/\/arantv.az\/index.php?rest_route=%2Fwp%2Fv2%2Fmedia&parent=19583"}],"wp:term":[{"taxonomy":"category","embeddable":true,"href":"https:\/\/arantv.az\/index.php?rest_route=%2Fwp%2Fv2%2Fcategories&post=19583"},{"taxonomy":"post_tag","embeddable":true,"href":"https:\/\/arantv.az\/index.php?rest_route=%2Fwp%2Fv2%2Ftags&post=19583"}],"curies":[{"name":"wp","href":"https:\/\/api.w.org\/{rel}","templated":true}]}}