{"id":19586,"date":"2018-10-17T16:21:28","date_gmt":"2018-10-17T13:21:28","guid":{"rendered":"http:\/\/arantv.az\/?p=19586"},"modified":"2018-10-17T16:21:28","modified_gmt":"2018-10-17T13:21:28","slug":"vahid-budc%c9%99-t%c9%99snifati-nec%c9%99-d%c9%99yisib-r%c9%99smi","status":"publish","type":"post","link":"https:\/\/arantv.az\/?p=19586","title":{"rendered":"Vahid b\u00fcdc\u0259 t\u0259snifat\u0131 nec\u0259 d\u0259yi\u015fib? &#8211; R\u018fSM\u0130"},"content":{"rendered":"<p>Maliyy\u0259 Nazirliyi vahid b\u00fcdc\u0259 t\u0259snifat\u0131nda edil\u0259n d\u0259yi\u015fiklikl\u0259rl\u0259 ba\u011fl\u0131 a\u00e7\u0131qlama yay\u0131b.<\/p>\n<p><b>ARANTV.AZ<\/b> x\u0259b\u0259r verir ki, Maliyy\u0259 Nazirliyinin m\u0259tbuat xidm\u0259tinin m\u0259lumat\u0131na g\u00f6r\u0259, Nazirl\u0259r Kabinetinin 2018-ci il 11 oktyabr tarixli, 440 n\u00f6mr\u0259li q\u0259rar\u0131na m\u00fcvafiq olaraq vahid b\u00fcdc\u0259 t\u0259snifatda d\u0259yi\u015fiklik edilm\u0259si z\u0259rur\u0259ti son ill\u0259rd\u0259 \u00f6lk\u0259d\u0259 h\u0259yata ke\u00e7iril\u0259n iqtisadi islahatlar, d\u00f6vl\u0259t v\u0259 icmal b\u00fcdc\u0259l\u0259rin idar\u0259 olunmas\u0131nda t\u0259tbiq olunan qanunvericilik aktlar\u0131nda apar\u0131lm\u0131\u015f d\u0259yi\u015fiklikl\u0259rd\u0259n ir\u0259li g\u0259l\u0259n m\u0259s\u0259l\u0259l\u0259rin t\u0259snifatda n\u0259z\u0259r\u0259 al\u0131nmas\u0131 il\u0259 ba\u011fl\u0131 olub.<\/p>\n<p>Vahid b\u00fcdc\u0259 t\u0259snifat\u0131 \u00f6lk\u0259d\u0259 h\u0259yata ke\u00e7iril\u0259n d\u00f6vl\u0259t maliyy\u0259 inzibat\u00e7\u0131l\u0131\u011f\u0131n\u0131n v\u0259 hesabatl\u0131l\u0131\u011f\u0131n g\u00fccl\u0259ndirilm\u0259si, \u015f\u0259ffafl\u0131\u011f\u0131n art\u0131r\u0131lmas\u0131, h\u0259m\u00e7inin b\u00fcdc\u0259 v\u0259saitl\u0259rind\u0259n t\u0259yinat\u0131 \u00fczr\u0259 istifad\u0259nin tam t\u0259min edilm\u0259sin\u0259 y\u00f6n\u0259l\u0259n islahatlar\u0131n vacib elementl\u0259rind\u0259n biridir.<\/p>\n<p>Vahid b\u00fcdc\u0259 t\u0259snifat\u0131nda edil\u0259n d\u0259yi\u015fikliy\u0259 m\u00fcvafiq olaraq b\u00fcdc\u0259 g\u0259lirl\u0259rinin t\u0259snifat\u0131nda b\u00fcdc\u0259 t\u0259\u015fkilatlar\u0131n\u0131n \u00f6d\u0259ni\u015fli xidm\u0259tl\u0259rd\u0259n daxilolmalar\u0131 daha geni\u015f v\u0259 \u0259hat\u0259li t\u0259snifl\u0259\u015fdirilib, t\u0259snifat kodlar\u0131na m\u00fcvafiq \u0259lav\u0259l\u0259r edilib.<\/p>\n<p>T\u0259snifatda d\u0259yi\u015fiklikl\u0259r edil\u0259rk\u0259n beyn\u0259lxalq t\u0259\u015fkilatlar\u0131n t\u0259klifl\u0259ri d\u0259 n\u0259z\u0259r\u0259 al\u0131n\u0131b.<\/p>\n<p>D\u00f6vl\u0259t v\u0259 icmal b\u00fcdc\u0259l\u0259rinin strukturunda edil\u0259n \u0259lav\u0259 v\u0259 yenilikl\u0259r\u0259 (b\u00fcdc\u0259 qaydas\u0131n\u0131n t\u0259tbiqi, \u201cSosial s\u0131\u011forta haqq\u0131nda\u201d Az\u0259rbaycan Respublikas\u0131 Qanunundan ir\u0259li g\u0259l\u0259n m\u0259s\u0259l\u0259l\u0259r v\u0259 s.) m\u00fcvafiq olaraq b\u00fcdc\u0259 x\u0259rcl\u0259rinin funksional t\u0259snifat\u0131nda b\u00f6lm\u0259l\u0259rin say\u0131 14-d\u0259n 12-y\u0259 azald\u0131l\u0131b, t\u0259snifat\u0131n b\u0259zi x\u0259rc b\u00f6lm\u0259l\u0259ri geni\u015fl\u0259ndirilib, bir s\u0131ra k\u00f6m\u0259k\u00e7i b\u00f6lm\u0259l\u0259rin strukturu d\u0259yi\u015fdirilib.<\/p>\n<p>B\u00fcdc\u0259 x\u0259rcl\u0259rinin iqtisadi t\u0259snifat\u0131 yenid\u0259n i\u015fl\u0259nil\u0259r\u0259k b\u00f6lm\u0259l\u0259rin say\u0131 11-d\u0259n 10-a azald\u0131l\u0131b.<\/p>\n<p>\u201cB\u00fcdc\u0259 sistemi haqq\u0131nda\u201d Az\u0259rbaycan Respublikas\u0131n\u0131n Qanununun t\u0259l\u0259bl\u0259rin\u0259 m\u00fcvafiq olaraq 2020-ci il \u00fc\u00e7\u00fcn d\u00f6vl\u0259t v\u0259 icmal b\u00fcdc\u0259l\u0259rinin layih\u0259l\u0259rinin bu t\u0259snifata uy\u011fun t\u0259rtib edilm\u0259si m\u0259qs\u0259dil\u0259 onun t\u0259tbiqin\u0259 2019-cu ild\u0259n ba\u015flan\u0131lacaq.oxu.az<\/p>\n","protected":false},"excerpt":{"rendered":"<p>Maliyy\u0259 Nazirliyi vahid b\u00fcdc\u0259 t\u0259snifat\u0131nda edil\u0259n d\u0259yi\u015fiklikl\u0259rl\u0259 ba\u011fl\u0131 a\u00e7\u0131qlama yay\u0131b. ARANTV.AZ x\u0259b\u0259r verir ki, Maliyy\u0259 Nazirliyinin m\u0259tbuat xidm\u0259tinin m\u0259lumat\u0131na g\u00f6r\u0259, Nazirl\u0259r Kabinetinin 2018-ci il 11 oktyabr tarixli, 440 n\u00f6mr\u0259li q\u0259rar\u0131na m\u00fcvafiq olaraq vahid b\u00fcdc\u0259 t\u0259snifatda d\u0259yi\u015fiklik edilm\u0259si z\u0259rur\u0259ti son ill\u0259rd\u0259 \u00f6lk\u0259d\u0259 h\u0259yata ke\u00e7iril\u0259n iqtisadi islahatlar, d\u00f6vl\u0259t v\u0259 icmal b\u00fcdc\u0259l\u0259rin idar\u0259 olunmas\u0131nda t\u0259tbiq olunan qanunvericilik aktlar\u0131nda apar\u0131lm\u0131\u015f d\u0259yi\u015fiklikl\u0259rd\u0259n ir\u0259li g\u0259l\u0259n m\u0259s\u0259l\u0259l\u0259rin t\u0259snifatda n\u0259z\u0259r\u0259 al\u0131nmas\u0131 il\u0259 ba\u011fl\u0131 olub. Vahid b\u00fcdc\u0259 t\u0259snifat\u0131 \u00f6lk\u0259d\u0259 h\u0259yata ke\u00e7iril\u0259n d\u00f6vl\u0259t maliyy\u0259 inzibat\u00e7\u0131l\u0131\u011f\u0131n\u0131n v\u0259 hesabatl\u0131l\u0131\u011f\u0131n g\u00fccl\u0259ndirilm\u0259si, \u015f\u0259ffafl\u0131\u011f\u0131n art\u0131r\u0131lmas\u0131, h\u0259m\u00e7inin b\u00fcdc\u0259 v\u0259saitl\u0259rind\u0259n t\u0259yinat\u0131 \u00fczr\u0259 istifad\u0259nin tam t\u0259min edilm\u0259sin\u0259 y\u00f6n\u0259l\u0259n&hellip;<\/p>\n","protected":false},"author":2,"featured_media":19587,"comment_status":"closed","ping_status":"closed","sticky":false,"template":"","format":"standard","meta":{"om_disable_all_campaigns":false,"_monsterinsights_skip_tracking":false,"_monsterinsights_sitenote_active":false,"_monsterinsights_sitenote_note":"","_monsterinsights_sitenote_category":0},"categories":[19],"tags":[],"aioseo_notices":[],"gutentor_comment":0,"rttpg_featured_image_url":{"full":["https:\/\/arantv.az\/wp-content\/uploads\/2018\/10\/5G8X2p0gyrJuUgbnnPnKsvP516LhpglSlcdDppoM-13579.jpg",620,414,false],"landscape":["https:\/\/arantv.az\/wp-content\/uploads\/2018\/10\/5G8X2p0gyrJuUgbnnPnKsvP516LhpglSlcdDppoM-13579.jpg",620,414,false],"portraits":["https:\/\/arantv.az\/wp-content\/uploads\/2018\/10\/5G8X2p0gyrJuUgbnnPnKsvP516LhpglSlcdDppoM-13579.jpg",620,414,false],"thumbnail":["https:\/\/arantv.az\/wp-content\/uploads\/2018\/10\/5G8X2p0gyrJuUgbnnPnKsvP516LhpglSlcdDppoM-13579-150x150.jpg",150,150,true],"medium":["https:\/\/arantv.az\/wp-content\/uploads\/2018\/10\/5G8X2p0gyrJuUgbnnPnKsvP516LhpglSlcdDppoM-13579-300x200.jpg",300,200,true],"large":["https:\/\/arantv.az\/wp-content\/uploads\/2018\/10\/5G8X2p0gyrJuUgbnnPnKsvP516LhpglSlcdDppoM-13579.jpg",620,414,false],"1536x1536":["https:\/\/arantv.az\/wp-content\/uploads\/2018\/10\/5G8X2p0gyrJuUgbnnPnKsvP516LhpglSlcdDppoM-13579.jpg",620,414,false],"2048x2048":["https:\/\/arantv.az\/wp-content\/uploads\/2018\/10\/5G8X2p0gyrJuUgbnnPnKsvP516LhpglSlcdDppoM-13579.jpg",620,414,false],"post-thumbnail":["https:\/\/arantv.az\/wp-content\/uploads\/2018\/10\/5G8X2p0gyrJuUgbnnPnKsvP516LhpglSlcdDppoM-13579-240x172.jpg",240,172,true],"advps-thumb-one":["https:\/\/arantv.az\/wp-content\/uploads\/2018\/10\/5G8X2p0gyrJuUgbnnPnKsvP516LhpglSlcdDppoM-13579.jpg",620,414,false]},"rttpg_author":{"display_name":"V\u00fcsal Rafiqo\u011flu","author_link":"https:\/\/arantv.az\/?author=2"},"rttpg_comment":0,"rttpg_category":"<a href=\"https:\/\/arantv.az\/?cat=19\" rel=\"category\">G\u00fcnd\u0259m<\/a>","rttpg_excerpt":"Maliyy\u0259 Nazirliyi vahid b\u00fcdc\u0259 t\u0259snifat\u0131nda edil\u0259n d\u0259yi\u015fiklikl\u0259rl\u0259 ba\u011fl\u0131 a\u00e7\u0131qlama yay\u0131b. ARANTV.AZ x\u0259b\u0259r verir ki, Maliyy\u0259 Nazirliyinin m\u0259tbuat xidm\u0259tinin m\u0259lumat\u0131na g\u00f6r\u0259, Nazirl\u0259r Kabinetinin 2018-ci il 11 oktyabr tarixli, 440 n\u00f6mr\u0259li q\u0259rar\u0131na m\u00fcvafiq olaraq vahid b\u00fcdc\u0259 t\u0259snifatda d\u0259yi\u015fiklik edilm\u0259si z\u0259rur\u0259ti son ill\u0259rd\u0259 \u00f6lk\u0259d\u0259 h\u0259yata ke\u00e7iril\u0259n iqtisadi islahatlar, d\u00f6vl\u0259t v\u0259 icmal b\u00fcdc\u0259l\u0259rin idar\u0259 olunmas\u0131nda t\u0259tbiq olunan qanunvericilik aktlar\u0131nda&hellip;","_links":{"self":[{"href":"https:\/\/arantv.az\/index.php?rest_route=\/wp\/v2\/posts\/19586"}],"collection":[{"href":"https:\/\/arantv.az\/index.php?rest_route=\/wp\/v2\/posts"}],"about":[{"href":"https:\/\/arantv.az\/index.php?rest_route=\/wp\/v2\/types\/post"}],"author":[{"embeddable":true,"href":"https:\/\/arantv.az\/index.php?rest_route=\/wp\/v2\/users\/2"}],"replies":[{"embeddable":true,"href":"https:\/\/arantv.az\/index.php?rest_route=%2Fwp%2Fv2%2Fcomments&post=19586"}],"version-history":[{"count":0,"href":"https:\/\/arantv.az\/index.php?rest_route=\/wp\/v2\/posts\/19586\/revisions"}],"wp:featuredmedia":[{"embeddable":true,"href":"https:\/\/arantv.az\/index.php?rest_route=\/wp\/v2\/media\/19587"}],"wp:attachment":[{"href":"https:\/\/arantv.az\/index.php?rest_route=%2Fwp%2Fv2%2Fmedia&parent=19586"}],"wp:term":[{"taxonomy":"category","embeddable":true,"href":"https:\/\/arantv.az\/index.php?rest_route=%2Fwp%2Fv2%2Fcategories&post=19586"},{"taxonomy":"post_tag","embeddable":true,"href":"https:\/\/arantv.az\/index.php?rest_route=%2Fwp%2Fv2%2Ftags&post=19586"}],"curies":[{"name":"wp","href":"https:\/\/api.w.org\/{rel}","templated":true}]}}