{"id":19589,"date":"2018-10-17T16:23:00","date_gmt":"2018-10-17T13:23:00","guid":{"rendered":"http:\/\/arantv.az\/?p=19589"},"modified":"2018-10-17T16:23:00","modified_gmt":"2018-10-17T13:23:00","slug":"boltonun-az%c9%99rbaycana-s%c9%99f%c9%99rinin-tarixi-aciqlandi","status":"publish","type":"post","link":"https:\/\/arantv.az\/?p=19589","title":{"rendered":"Boltonun Az\u0259rbaycana s\u0259f\u0259rinin tarixi a\u00e7\u0131qland\u0131"},"content":{"rendered":"<p>AB\u015e-\u0131n milli t\u0259hl\u00fck\u0259sizlik \u00fczr\u0259 m\u00fc\u015faviri<strong>\u00a0Con Bolton<\/strong>un Az\u0259rbaycana s\u0259f\u0259ri oktyabr\u0131n 24-d\u0259 ba\u015f tutacaq. O, \u00f6lk\u0259nin r\u0259smi \u015f\u0259xsl\u0259ri il\u0259 g\u00f6r\u00fc\u015f ke\u00e7ir\u0259c\u0259k.<\/p>\n<p><b>ARANTV.AZ\u00a0<\/b>x\u0259b\u0259r verir ki, bununla ba\u011fl\u0131 \u201cR\u0130A Novosti\u201d diplomatik m\u0259nb\u0259y\u0259 istinadla m\u0259lumat yay\u0131b.<\/p>\n<p>Bundan \u00f6nc\u0259, Bolton \u201cTwitter\u201d hesab\u0131nda oktyabr\u0131n 20-d\u0259 Rusiya, Az\u0259rbaycan, Erm\u0259nistan, G\u00fcrc\u00fcstana s\u0259f\u0259r ed\u0259c\u0259yini bildirmi\u015fdi.<\/p>\n<p>\u201cBir ne\u00e7\u0259 g\u00f6r\u00fc\u015f ke\u00e7iril\u0259c\u0259k v\u0259 regional m\u0259s\u0259l\u0259l\u0259r m\u00fczakir\u0259 edil\u0259c\u0259k\u201d, &#8211; m\u0259nb\u0259 qeyd edib.<\/p>\n<p>oxu.az<\/p>\n","protected":false},"excerpt":{"rendered":"<p>AB\u015e-\u0131n milli t\u0259hl\u00fck\u0259sizlik \u00fczr\u0259 m\u00fc\u015faviri\u00a0Con Boltonun Az\u0259rbaycana s\u0259f\u0259ri oktyabr\u0131n 24-d\u0259 ba\u015f tutacaq. O, \u00f6lk\u0259nin r\u0259smi \u015f\u0259xsl\u0259ri il\u0259 g\u00f6r\u00fc\u015f ke\u00e7ir\u0259c\u0259k. ARANTV.AZ\u00a0x\u0259b\u0259r verir ki, bununla ba\u011fl\u0131 \u201cR\u0130A Novosti\u201d diplomatik m\u0259nb\u0259y\u0259 istinadla m\u0259lumat yay\u0131b. Bundan \u00f6nc\u0259, Bolton \u201cTwitter\u201d hesab\u0131nda oktyabr\u0131n 20-d\u0259 Rusiya, Az\u0259rbaycan, Erm\u0259nistan, G\u00fcrc\u00fcstana s\u0259f\u0259r ed\u0259c\u0259yini bildirmi\u015fdi. \u201cBir ne\u00e7\u0259 g\u00f6r\u00fc\u015f ke\u00e7iril\u0259c\u0259k v\u0259 regional m\u0259s\u0259l\u0259l\u0259r m\u00fczakir\u0259 edil\u0259c\u0259k\u201d, &#8211; m\u0259nb\u0259 qeyd edib. oxu.az<\/p>\n","protected":false},"author":2,"featured_media":19590,"comment_status":"closed","ping_status":"closed","sticky":false,"template":"","format":"standard","meta":{"om_disable_all_campaigns":false,"_monsterinsights_skip_tracking":false,"_monsterinsights_sitenote_active":false,"_monsterinsights_sitenote_note":"","_monsterinsights_sitenote_category":0},"categories":[4],"tags":[],"aioseo_notices":[],"gutentor_comment":0,"rttpg_featured_image_url":{"full":["https:\/\/arantv.az\/wp-content\/uploads\/2018\/10\/bolton.jpg",620,349,false],"landscape":["https:\/\/arantv.az\/wp-content\/uploads\/2018\/10\/bolton.jpg",620,349,false],"portraits":["https:\/\/arantv.az\/wp-content\/uploads\/2018\/10\/bolton.jpg",620,349,false],"thumbnail":["https:\/\/arantv.az\/wp-content\/uploads\/2018\/10\/bolton-150x150.jpg",150,150,true],"medium":["https:\/\/arantv.az\/wp-content\/uploads\/2018\/10\/bolton-300x169.jpg",300,169,true],"large":["https:\/\/arantv.az\/wp-content\/uploads\/2018\/10\/bolton.jpg",620,349,false],"1536x1536":["https:\/\/arantv.az\/wp-content\/uploads\/2018\/10\/bolton.jpg",620,349,false],"2048x2048":["https:\/\/arantv.az\/wp-content\/uploads\/2018\/10\/bolton.jpg",620,349,false],"post-thumbnail":["https:\/\/arantv.az\/wp-content\/uploads\/2018\/10\/bolton-240x172.jpg",240,172,true],"advps-thumb-one":["https:\/\/arantv.az\/wp-content\/uploads\/2018\/10\/bolton.jpg",620,349,false]},"rttpg_author":{"display_name":"V\u00fcsal Rafiqo\u011flu","author_link":"https:\/\/arantv.az\/?author=2"},"rttpg_comment":0,"rttpg_category":"<a href=\"https:\/\/arantv.az\/?cat=4\" rel=\"category\">Siyas\u0259t<\/a>","rttpg_excerpt":"AB\u015e-\u0131n milli t\u0259hl\u00fck\u0259sizlik \u00fczr\u0259 m\u00fc\u015faviri\u00a0Con Boltonun Az\u0259rbaycana s\u0259f\u0259ri oktyabr\u0131n 24-d\u0259 ba\u015f tutacaq. O, \u00f6lk\u0259nin r\u0259smi \u015f\u0259xsl\u0259ri il\u0259 g\u00f6r\u00fc\u015f ke\u00e7ir\u0259c\u0259k. ARANTV.AZ\u00a0x\u0259b\u0259r verir ki, bununla ba\u011fl\u0131 \u201cR\u0130A Novosti\u201d diplomatik m\u0259nb\u0259y\u0259 istinadla m\u0259lumat yay\u0131b. Bundan \u00f6nc\u0259, Bolton \u201cTwitter\u201d hesab\u0131nda oktyabr\u0131n 20-d\u0259 Rusiya, Az\u0259rbaycan, Erm\u0259nistan, G\u00fcrc\u00fcstana s\u0259f\u0259r ed\u0259c\u0259yini bildirmi\u015fdi. \u201cBir ne\u00e7\u0259 g\u00f6r\u00fc\u015f ke\u00e7iril\u0259c\u0259k v\u0259 regional m\u0259s\u0259l\u0259l\u0259r m\u00fczakir\u0259 edil\u0259c\u0259k\u201d, &#8211;&hellip;","_links":{"self":[{"href":"https:\/\/arantv.az\/index.php?rest_route=\/wp\/v2\/posts\/19589"}],"collection":[{"href":"https:\/\/arantv.az\/index.php?rest_route=\/wp\/v2\/posts"}],"about":[{"href":"https:\/\/arantv.az\/index.php?rest_route=\/wp\/v2\/types\/post"}],"author":[{"embeddable":true,"href":"https:\/\/arantv.az\/index.php?rest_route=\/wp\/v2\/users\/2"}],"replies":[{"embeddable":true,"href":"https:\/\/arantv.az\/index.php?rest_route=%2Fwp%2Fv2%2Fcomments&post=19589"}],"version-history":[{"count":0,"href":"https:\/\/arantv.az\/index.php?rest_route=\/wp\/v2\/posts\/19589\/revisions"}],"wp:featuredmedia":[{"embeddable":true,"href":"https:\/\/arantv.az\/index.php?rest_route=\/wp\/v2\/media\/19590"}],"wp:attachment":[{"href":"https:\/\/arantv.az\/index.php?rest_route=%2Fwp%2Fv2%2Fmedia&parent=19589"}],"wp:term":[{"taxonomy":"category","embeddable":true,"href":"https:\/\/arantv.az\/index.php?rest_route=%2Fwp%2Fv2%2Fcategories&post=19589"},{"taxonomy":"post_tag","embeddable":true,"href":"https:\/\/arantv.az\/index.php?rest_route=%2Fwp%2Fv2%2Ftags&post=19589"}],"curies":[{"name":"wp","href":"https:\/\/api.w.org\/{rel}","templated":true}]}}