{"id":19598,"date":"2018-10-17T16:33:19","date_gmt":"2018-10-17T13:33:19","guid":{"rendered":"http:\/\/arantv.az\/?p=19598"},"modified":"2018-10-17T16:33:19","modified_gmt":"2018-10-17T13:33:19","slug":"putin-turkiy%c9%99y%c9%99-s%c9%99f%c9%99r-ed%c9%99c%c9%99k","status":"publish","type":"post","link":"https:\/\/arantv.az\/?p=19598","title":{"rendered":"Putin T\u00fcrkiy\u0259y\u0259 s\u0259f\u0259r ed\u0259c\u0259k"},"content":{"rendered":"<p><b>Rusiya Prezidenti Vladimir Putin T\u00fcrkiy\u0259y\u0259 s\u0259f\u0259r ed\u0259c\u0259k.<\/p>\n<p>ARANTV.AZ x\u0259b\u0259r verir ki, bunu d\u00f6vl\u0259t ba\u015f\u00e7\u0131s\u0131n\u0131n k\u00f6m\u0259k\u00e7isi Yuri U\u015fakov bildirib.<\/p>\n<p>Onun s\u00f6zl\u0259rin\u0259 g\u00f6r\u0259, \u0130stanbulda T\u00fcrkiy\u0259 Prezidenti R\u0259c\u0259b Tayyib \u018frdo\u011fan, Rusiya Prezidenti Vladimir Putin, Almaniya kansleri Angela Merkel v\u0259 Fransa Prezidenti Emmanuel Makron aras\u0131nda 4 t\u0259r\u0259fli zirv\u0259 toplant\u0131s\u0131 ke\u00e7iril\u0259c\u0259k. Toplant\u0131n\u0131n yax\u0131n zamanlarda ger\u00e7\u0259kl\u0259\u015f\u0259c\u0259yi g\u00f6zl\u0259nilir. Sammitd\u0259 Suriyadak\u0131 v\u0259ziyy\u0259tin m\u00fczakir\u0259 edilm\u0259si planla\u015fd\u0131r\u0131l\u0131r.<\/p>\n<p>Rusiya Prezidentinin m\u0259tbuat katibi Dmitri Peskov da V.Putinin T\u00fcrkiy\u0259y\u0259 s\u0259f\u0259r ed\u0259c\u0259yini t\u0259sdiql\u0259yib.<\/b>\u00a0report<\/p>\n","protected":false},"excerpt":{"rendered":"<p>Rusiya Prezidenti Vladimir Putin T\u00fcrkiy\u0259y\u0259 s\u0259f\u0259r ed\u0259c\u0259k. ARANTV.AZ x\u0259b\u0259r verir ki, bunu d\u00f6vl\u0259t ba\u015f\u00e7\u0131s\u0131n\u0131n k\u00f6m\u0259k\u00e7isi Yuri U\u015fakov bildirib. Onun s\u00f6zl\u0259rin\u0259 g\u00f6r\u0259, \u0130stanbulda T\u00fcrkiy\u0259 Prezidenti R\u0259c\u0259b Tayyib \u018frdo\u011fan, Rusiya Prezidenti Vladimir Putin, Almaniya kansleri Angela Merkel v\u0259 Fransa Prezidenti Emmanuel Makron aras\u0131nda 4 t\u0259r\u0259fli zirv\u0259 toplant\u0131s\u0131 ke\u00e7iril\u0259c\u0259k. Toplant\u0131n\u0131n yax\u0131n zamanlarda ger\u00e7\u0259kl\u0259\u015f\u0259c\u0259yi g\u00f6zl\u0259nilir. Sammitd\u0259 Suriyadak\u0131 v\u0259ziyy\u0259tin m\u00fczakir\u0259 edilm\u0259si planla\u015fd\u0131r\u0131l\u0131r. Rusiya Prezidentinin m\u0259tbuat katibi Dmitri Peskov da V.Putinin T\u00fcrkiy\u0259y\u0259 s\u0259f\u0259r ed\u0259c\u0259yini t\u0259sdiql\u0259yib.\u00a0report<\/p>\n","protected":false},"author":2,"featured_media":19599,"comment_status":"closed","ping_status":"closed","sticky":false,"template":"","format":"standard","meta":{"om_disable_all_campaigns":false,"_monsterinsights_skip_tracking":false,"_monsterinsights_sitenote_active":false,"_monsterinsights_sitenote_note":"","_monsterinsights_sitenote_category":0},"categories":[7],"tags":[],"aioseo_notices":[],"gutentor_comment":0,"rttpg_featured_image_url":{"full":["https:\/\/arantv.az\/wp-content\/uploads\/2018\/10\/1539782652_039ae70d-b416-4bfb-a1c2-7042b928f7ab.jpg",450,253,false],"landscape":["https:\/\/arantv.az\/wp-content\/uploads\/2018\/10\/1539782652_039ae70d-b416-4bfb-a1c2-7042b928f7ab.jpg",450,253,false],"portraits":["https:\/\/arantv.az\/wp-content\/uploads\/2018\/10\/1539782652_039ae70d-b416-4bfb-a1c2-7042b928f7ab.jpg",450,253,false],"thumbnail":["https:\/\/arantv.az\/wp-content\/uploads\/2018\/10\/1539782652_039ae70d-b416-4bfb-a1c2-7042b928f7ab-150x150.jpg",150,150,true],"medium":["https:\/\/arantv.az\/wp-content\/uploads\/2018\/10\/1539782652_039ae70d-b416-4bfb-a1c2-7042b928f7ab-300x169.jpg",300,169,true],"large":["https:\/\/arantv.az\/wp-content\/uploads\/2018\/10\/1539782652_039ae70d-b416-4bfb-a1c2-7042b928f7ab.jpg",450,253,false],"1536x1536":["https:\/\/arantv.az\/wp-content\/uploads\/2018\/10\/1539782652_039ae70d-b416-4bfb-a1c2-7042b928f7ab.jpg",450,253,false],"2048x2048":["https:\/\/arantv.az\/wp-content\/uploads\/2018\/10\/1539782652_039ae70d-b416-4bfb-a1c2-7042b928f7ab.jpg",450,253,false],"post-thumbnail":["https:\/\/arantv.az\/wp-content\/uploads\/2018\/10\/1539782652_039ae70d-b416-4bfb-a1c2-7042b928f7ab-240x172.jpg",240,172,true],"advps-thumb-one":["https:\/\/arantv.az\/wp-content\/uploads\/2018\/10\/1539782652_039ae70d-b416-4bfb-a1c2-7042b928f7ab.jpg",450,253,false]},"rttpg_author":{"display_name":"V\u00fcsal Rafiqo\u011flu","author_link":"https:\/\/arantv.az\/?author=2"},"rttpg_comment":0,"rttpg_category":"<a href=\"https:\/\/arantv.az\/?cat=7\" rel=\"category\">D\u00fcnya<\/a>","rttpg_excerpt":"Rusiya Prezidenti Vladimir Putin T\u00fcrkiy\u0259y\u0259 s\u0259f\u0259r ed\u0259c\u0259k. ARANTV.AZ x\u0259b\u0259r verir ki, bunu d\u00f6vl\u0259t ba\u015f\u00e7\u0131s\u0131n\u0131n k\u00f6m\u0259k\u00e7isi Yuri U\u015fakov bildirib. Onun s\u00f6zl\u0259rin\u0259 g\u00f6r\u0259, \u0130stanbulda T\u00fcrkiy\u0259 Prezidenti R\u0259c\u0259b Tayyib \u018frdo\u011fan, Rusiya Prezidenti Vladimir Putin, Almaniya kansleri Angela Merkel v\u0259 Fransa Prezidenti Emmanuel Makron aras\u0131nda 4 t\u0259r\u0259fli zirv\u0259 toplant\u0131s\u0131 ke\u00e7iril\u0259c\u0259k. Toplant\u0131n\u0131n yax\u0131n zamanlarda ger\u00e7\u0259kl\u0259\u015f\u0259c\u0259yi g\u00f6zl\u0259nilir. Sammitd\u0259 Suriyadak\u0131 v\u0259ziyy\u0259tin m\u00fczakir\u0259&hellip;","_links":{"self":[{"href":"https:\/\/arantv.az\/index.php?rest_route=\/wp\/v2\/posts\/19598"}],"collection":[{"href":"https:\/\/arantv.az\/index.php?rest_route=\/wp\/v2\/posts"}],"about":[{"href":"https:\/\/arantv.az\/index.php?rest_route=\/wp\/v2\/types\/post"}],"author":[{"embeddable":true,"href":"https:\/\/arantv.az\/index.php?rest_route=\/wp\/v2\/users\/2"}],"replies":[{"embeddable":true,"href":"https:\/\/arantv.az\/index.php?rest_route=%2Fwp%2Fv2%2Fcomments&post=19598"}],"version-history":[{"count":0,"href":"https:\/\/arantv.az\/index.php?rest_route=\/wp\/v2\/posts\/19598\/revisions"}],"wp:featuredmedia":[{"embeddable":true,"href":"https:\/\/arantv.az\/index.php?rest_route=\/wp\/v2\/media\/19599"}],"wp:attachment":[{"href":"https:\/\/arantv.az\/index.php?rest_route=%2Fwp%2Fv2%2Fmedia&parent=19598"}],"wp:term":[{"taxonomy":"category","embeddable":true,"href":"https:\/\/arantv.az\/index.php?rest_route=%2Fwp%2Fv2%2Fcategories&post=19598"},{"taxonomy":"post_tag","embeddable":true,"href":"https:\/\/arantv.az\/index.php?rest_route=%2Fwp%2Fv2%2Ftags&post=19598"}],"curies":[{"name":"wp","href":"https:\/\/api.w.org\/{rel}","templated":true}]}}