{"id":19607,"date":"2018-10-17T16:40:55","date_gmt":"2018-10-17T13:40:55","guid":{"rendered":"http:\/\/arantv.az\/?p=19607"},"modified":"2018-10-17T16:40:55","modified_gmt":"2018-10-17T13:40:55","slug":"deputat-maas-alir-halalliq-baximindan-fazil-mustafa","status":"publish","type":"post","link":"https:\/\/arantv.az\/?p=19607","title":{"rendered":"&#8220;Deputat maa\u015f al\u0131r, halall\u0131q bax\u0131m\u0131ndan&#8230;&#8221; &#8211; FAZ\u0130L MUSTAFA"},"content":{"rendered":"<p>&#8220;Deputat\u0131n s\u0259lahiyy\u0259tl\u0259ri m\u0259hduddur. Az\u0259rbaycanda mill\u0259t v\u0259kili ham\u0131n\u0131n t\u0259s\u0259vv\u00fcr etdiyi sovet deputat\u0131 kimi deyil ki, z\u0259ng edib hans\u0131sa problemini h\u0259ll ed\u0259s\u0259n&#8221;.<\/p>\n<p><b>ARANTV.AZ<\/b>\u00a0x\u0259b\u0259r verir ki, bunu\u00a0<a href=\"https:\/\/sonxeber.az\/\">sonxeber.az<\/a>-a Milli M\u0259clisin deputat\u0131 Fazil Mustafa sosial \u015f\u0259b\u0259k\u0259 istifad\u0259\u00e7il\u0259rinin mill\u0259t v\u0259kill\u0259rind\u0259n naraz\u0131 qalmas\u0131, onlar\u0131 t\u0259nqid v\u0259 t\u0259hqir etm\u0259si m\u0259s\u0259l\u0259sin\u0259 m\u00fcnasib\u0259t bildir\u0259rk\u0259n deyib.<\/p>\n<p>Deputat halall\u0131\u011f\u0131 d\u00fc\u015f\u00fcnm\u0259lidir<\/p>\n<p>Onun s\u00f6zl\u0259rin\u0259 g\u00f6r\u0259, el\u0259 olur ki, mill\u0259t v\u0259kili hans\u0131sa problemi m\u0259mur s\u0259viyy\u0259sind\u0259 h\u0259ll ed\u0259 bilmir: &#8220;Ancaq deputat m\u0259suliyy\u0259t da\u015f\u0131yan insand\u0131r. S\u0259lahiyy\u0259ti az da olsa, maa\u015f ald\u0131\u011f\u0131na g\u00f6r\u0259 halall\u0131q bax\u0131m\u0131ndan v\u0259t\u0259nda\u015f \u00fc\u00e7\u00fcn g\u00fcc\u00fc \u00e7atan s\u0259viyy\u0259d\u0259 \u00e7al\u0131\u015fmal\u0131, t\u00f6hf\u0259 verm\u0259lidir. M\u0259tbuatdan, v\u0259t\u0259nda\u015fdan qa\u00e7an deputatlar \u00f6zl\u0259rin\u0259 g\u00fcv\u0259nmirl\u0259r&#8221;.<\/p>\n<p>Mill\u0259t v\u0259kilinin yerind\u0259 \u00f6z\u00fcn\u00fc g\u00f6rm\u0259k ist\u0259y\u0259nl\u0259r<\/p>\n<p>Deputat qeyd edib ki, insanlar\u0131n deputatlardan naraz\u0131 qalmas\u0131n\u0131n ba\u015fqa s\u0259b\u0259bl\u0259ri d\u0259 var: &#8220;Bel\u0259 ki, naraz\u0131l\u0131qda v\u0259t\u0259nda\u015f\u0131n natamaml\u0131\u011f\u0131 il\u0259 ba\u011fl\u0131 probleml\u0259ri d\u0259 \u00fcz\u0259 \u00e7\u0131x\u0131r. Onun probleml\u0259rini qabardan deputata da yen\u0259 d\u0259 h\u0259min formada m\u00fcnasib\u0259t b\u0259sl\u0259nilir. Bu insanlar \u00f6z\u00fcn\u00fcn u\u011fursuzlu\u011funun s\u0259b\u0259bini onda g\u00f6r\u00fcr ki, parlamentd\u0259 h\u0259min deputat\u0131n yerind\u0259 \u00f6z\u00fc oturmal\u0131yd\u0131. T\u0259qrib\u0259n bel\u0259 yana\u015fma var&#8221;.<\/p>\n<p>&#8220;Facebook&#8221; t\u00fcfeylil\u0259ri t\u0259b\u0259q\u0259si yaran\u0131b<\/p>\n<div id=\"AdributorNativeVideo0\" class=\"AdributorNativeVideo\"><\/div>\n<p>F. Mustafa bildirib: &#8220;Bu insana deyirs\u0259n ki, m\u0259nd\u0259n yax\u015f\u0131m\u0131 bu fikri ifad\u0259 ed\u0259ss\u0259n, yoxsa m\u0259nd\u0259n daha yax\u015f\u0131 vicdanl\u0131 olacaqsan? Cavab ver\u0259 bilmir. Az\u0259rbaycanda &#8220;Facebook&#8221; t\u00fcfeylil\u0259ri t\u0259b\u0259q\u0259si yaran\u0131b. Xalq h\u0259r\u0259kat\u0131 d\u00f6vr\u00fcnd\u0259 Xalq C\u0259bh\u0259sinin v\u0259 ya ba\u015fqa yerl\u0259rin qar\u015f\u0131s\u0131nda bo\u015f-bekar adamlar dururdu. Bunlar\u0131n \u0259sas i\u015fi \u015fayi\u0259 yaymaq\u0131yd\u0131. T\u0259qrib\u0259n o insanlar\u0131n bir qismi, sonra is\u0259 bo\u015f, f\u0259aliyy\u0259ti olmayan insanlar &#8220;Facebook&#8221;a dolub. Bunlar yarad\u0131c\u0131 insan tipl\u0259ri deyill\u0259r. Bunlar s\u00f6z, fikir dey\u0259n adamlar\u0131 nec\u0259 bo\u011fmaq bar\u0259d\u0259 d\u00fc\u015f\u00fcn\u00fcrl\u0259r&#8221;.<\/p>\n<p>Ay, geri z\u0259kal\u0131lar&#8230;<\/p>\n<p>Mill\u0259t v\u0259kili s\u00f6zl\u0259rin\u0259 \u0259sas kimi H\u0259bib Nurm\u0259h\u0259mm\u0259dovla ba\u011fl\u0131 &#8220;Facebook&#8221;da \u00f6z d\u00fc\u015f\u00fcnc\u0259l\u0259rini payla\u015fandan sonra \u0259leyhin\u0259 deyil\u0259n fikirl\u0259ri misal g\u00f6st\u0259rib: &#8220;Yazm\u0131\u015fd\u0131m ki, H\u0259bib b\u00f6y\u00fck q\u0259hr\u0259mand\u0131r, \u00f6z bil\u0259yinin haqq\u0131 il\u0259 q\u0259l\u0259b\u0259 qazand\u0131, lakin f\u0259rqli davransayd\u0131 d\u00fcnyada v\u0259h\u015fi m\u00fcs\u0259lman obraz\u0131n\u0131 d\u0259yi\u015f\u0259 bil\u0259rdi. O, tullan\u0131b ba\u015fqas\u0131n\u0131 d\u00f6ym\u0259s\u0259ydi, uddu\u011fu d\u00f6y\u00fc\u015f\u00e7\u00fcn\u00fcn \u0259lini s\u0131xsayd\u0131 Amerika c\u0259miyy\u0259tind\u0259, xristian d\u00fcnyas\u0131nda m\u00fcs\u0259lman\u0131n n\u0259 q\u0259d\u0259r humanist oldu\u011funu, y\u0259ni pey\u011f\u0259mb\u0259r \u0259xlaql\u0131 oldu\u011funu g\u00f6st\u0259r\u0259rdi. Bunu \u0259leyhim\u0259 yaz\u0131 kimi payla\u015f\u0131blar v\u0259 deyirl\u0259r ki, s\u0259n niy\u0259 deputatsan. M\u0259n d\u0259 deyir\u0259m ki, ay, geri z\u0259kal\u0131lar m\u0259nim m\u0259tnim\u0259 bax\u0131n. Sizin m\u0259nim \u015f\u0259xsiyy\u0259timi t\u0259hlil etm\u0259y\u0259 n\u0259 m\u0259n\u0259vi haqq\u0131n\u0131z var, n\u0259 d\u0259 \u00fcst\u00fcnl\u00fcy\u00fcn\u00fcz var. M\u0259tn qal\u0131r bir t\u0259r\u0259fd\u0259. \u00c7\u00fcnki m\u0259tn oxumaq v\u0259rdi\u015fi yoxdur&#8221;.<\/p>\n<p>Ham\u0131 \u015fifahi dedi-qodu il\u0259 m\u0259\u015f\u011fuldur<\/p>\n<p>Deputat hesab edir ki, tariximizd\u0259 &#8220;D\u0259d\u0259 Qorqud&#8221;dan ba\u015fqa \u0259s\u0259r yoxdur: &#8220;Y\u0259ni yaz\u0131 m\u0259tni yoxdur. Ham\u0131 \u015fifahi dedi-qodu il\u0259 m\u0259\u015f\u011fuldur. Tarix\u0259n babalar\u0131m\u0131z da el\u0259 olub, biz d\u0259 el\u0259 olmu\u015fuq. He\u00e7 n\u0259yi qeyd\u0259 almam\u0131\u015f\u0131q. Yaz\u0131 t\u0259nb\u0259lliyimiz var. Ona g\u00f6r\u0259 yaz\u0131\u00e7\u0131m\u0131z\u0131 d\u00fcnyaya \u00e7\u0131xarda bilmirik. \u00c7ingiz Aytmatov yeti\u015fdir\u0259 bilmirik. \u0130stedadl\u0131 yazar sonad\u0259k ged\u0259 bilmir. 60-70 ya\u015f\u0131n\u0131 \u00f6td\u00fckd\u0259n sonra m\u00fcdrikl\u0259\u015f\u0259 bilmir. Konkret i\u015f\u0259 y\u00f6n\u0259l\u0259n adamlar\u0131 c\u0259miyy\u0259t \u00fc\u00e7\u00fcn n\u00fcmun\u0259 g\u00f6st\u0259rm\u0259liyik&#8221;.<\/p>\n<p>U\u011fursuz insan \u00fc\u00e7\u00fcn ham\u0131 nifr\u0259t obyektidir<\/p>\n<p>Bununla bel\u0259 o, diqq\u0259t\u0259 \u00e7atd\u0131r\u0131b ki, insanlar\u0131n deputatlara m\u00fcnasib\u0259td\u0259 haql\u0131 t\u0259l\u0259bl\u0259ri d\u0259 var: &#8220;T\u0259bii ki, insanlar\u0131n standartlar\u0131na uy\u011fun olmayan, ba\u015f\u0131n\u0131 gird\u0259l\u0259y\u0259n insanlara neqativ m\u00fcnasib\u0259tl\u0259ri normal qar\u015f\u0131lamaq laz\u0131md\u0131r. Lakin bu m\u00fcnasib\u0259ti k\u00fctl\u0259vil\u0259\u015fdirm\u0259k do\u011fru deyil. Ad\u0259t\u0259n bu c\u00fcr m\u00fcnasib\u0259ti u\u011fursuz insanlar g\u00f6st\u0259rirl\u0259r. U\u011fursuz insan \u00fc\u00e7\u00fcn ham\u0131 nifr\u0259t obyektidir. Buna g\u00f6r\u0259 d\u0259 ittihamlar\u0131n obyektivliyi b\u00f6y\u00fck naraz\u0131\u00e7\u0131l\u0131q do\u011furur. Ona g\u00f6r\u0259 d\u0259 c\u0259miyy\u0259td\u0259 ziyal\u0131 gildiyas\u0131n\u0131 formala\u015fd\u0131rma\u011fa ehtiyac var. T\u0259bii ki, sosial probleml\u0259r var. Naraz\u0131l\u0131\u011f\u0131n k\u00f6k\u00fcnd\u0259 insan\u0131n buraxd\u0131\u011f\u0131 f\u00fcrs\u0259tl\u0259r var. Anadolu t\u00fcrkl\u0259rinin bir s\u00f6z\u00fc var: \u015fans haz\u0131rl\u0131kl\u0131 kafalara yard\u0131m\u00e7\u0131 olur. \u015eans ham\u0131ya d\u00fc\u015f\u00fcr, lakin s\u0259nin d\u00fcnya g\u00f6r\u00fc\u015f\u00fcn yoxdursa, o \u015fans\u0131 \u0259ld\u0259n verirs\u0259n&#8221;.<\/p>\n","protected":false},"excerpt":{"rendered":"<p>&#8220;Deputat\u0131n s\u0259lahiyy\u0259tl\u0259ri m\u0259hduddur. Az\u0259rbaycanda mill\u0259t v\u0259kili ham\u0131n\u0131n t\u0259s\u0259vv\u00fcr etdiyi sovet deputat\u0131 kimi deyil ki, z\u0259ng edib hans\u0131sa problemini h\u0259ll ed\u0259s\u0259n&#8221;. ARANTV.AZ\u00a0x\u0259b\u0259r verir ki, bunu\u00a0sonxeber.az-a Milli M\u0259clisin deputat\u0131 Fazil Mustafa sosial \u015f\u0259b\u0259k\u0259 istifad\u0259\u00e7il\u0259rinin mill\u0259t v\u0259kill\u0259rind\u0259n naraz\u0131 qalmas\u0131, onlar\u0131 t\u0259nqid v\u0259 t\u0259hqir etm\u0259si m\u0259s\u0259l\u0259sin\u0259 m\u00fcnasib\u0259t bildir\u0259rk\u0259n deyib. Deputat halall\u0131\u011f\u0131 d\u00fc\u015f\u00fcnm\u0259lidir Onun s\u00f6zl\u0259rin\u0259 g\u00f6r\u0259, el\u0259 olur ki, mill\u0259t v\u0259kili hans\u0131sa problemi m\u0259mur s\u0259viyy\u0259sind\u0259 h\u0259ll ed\u0259 bilmir: &#8220;Ancaq deputat m\u0259suliyy\u0259t da\u015f\u0131yan insand\u0131r. S\u0259lahiyy\u0259ti az da olsa, maa\u015f ald\u0131\u011f\u0131na g\u00f6r\u0259 halall\u0131q bax\u0131m\u0131ndan v\u0259t\u0259nda\u015f \u00fc\u00e7\u00fcn g\u00fcc\u00fc \u00e7atan s\u0259viyy\u0259d\u0259 \u00e7al\u0131\u015fmal\u0131, t\u00f6hf\u0259 verm\u0259lidir. M\u0259tbuatdan, v\u0259t\u0259nda\u015fdan qa\u00e7an deputatlar \u00f6zl\u0259rin\u0259&hellip;<\/p>\n","protected":false},"author":2,"featured_media":19608,"comment_status":"closed","ping_status":"closed","sticky":false,"template":"","format":"standard","meta":{"om_disable_all_campaigns":false,"_monsterinsights_skip_tracking":false,"_monsterinsights_sitenote_active":false,"_monsterinsights_sitenote_note":"","_monsterinsights_sitenote_category":0},"categories":[1],"tags":[],"aioseo_notices":[],"gutentor_comment":0,"rttpg_featured_image_url":{"full":["https:\/\/arantv.az\/wp-content\/uploads\/2018\/10\/fazil_mustafa_1.jpg",549,412,false],"landscape":["https:\/\/arantv.az\/wp-content\/uploads\/2018\/10\/fazil_mustafa_1.jpg",549,412,false],"portraits":["https:\/\/arantv.az\/wp-content\/uploads\/2018\/10\/fazil_mustafa_1.jpg",549,412,false],"thumbnail":["https:\/\/arantv.az\/wp-content\/uploads\/2018\/10\/fazil_mustafa_1-150x150.jpg",150,150,true],"medium":["https:\/\/arantv.az\/wp-content\/uploads\/2018\/10\/fazil_mustafa_1-300x225.jpg",300,225,true],"large":["https:\/\/arantv.az\/wp-content\/uploads\/2018\/10\/fazil_mustafa_1.jpg",549,412,false],"1536x1536":["https:\/\/arantv.az\/wp-content\/uploads\/2018\/10\/fazil_mustafa_1.jpg",549,412,false],"2048x2048":["https:\/\/arantv.az\/wp-content\/uploads\/2018\/10\/fazil_mustafa_1.jpg",549,412,false],"post-thumbnail":["https:\/\/arantv.az\/wp-content\/uploads\/2018\/10\/fazil_mustafa_1-240x172.jpg",240,172,true],"advps-thumb-one":["https:\/\/arantv.az\/wp-content\/uploads\/2018\/10\/fazil_mustafa_1.jpg",549,412,false]},"rttpg_author":{"display_name":"V\u00fcsal Rafiqo\u011flu","author_link":"https:\/\/arantv.az\/?author=2"},"rttpg_comment":0,"rttpg_category":"<a href=\"https:\/\/arantv.az\/?cat=1\" rel=\"category\">C\u0259miyy\u0259t<\/a>","rttpg_excerpt":"&#8220;Deputat\u0131n s\u0259lahiyy\u0259tl\u0259ri m\u0259hduddur. Az\u0259rbaycanda mill\u0259t v\u0259kili ham\u0131n\u0131n t\u0259s\u0259vv\u00fcr etdiyi sovet deputat\u0131 kimi deyil ki, z\u0259ng edib hans\u0131sa problemini h\u0259ll ed\u0259s\u0259n&#8221;. ARANTV.AZ\u00a0x\u0259b\u0259r verir ki, bunu\u00a0sonxeber.az-a Milli M\u0259clisin deputat\u0131 Fazil Mustafa sosial \u015f\u0259b\u0259k\u0259 istifad\u0259\u00e7il\u0259rinin mill\u0259t v\u0259kill\u0259rind\u0259n naraz\u0131 qalmas\u0131, onlar\u0131 t\u0259nqid v\u0259 t\u0259hqir etm\u0259si m\u0259s\u0259l\u0259sin\u0259 m\u00fcnasib\u0259t bildir\u0259rk\u0259n deyib. Deputat halall\u0131\u011f\u0131 d\u00fc\u015f\u00fcnm\u0259lidir Onun s\u00f6zl\u0259rin\u0259 g\u00f6r\u0259, el\u0259 olur ki, mill\u0259t&hellip;","_links":{"self":[{"href":"https:\/\/arantv.az\/index.php?rest_route=\/wp\/v2\/posts\/19607"}],"collection":[{"href":"https:\/\/arantv.az\/index.php?rest_route=\/wp\/v2\/posts"}],"about":[{"href":"https:\/\/arantv.az\/index.php?rest_route=\/wp\/v2\/types\/post"}],"author":[{"embeddable":true,"href":"https:\/\/arantv.az\/index.php?rest_route=\/wp\/v2\/users\/2"}],"replies":[{"embeddable":true,"href":"https:\/\/arantv.az\/index.php?rest_route=%2Fwp%2Fv2%2Fcomments&post=19607"}],"version-history":[{"count":0,"href":"https:\/\/arantv.az\/index.php?rest_route=\/wp\/v2\/posts\/19607\/revisions"}],"wp:featuredmedia":[{"embeddable":true,"href":"https:\/\/arantv.az\/index.php?rest_route=\/wp\/v2\/media\/19608"}],"wp:attachment":[{"href":"https:\/\/arantv.az\/index.php?rest_route=%2Fwp%2Fv2%2Fmedia&parent=19607"}],"wp:term":[{"taxonomy":"category","embeddable":true,"href":"https:\/\/arantv.az\/index.php?rest_route=%2Fwp%2Fv2%2Fcategories&post=19607"},{"taxonomy":"post_tag","embeddable":true,"href":"https:\/\/arantv.az\/index.php?rest_route=%2Fwp%2Fv2%2Ftags&post=19607"}],"curies":[{"name":"wp","href":"https:\/\/api.w.org\/{rel}","templated":true}]}}