{"id":19642,"date":"2018-10-18T08:32:12","date_gmt":"2018-10-18T05:32:12","guid":{"rendered":"http:\/\/arantv.az\/?p=19642"},"modified":"2018-10-18T08:32:12","modified_gmt":"2018-10-18T05:32:12","slug":"ot%c9%99n-27-ild%c9%99-az%c9%99rbaycan-z%c9%99ngin-v%c9%99-s%c9%99r%c9%99fli-inkisaf-yolu-kecib-s%c9%99rh","status":"publish","type":"post","link":"https:\/\/arantv.az\/?p=19642","title":{"rendered":"\u201c\u00d6t\u0259n 27 ild\u0259 Az\u0259rbaycan z\u0259ngin v\u0259 \u015f\u0259r\u0259fli inki\u015faf yolu ke\u00e7ib\u201d &#8211; \u015e\u018fRH"},"content":{"rendered":"<p><strong>\u201cAz\u0259rbaycan\u0131n d\u00f6vl\u0259t m\u00fcst\u0259qilliyinin b\u0259rpas\u0131ndan 27 il \u00f6t\u00fcr. Bu r\u0259q\u0259m zaman bax\u0131m\u0131ndan q\u0131sa, inki\u015faf bax\u0131m\u0131ndan is\u0259 kifay\u0259t q\u0259d\u0259r z\u0259ngindir. M\u00fcst\u0259qilliyinin ilk ill\u0259rind\u0259 b\u00f6y\u00fck t\u0259lat\u00fcml\u0259r ya\u015fayan, a\u011f\u0131r durumda olan Az\u0259rbaycan 1993-c\u00fc ild\u0259 \u00fcmummilli liderimiz Heyd\u0259r \u018fliyevin xalq\u0131n t\u0259kidli t\u0259l\u0259bi il\u0259 yenid\u0259n hakimiyy\u0259t\u0259 qay\u0131tmas\u0131ndan sonra u\u011furlu inki\u015faf m\u0259rh\u0259l\u0259sin\u0259 q\u0259d\u0259m qoyub\u201d.<\/strong><\/p>\n<p><b>ARANTV.AZ\u00a0<\/b>x\u0259b\u0259r verir ki, bu s\u00f6zl\u0259ri Yeni Az\u0259rbaycan Partiyas\u0131n\u0131n Siyasi \u015euras\u0131n\u0131n \u00fczv\u00fc, \u201c\u0130ki sahil\u201d q\u0259zetinin ba\u015f redaktoru V\u00fcqar R\u0259himzad\u0259 deyib.<\/p>\n<p>Onun s\u00f6zl\u0259rin\u0259 g\u00f6r\u0259, ill\u0259r ke\u00e7dikc\u0259 \u00f6lk\u0259mizin d\u00fcnya birliyind\u0259ki siyasi \u00e7\u0259kisi, iqtisadi g\u00fcc\u00fc daha da artma\u011fa ba\u015flay\u0131b.<\/p>\n<div id=\"AdributorNativeVideo0\" class=\"AdributorNativeVideo\"><\/div>\n<p>\u201c2003-c\u00fc ild\u0259n etibar\u0259n m\u00f6ht\u0259r\u0259m Prezidentimiz \u0130lham \u018fliyevin g\u0259rgin s\u0259yl\u0259ri n\u0259tic\u0259sind\u0259 bu inki\u015faf \u015fax\u0259l\u0259ndirilib, \u00f6lk\u0259mizin d\u00f6vl\u0259t m\u00fcst\u0259qilliyi daha da m\u00f6hk\u0259ml\u0259ndirilib. Bir s\u00f6zl\u0259, \u00f6t\u0259n 27 ild\u0259 Az\u0259rbaycan z\u0259ngin v\u0259 \u015f\u0259r\u0259fli inki\u015faf yolu ke\u00e7ib\u201d.<\/p>\n<p>V.R\u0259himzad\u0259 qeyd edib ki, Az\u0259rbaycan\u0131n d\u00f6vl\u0259t m\u00fcst\u0259qilliyinin b\u0259rpas\u0131ndan \u00f6t\u0259n 27 ild\u0259 b\u00f6y\u00fck u\u011furlar qazan\u0131l\u0131b: \u201c\u00d6lk\u0259mizin \u0259ld\u0259 etdiyi y\u00fcks\u0259k g\u00f6st\u0259ricil\u0259r, s\u00fcr\u0259tli inki\u015faf\u0131 beyn\u0259lxalq hesabatlarda \u00f6z \u0259ksini tap\u0131r. Bel\u0259 ki, Az\u0259rbaycan Qlobal R\u0259qab\u0259tlilik Hesabat\u0131n\u0131n yeni metodologiyas\u0131 \u0259sas\u0131nda ilk d\u0259f\u0259 qiym\u0259tl\u0259ndiril\u0259r\u0259k T\u00fcrkiy\u0259, Serbiya, G\u00fcrc\u00fcstan, C\u0259nubi Afrika Respublikas\u0131 v\u0259 Xorvatiya il\u0259 birlikd\u0259 7-ci onlu\u011fa daxil olmaqla 69-cu yerd\u0259 q\u0259rarla\u015f\u0131b. Yeni hesabatda \u00f6lk\u0259mizin m\u00f6vqel\u0259ri kifay\u0259t q\u0259d\u0259r yax\u015f\u0131la\u015f\u0131b. Qlobal R\u0259qab\u0259tlilik Hesabat\u0131nda Az\u0259rbaycan d\u00fcnyada sosial b\u0259rab\u0259rliyin \u0259n y\u00fcks\u0259k s\u0259viyy\u0259d\u0259 t\u0259min olundu\u011fu \u00f6lk\u0259 kimi qeyd edilib. Bununla yana\u015f\u0131, Az\u0259rbaycan 140 \u00f6lk\u0259 aras\u0131nda biznesin dinamikliyi reytinqi \u00fczr\u0259 31-ci yeri tutub. Bu c\u00fcr y\u00fcks\u0259k n\u0259tic\u0259l\u0259rin qazan\u0131lmas\u0131 son ill\u0259r m\u00f6ht\u0259r\u0259m Prezidentimizin r\u0259hb\u0259rliyi il\u0259 h\u0259yata ke\u00e7iril\u0259n m\u00fck\u0259mm\u0259l iqtisadi islahatlar\u0131n say\u0259sind\u0259 m\u00fcmk\u00fcn olub. Hesab edir\u0259m ki, bu n\u0259tic\u0259l\u0259r \u00f6lk\u0259mizin g\u0259l\u0259c\u0259kd\u0259 dig\u0259r indikatorlar \u00fczr\u0259 d\u0259 daha yax\u015f\u0131 n\u0259tic\u0259l\u0259r \u0259ld\u0259 etm\u0259si \u00fc\u00e7\u00fcn yeni imkanlar yaradacaq\u201d.publika.az<\/p>\n","protected":false},"excerpt":{"rendered":"<p>\u201cAz\u0259rbaycan\u0131n d\u00f6vl\u0259t m\u00fcst\u0259qilliyinin b\u0259rpas\u0131ndan 27 il \u00f6t\u00fcr. Bu r\u0259q\u0259m zaman bax\u0131m\u0131ndan q\u0131sa, inki\u015faf bax\u0131m\u0131ndan is\u0259 kifay\u0259t q\u0259d\u0259r z\u0259ngindir. M\u00fcst\u0259qilliyinin ilk ill\u0259rind\u0259 b\u00f6y\u00fck t\u0259lat\u00fcml\u0259r ya\u015fayan, a\u011f\u0131r durumda olan Az\u0259rbaycan 1993-c\u00fc ild\u0259 \u00fcmummilli liderimiz Heyd\u0259r \u018fliyevin xalq\u0131n t\u0259kidli t\u0259l\u0259bi il\u0259 yenid\u0259n hakimiyy\u0259t\u0259 qay\u0131tmas\u0131ndan sonra u\u011furlu inki\u015faf m\u0259rh\u0259l\u0259sin\u0259 q\u0259d\u0259m qoyub\u201d. ARANTV.AZ\u00a0x\u0259b\u0259r verir ki, bu s\u00f6zl\u0259ri Yeni Az\u0259rbaycan Partiyas\u0131n\u0131n Siyasi \u015euras\u0131n\u0131n \u00fczv\u00fc, \u201c\u0130ki sahil\u201d q\u0259zetinin ba\u015f redaktoru V\u00fcqar R\u0259himzad\u0259 deyib. Onun s\u00f6zl\u0259rin\u0259 g\u00f6r\u0259, ill\u0259r ke\u00e7dikc\u0259 \u00f6lk\u0259mizin d\u00fcnya birliyind\u0259ki siyasi \u00e7\u0259kisi, iqtisadi g\u00fcc\u00fc daha da artma\u011fa ba\u015flay\u0131b. \u201c2003-c\u00fc ild\u0259n etibar\u0259n m\u00f6ht\u0259r\u0259m Prezidentimiz \u0130lham \u018fliyevin g\u0259rgin&hellip;<\/p>\n","protected":false},"author":2,"featured_media":19643,"comment_status":"closed","ping_status":"closed","sticky":false,"template":"","format":"standard","meta":{"om_disable_all_campaigns":false,"_monsterinsights_skip_tracking":false,"_monsterinsights_sitenote_active":false,"_monsterinsights_sitenote_note":"","_monsterinsights_sitenote_category":0},"categories":[1],"tags":[],"aioseo_notices":[],"gutentor_comment":0,"rttpg_featured_image_url":{"full":["https:\/\/arantv.az\/wp-content\/uploads\/2018\/10\/vuqar.jpg",800,450,false],"landscape":["https:\/\/arantv.az\/wp-content\/uploads\/2018\/10\/vuqar.jpg",800,450,false],"portraits":["https:\/\/arantv.az\/wp-content\/uploads\/2018\/10\/vuqar.jpg",800,450,false],"thumbnail":["https:\/\/arantv.az\/wp-content\/uploads\/2018\/10\/vuqar-150x150.jpg",150,150,true],"medium":["https:\/\/arantv.az\/wp-content\/uploads\/2018\/10\/vuqar-300x169.jpg",300,169,true],"large":["https:\/\/arantv.az\/wp-content\/uploads\/2018\/10\/vuqar.jpg",640,360,false],"1536x1536":["https:\/\/arantv.az\/wp-content\/uploads\/2018\/10\/vuqar.jpg",800,450,false],"2048x2048":["https:\/\/arantv.az\/wp-content\/uploads\/2018\/10\/vuqar.jpg",800,450,false],"post-thumbnail":["https:\/\/arantv.az\/wp-content\/uploads\/2018\/10\/vuqar-240x172.jpg",240,172,true],"advps-thumb-one":["https:\/\/arantv.az\/wp-content\/uploads\/2018\/10\/vuqar.jpg",800,450,false]},"rttpg_author":{"display_name":"V\u00fcsal Rafiqo\u011flu","author_link":"https:\/\/arantv.az\/?author=2"},"rttpg_comment":0,"rttpg_category":"<a href=\"https:\/\/arantv.az\/?cat=1\" rel=\"category\">C\u0259miyy\u0259t<\/a>","rttpg_excerpt":"\u201cAz\u0259rbaycan\u0131n d\u00f6vl\u0259t m\u00fcst\u0259qilliyinin b\u0259rpas\u0131ndan 27 il \u00f6t\u00fcr. Bu r\u0259q\u0259m zaman bax\u0131m\u0131ndan q\u0131sa, inki\u015faf bax\u0131m\u0131ndan is\u0259 kifay\u0259t q\u0259d\u0259r z\u0259ngindir. M\u00fcst\u0259qilliyinin ilk ill\u0259rind\u0259 b\u00f6y\u00fck t\u0259lat\u00fcml\u0259r ya\u015fayan, a\u011f\u0131r durumda olan Az\u0259rbaycan 1993-c\u00fc ild\u0259 \u00fcmummilli liderimiz Heyd\u0259r \u018fliyevin xalq\u0131n t\u0259kidli t\u0259l\u0259bi il\u0259 yenid\u0259n hakimiyy\u0259t\u0259 qay\u0131tmas\u0131ndan sonra u\u011furlu inki\u015faf m\u0259rh\u0259l\u0259sin\u0259 q\u0259d\u0259m qoyub\u201d. ARANTV.AZ\u00a0x\u0259b\u0259r verir ki, bu s\u00f6zl\u0259ri Yeni Az\u0259rbaycan Partiyas\u0131n\u0131n&hellip;","_links":{"self":[{"href":"https:\/\/arantv.az\/index.php?rest_route=\/wp\/v2\/posts\/19642"}],"collection":[{"href":"https:\/\/arantv.az\/index.php?rest_route=\/wp\/v2\/posts"}],"about":[{"href":"https:\/\/arantv.az\/index.php?rest_route=\/wp\/v2\/types\/post"}],"author":[{"embeddable":true,"href":"https:\/\/arantv.az\/index.php?rest_route=\/wp\/v2\/users\/2"}],"replies":[{"embeddable":true,"href":"https:\/\/arantv.az\/index.php?rest_route=%2Fwp%2Fv2%2Fcomments&post=19642"}],"version-history":[{"count":0,"href":"https:\/\/arantv.az\/index.php?rest_route=\/wp\/v2\/posts\/19642\/revisions"}],"wp:featuredmedia":[{"embeddable":true,"href":"https:\/\/arantv.az\/index.php?rest_route=\/wp\/v2\/media\/19643"}],"wp:attachment":[{"href":"https:\/\/arantv.az\/index.php?rest_route=%2Fwp%2Fv2%2Fmedia&parent=19642"}],"wp:term":[{"taxonomy":"category","embeddable":true,"href":"https:\/\/arantv.az\/index.php?rest_route=%2Fwp%2Fv2%2Fcategories&post=19642"},{"taxonomy":"post_tag","embeddable":true,"href":"https:\/\/arantv.az\/index.php?rest_route=%2Fwp%2Fv2%2Ftags&post=19642"}],"curies":[{"name":"wp","href":"https:\/\/api.w.org\/{rel}","templated":true}]}}