{"id":19648,"date":"2018-10-18T08:37:03","date_gmt":"2018-10-18T05:37:03","guid":{"rendered":"http:\/\/arantv.az\/?p=19648"},"modified":"2018-10-18T08:37:03","modified_gmt":"2018-10-18T05:37:03","slug":"g%c9%99d%c9%99b%c9%99yd%c9%99-ata-v%c9%99-anasini-oldur%c9%99n-s%c9%99xsd%c9%99n-x%c9%99b%c9%99r-var","status":"publish","type":"post","link":"https:\/\/arantv.az\/?p=19648","title":{"rendered":"G\u0259d\u0259b\u0259yd\u0259 ata v\u0259 anas\u0131n\u0131 \u00f6ld\u00fcr\u0259n \u015f\u0259xsd\u0259n x\u0259b\u0259r var"},"content":{"rendered":"<p><strong>G\u0259d\u0259b\u0259y rayonunda ata v\u0259 anas\u0131n\u0131 \u00f6ld\u00fcrm\u0259kd\u0259 t\u0259qsirl\u0259ndiril\u0259n \u015e\u00f6hr\u0259t M\u0259simovun cinay\u0259t i\u015fi \u00fczr\u0259 ibtidai istintaq ba\u015fa \u00e7at\u0131b.<\/strong><\/p>\n<p><strong>ARANTV.AZ<\/strong> report-a istinad\u0259n x\u0259b\u0259r verir ki, G\u0259d\u0259b\u0259y Rayon Prokurorlu\u011funda ara\u015fd\u0131r\u0131lan ibtidai istintaq yekunla\u015fd\u0131r\u0131laraq G\u0259nc\u0259 A\u011f\u0131r Cinay\u0259tl\u0259r M\u0259hk\u0259m\u0259sin\u0259 g\u00f6nd\u0259rilib.<\/p>\n<p>M\u0259hk\u0259m\u0259nin haz\u0131rl\u0131q iclas\u0131 oktyabr\u0131n 24-n\u0259 t\u0259yin edilib.<\/p>\n<p>Cinay\u0259t i\u015fi hakim Dada\u015f \u0130manovun icraat\u0131na verilib.<\/p>\n<p>Qeyd ed\u0259k ki, q\u0259tl hadis\u0259si bu ilin sentyabr ay\u0131n\u0131n 21-d\u0259 G\u0259d\u0259b\u0259y rayonunun Qurud\u0259r\u0259 k\u0259ndind\u0259 ba\u015f verib.<\/p>\n","protected":false},"excerpt":{"rendered":"<p>G\u0259d\u0259b\u0259y rayonunda ata v\u0259 anas\u0131n\u0131 \u00f6ld\u00fcrm\u0259kd\u0259 t\u0259qsirl\u0259ndiril\u0259n \u015e\u00f6hr\u0259t M\u0259simovun cinay\u0259t i\u015fi \u00fczr\u0259 ibtidai istintaq ba\u015fa \u00e7at\u0131b. ARANTV.AZ report-a istinad\u0259n x\u0259b\u0259r verir ki, G\u0259d\u0259b\u0259y Rayon Prokurorlu\u011funda ara\u015fd\u0131r\u0131lan ibtidai istintaq yekunla\u015fd\u0131r\u0131laraq G\u0259nc\u0259 A\u011f\u0131r Cinay\u0259tl\u0259r M\u0259hk\u0259m\u0259sin\u0259 g\u00f6nd\u0259rilib. M\u0259hk\u0259m\u0259nin haz\u0131rl\u0131q iclas\u0131 oktyabr\u0131n 24-n\u0259 t\u0259yin edilib. Cinay\u0259t i\u015fi hakim Dada\u015f \u0130manovun icraat\u0131na verilib. Qeyd ed\u0259k ki, q\u0259tl hadis\u0259si bu ilin sentyabr ay\u0131n\u0131n 21-d\u0259 G\u0259d\u0259b\u0259y rayonunun Qurud\u0259r\u0259 k\u0259ndind\u0259 ba\u015f verib.<\/p>\n","protected":false},"author":2,"featured_media":19649,"comment_status":"closed","ping_status":"closed","sticky":false,"template":"","format":"standard","meta":{"om_disable_all_campaigns":false,"_monsterinsights_skip_tracking":false,"_monsterinsights_sitenote_active":false,"_monsterinsights_sitenote_note":"","_monsterinsights_sitenote_category":0},"categories":[3],"tags":[],"aioseo_notices":[],"gutentor_comment":0,"rttpg_featured_image_url":{"full":["https:\/\/arantv.az\/wp-content\/uploads\/2018\/10\/hebs_2746565.jpg",800,600,false],"landscape":["https:\/\/arantv.az\/wp-content\/uploads\/2018\/10\/hebs_2746565.jpg",800,600,false],"portraits":["https:\/\/arantv.az\/wp-content\/uploads\/2018\/10\/hebs_2746565.jpg",800,600,false],"thumbnail":["https:\/\/arantv.az\/wp-content\/uploads\/2018\/10\/hebs_2746565-150x150.jpg",150,150,true],"medium":["https:\/\/arantv.az\/wp-content\/uploads\/2018\/10\/hebs_2746565-300x225.jpg",300,225,true],"large":["https:\/\/arantv.az\/wp-content\/uploads\/2018\/10\/hebs_2746565.jpg",640,480,false],"1536x1536":["https:\/\/arantv.az\/wp-content\/uploads\/2018\/10\/hebs_2746565.jpg",800,600,false],"2048x2048":["https:\/\/arantv.az\/wp-content\/uploads\/2018\/10\/hebs_2746565.jpg",800,600,false],"post-thumbnail":["https:\/\/arantv.az\/wp-content\/uploads\/2018\/10\/hebs_2746565-240x172.jpg",240,172,true],"advps-thumb-one":["https:\/\/arantv.az\/wp-content\/uploads\/2018\/10\/hebs_2746565.jpg",800,600,false]},"rttpg_author":{"display_name":"V\u00fcsal Rafiqo\u011flu","author_link":"https:\/\/arantv.az\/?author=2"},"rttpg_comment":0,"rttpg_category":"<a href=\"https:\/\/arantv.az\/?cat=3\" rel=\"category\">Kriminal<\/a>","rttpg_excerpt":"G\u0259d\u0259b\u0259y rayonunda ata v\u0259 anas\u0131n\u0131 \u00f6ld\u00fcrm\u0259kd\u0259 t\u0259qsirl\u0259ndiril\u0259n \u015e\u00f6hr\u0259t M\u0259simovun cinay\u0259t i\u015fi \u00fczr\u0259 ibtidai istintaq ba\u015fa \u00e7at\u0131b. ARANTV.AZ report-a istinad\u0259n x\u0259b\u0259r verir ki, G\u0259d\u0259b\u0259y Rayon Prokurorlu\u011funda ara\u015fd\u0131r\u0131lan ibtidai istintaq yekunla\u015fd\u0131r\u0131laraq G\u0259nc\u0259 A\u011f\u0131r Cinay\u0259tl\u0259r M\u0259hk\u0259m\u0259sin\u0259 g\u00f6nd\u0259rilib. M\u0259hk\u0259m\u0259nin haz\u0131rl\u0131q iclas\u0131 oktyabr\u0131n 24-n\u0259 t\u0259yin edilib. Cinay\u0259t i\u015fi hakim Dada\u015f \u0130manovun icraat\u0131na verilib. Qeyd ed\u0259k ki, q\u0259tl hadis\u0259si bu ilin&hellip;","_links":{"self":[{"href":"https:\/\/arantv.az\/index.php?rest_route=\/wp\/v2\/posts\/19648"}],"collection":[{"href":"https:\/\/arantv.az\/index.php?rest_route=\/wp\/v2\/posts"}],"about":[{"href":"https:\/\/arantv.az\/index.php?rest_route=\/wp\/v2\/types\/post"}],"author":[{"embeddable":true,"href":"https:\/\/arantv.az\/index.php?rest_route=\/wp\/v2\/users\/2"}],"replies":[{"embeddable":true,"href":"https:\/\/arantv.az\/index.php?rest_route=%2Fwp%2Fv2%2Fcomments&post=19648"}],"version-history":[{"count":0,"href":"https:\/\/arantv.az\/index.php?rest_route=\/wp\/v2\/posts\/19648\/revisions"}],"wp:featuredmedia":[{"embeddable":true,"href":"https:\/\/arantv.az\/index.php?rest_route=\/wp\/v2\/media\/19649"}],"wp:attachment":[{"href":"https:\/\/arantv.az\/index.php?rest_route=%2Fwp%2Fv2%2Fmedia&parent=19648"}],"wp:term":[{"taxonomy":"category","embeddable":true,"href":"https:\/\/arantv.az\/index.php?rest_route=%2Fwp%2Fv2%2Fcategories&post=19648"},{"taxonomy":"post_tag","embeddable":true,"href":"https:\/\/arantv.az\/index.php?rest_route=%2Fwp%2Fv2%2Ftags&post=19648"}],"curies":[{"name":"wp","href":"https:\/\/api.w.org\/{rel}","templated":true}]}}