{"id":19660,"date":"2018-10-18T08:51:36","date_gmt":"2018-10-18T05:51:36","guid":{"rendered":"http:\/\/arantv.az\/?p=19660"},"modified":"2018-10-18T08:51:36","modified_gmt":"2018-10-18T05:51:36","slug":"ada-universitetind%c9%99-az%c9%99rbaycanin-baltikyani-dovl%c9%99tl%c9%99rl%c9%99-%c9%99m%c9%99kdasligina-h%c9%99sr-edil%c9%99n-t%c9%99dbir-kecirilib","status":"publish","type":"post","link":"https:\/\/arantv.az\/?p=19660","title":{"rendered":"ADA Universitetind\u0259 Az\u0259rbaycan\u0131n Baltikyan\u0131 d\u00f6vl\u0259tl\u0259rl\u0259 \u0259m\u0259kda\u015fl\u0131\u011f\u0131na h\u0259sr edil\u0259n t\u0259dbir ke\u00e7irilib"},"content":{"rendered":"<p><strong>ARANTV.AZ<\/strong> x\u0259b\u0259r verir ki, oktyabr\u0131n 17-d\u0259 ADA Universitetind\u0259 \u201cMilli m\u00fcst\u0259qillikd\u0259n \u015e\u0259rq T\u0259r\u0259fda\u015fl\u0131\u011f\u0131na do\u011fru: Az\u0259rbaycan\u0131n Baltikyan\u0131 d\u00f6vl\u0259tl\u0259rl\u0259 \u0259m\u0259kda\u015fl\u0131\u011f\u0131\u201d m\u00f6vzusunda t\u0259dbir ke\u00e7irilib.<\/p>\n<p>Universitetin prorektoru Fariz \u0130smay\u0131lzad\u0259 m\u00fcs\u0259lman \u015e\u0259rqind\u0259 ilk demokratik respublika olan Az\u0259rbaycan Xalq C\u00fcmhuriyy\u0259ti haqq\u0131nda m\u0259lumat verib.<\/p>\n<p>Prorektor, h\u0259m\u00e7inin Az\u0259rbaycan\u0131n Baltikyan\u0131 \u00f6lk\u0259l\u0259rl\u0259 siyasi, iqtisadi, t\u0259hsil sah\u0259l\u0259rind\u0259ki \u0259m\u0259kda\u015fl\u0131\u011f\u0131na toxunub. O, ADA Universitetind\u0259 Latviya v\u0259 Estoniyadan g\u0259ncl\u0259rin t\u0259hsil ald\u0131qlar\u0131n\u0131 da diqq\u0259t\u0259 \u00e7atd\u0131r\u0131b.<\/p>\n<p>Latviyan\u0131n Az\u0259rbaycandak\u0131 s\u0259firi Yuris Maklakovs iki \u00f6lk\u0259 aras\u0131nda m\u00fcnasib\u0259tl\u0259rin m\u00fcst\u0259qilliyin ilk vaxtlar\u0131ndan ba\u015flad\u0131\u011f\u0131n\u0131 qeyd edib. O, xalqlar\u0131m\u0131z aras\u0131nda dostluq m\u00fcnasib\u0259tl\u0259rinin oldu\u011funu bildirib. S\u0259fir deyib ki, Latviyada t\u0259xmin\u0259n iki min az\u0259rbaycanl\u0131 ya\u015fay\u0131r. \u00d6lk\u0259nin universitetl\u0259rind\u0259 170-\u0259 yax\u0131n az\u0259rbaycanl\u0131 t\u0259l\u0259b\u0259 t\u0259hsil al\u0131r.<\/p>\n<p>Litvan\u0131n Az\u0259rbaycandak\u0131 s\u0259firi Valdas Lastauskas v\u0259 Estoniyan\u0131n m\u00fcv\u0259qq\u0259ti i\u015fl\u0259r v\u0259kili Mayca Tasa Az\u0259rbaycanla iqtisadi \u0259m\u0259kda\u015fl\u0131\u011f\u0131n \u00fcst\u00fcnl\u00fckl\u0259rind\u0259n dan\u0131\u015f\u0131blar. Onlar Az\u0259rbaycan\u0131n Baltikyan\u0131 d\u00f6vl\u0259tl\u0259rl\u0259 m\u00fcnasib\u0259tl\u0259rinin yax\u015f\u0131 perspektivl\u0259rinin oldu\u011funu qeyd edibl\u0259r.<\/p>\n<p>T\u0259dbird\u0259 s\u0259firl\u0259rl\u0259 yana\u015f\u0131, Milli M\u0259clisin deputatlar\u0131, ictimai-siyasi xadiml\u0259r, t\u0259l\u0259b\u0259l\u0259r i\u015ftirak edibl\u0259r.<\/p>\n","protected":false},"excerpt":{"rendered":"<p>ARANTV.AZ x\u0259b\u0259r verir ki, oktyabr\u0131n 17-d\u0259 ADA Universitetind\u0259 \u201cMilli m\u00fcst\u0259qillikd\u0259n \u015e\u0259rq T\u0259r\u0259fda\u015fl\u0131\u011f\u0131na do\u011fru: Az\u0259rbaycan\u0131n Baltikyan\u0131 d\u00f6vl\u0259tl\u0259rl\u0259 \u0259m\u0259kda\u015fl\u0131\u011f\u0131\u201d m\u00f6vzusunda t\u0259dbir ke\u00e7irilib. Universitetin prorektoru Fariz \u0130smay\u0131lzad\u0259 m\u00fcs\u0259lman \u015e\u0259rqind\u0259 ilk demokratik respublika olan Az\u0259rbaycan Xalq C\u00fcmhuriyy\u0259ti haqq\u0131nda m\u0259lumat verib. Prorektor, h\u0259m\u00e7inin Az\u0259rbaycan\u0131n Baltikyan\u0131 \u00f6lk\u0259l\u0259rl\u0259 siyasi, iqtisadi, t\u0259hsil sah\u0259l\u0259rind\u0259ki \u0259m\u0259kda\u015fl\u0131\u011f\u0131na toxunub. O, ADA Universitetind\u0259 Latviya v\u0259 Estoniyadan g\u0259ncl\u0259rin t\u0259hsil ald\u0131qlar\u0131n\u0131 da diqq\u0259t\u0259 \u00e7atd\u0131r\u0131b. Latviyan\u0131n Az\u0259rbaycandak\u0131 s\u0259firi Yuris Maklakovs iki \u00f6lk\u0259 aras\u0131nda m\u00fcnasib\u0259tl\u0259rin m\u00fcst\u0259qilliyin ilk vaxtlar\u0131ndan ba\u015flad\u0131\u011f\u0131n\u0131 qeyd edib. O, xalqlar\u0131m\u0131z aras\u0131nda dostluq m\u00fcnasib\u0259tl\u0259rinin oldu\u011funu bildirib. S\u0259fir deyib ki, Latviyada t\u0259xmin\u0259n iki min az\u0259rbaycanl\u0131 ya\u015fay\u0131r.&hellip;<\/p>\n","protected":false},"author":2,"featured_media":19661,"comment_status":"closed","ping_status":"closed","sticky":false,"template":"","format":"standard","meta":{"om_disable_all_campaigns":false,"_monsterinsights_skip_tracking":false,"_monsterinsights_sitenote_active":false,"_monsterinsights_sitenote_note":"","_monsterinsights_sitenote_category":0},"categories":[4],"tags":[],"aioseo_notices":[],"gutentor_comment":0,"rttpg_featured_image_url":{"full":["https:\/\/arantv.az\/wp-content\/uploads\/2018\/10\/jqjvopksl3fhvc2pt9umv53j15ada.jpg",997,669,false],"landscape":["https:\/\/arantv.az\/wp-content\/uploads\/2018\/10\/jqjvopksl3fhvc2pt9umv53j15ada.jpg",997,669,false],"portraits":["https:\/\/arantv.az\/wp-content\/uploads\/2018\/10\/jqjvopksl3fhvc2pt9umv53j15ada.jpg",997,669,false],"thumbnail":["https:\/\/arantv.az\/wp-content\/uploads\/2018\/10\/jqjvopksl3fhvc2pt9umv53j15ada-150x150.jpg",150,150,true],"medium":["https:\/\/arantv.az\/wp-content\/uploads\/2018\/10\/jqjvopksl3fhvc2pt9umv53j15ada-300x201.jpg",300,201,true],"large":["https:\/\/arantv.az\/wp-content\/uploads\/2018\/10\/jqjvopksl3fhvc2pt9umv53j15ada.jpg",640,429,false],"1536x1536":["https:\/\/arantv.az\/wp-content\/uploads\/2018\/10\/jqjvopksl3fhvc2pt9umv53j15ada.jpg",997,669,false],"2048x2048":["https:\/\/arantv.az\/wp-content\/uploads\/2018\/10\/jqjvopksl3fhvc2pt9umv53j15ada.jpg",997,669,false],"post-thumbnail":["https:\/\/arantv.az\/wp-content\/uploads\/2018\/10\/jqjvopksl3fhvc2pt9umv53j15ada-240x172.jpg",240,172,true],"advps-thumb-one":["https:\/\/arantv.az\/wp-content\/uploads\/2018\/10\/jqjvopksl3fhvc2pt9umv53j15ada-997x620.jpg",997,620,true]},"rttpg_author":{"display_name":"V\u00fcsal Rafiqo\u011flu","author_link":"https:\/\/arantv.az\/?author=2"},"rttpg_comment":0,"rttpg_category":"<a href=\"https:\/\/arantv.az\/?cat=4\" rel=\"category\">Siyas\u0259t<\/a>","rttpg_excerpt":"ARANTV.AZ x\u0259b\u0259r verir ki, oktyabr\u0131n 17-d\u0259 ADA Universitetind\u0259 \u201cMilli m\u00fcst\u0259qillikd\u0259n \u015e\u0259rq T\u0259r\u0259fda\u015fl\u0131\u011f\u0131na do\u011fru: Az\u0259rbaycan\u0131n Baltikyan\u0131 d\u00f6vl\u0259tl\u0259rl\u0259 \u0259m\u0259kda\u015fl\u0131\u011f\u0131\u201d m\u00f6vzusunda t\u0259dbir ke\u00e7irilib. Universitetin prorektoru Fariz \u0130smay\u0131lzad\u0259 m\u00fcs\u0259lman \u015e\u0259rqind\u0259 ilk demokratik respublika olan Az\u0259rbaycan Xalq C\u00fcmhuriyy\u0259ti haqq\u0131nda m\u0259lumat verib. Prorektor, h\u0259m\u00e7inin Az\u0259rbaycan\u0131n Baltikyan\u0131 \u00f6lk\u0259l\u0259rl\u0259 siyasi, iqtisadi, t\u0259hsil sah\u0259l\u0259rind\u0259ki \u0259m\u0259kda\u015fl\u0131\u011f\u0131na toxunub. O, ADA Universitetind\u0259 Latviya v\u0259 Estoniyadan g\u0259ncl\u0259rin t\u0259hsil&hellip;","_links":{"self":[{"href":"https:\/\/arantv.az\/index.php?rest_route=\/wp\/v2\/posts\/19660"}],"collection":[{"href":"https:\/\/arantv.az\/index.php?rest_route=\/wp\/v2\/posts"}],"about":[{"href":"https:\/\/arantv.az\/index.php?rest_route=\/wp\/v2\/types\/post"}],"author":[{"embeddable":true,"href":"https:\/\/arantv.az\/index.php?rest_route=\/wp\/v2\/users\/2"}],"replies":[{"embeddable":true,"href":"https:\/\/arantv.az\/index.php?rest_route=%2Fwp%2Fv2%2Fcomments&post=19660"}],"version-history":[{"count":0,"href":"https:\/\/arantv.az\/index.php?rest_route=\/wp\/v2\/posts\/19660\/revisions"}],"wp:featuredmedia":[{"embeddable":true,"href":"https:\/\/arantv.az\/index.php?rest_route=\/wp\/v2\/media\/19661"}],"wp:attachment":[{"href":"https:\/\/arantv.az\/index.php?rest_route=%2Fwp%2Fv2%2Fmedia&parent=19660"}],"wp:term":[{"taxonomy":"category","embeddable":true,"href":"https:\/\/arantv.az\/index.php?rest_route=%2Fwp%2Fv2%2Fcategories&post=19660"},{"taxonomy":"post_tag","embeddable":true,"href":"https:\/\/arantv.az\/index.php?rest_route=%2Fwp%2Fv2%2Ftags&post=19660"}],"curies":[{"name":"wp","href":"https:\/\/api.w.org\/{rel}","templated":true}]}}