{"id":19670,"date":"2018-10-18T08:57:17","date_gmt":"2018-10-18T05:57:17","guid":{"rendered":"http:\/\/arantv.az\/?p=19670"},"modified":"2018-10-18T08:57:17","modified_gmt":"2018-10-18T05:57:17","slug":"18-oktyabr-az%c9%99rbaycanin-dovl%c9%99t-must%c9%99qilliyi-gunudur","status":"publish","type":"post","link":"https:\/\/arantv.az\/?p=19670","title":{"rendered":"18 oktyabr Az\u0259rbaycan\u0131n D\u00f6vl\u0259t M\u00fcst\u0259qilliyi G\u00fcn\u00fcd\u00fcr"},"content":{"rendered":"<p><strong>ARANTV.AZ<\/strong> x\u0259b\u0259r verir ki, 27 il \u0259vv\u0259l, 1991-ci il oktyabr\u0131n 18-d\u0259 Az\u0259rbaycan Ali Soveti D\u00f6vl\u0259t M\u00fcst\u0259qilliyi haqq\u0131nda Konstitusiya Akt\u0131 q\u0259bul etdi. 1993-c\u00fc ild\u0259 xalq\u0131n t\u0259kidli t\u0259l\u0259bi il\u0259 \u00f6lk\u0259mizd\u0259 ikinci d\u0259f\u0259 hakimiyy\u0259t\u0259 g\u0259l\u0259n \u00dcmummilli lider Heyd\u0259r \u018fliyev Az\u0259rbaycan\u0131n m\u00fcst\u0259qilliyini \u0259b\u0259di v\u0259 d\u00f6nm\u0259z etdi. Bu g\u00fcn m\u00fcst\u0259qil Az\u0259rbaycan, Prezident \u0130lham \u018fliyevin r\u0259hb\u0259rliyi il\u0259 art\u0131q d\u00fcnyada b\u00f6y\u00fck n\u00fcfuz v\u0259 s\u00f6z sahibin\u0259 \u00e7evrilib.<\/p>\n<p>XX \u0259srin sonlar\u0131nda d\u00fcnya siyasi m\u0259nz\u0259r\u0259sind\u0259 h\u00f6km s\u00fcr\u0259n yeni tendensiyalar fonunda Sovetl\u0259r Birliyi d\u00fcnya x\u0259rit\u0259sind\u0259n silindi. M\u00fcst\u0259qil d\u00f6vl\u0259tl\u0259rin meydana g\u0259lm\u0259si \u00fc\u00e7\u00fcn tarixi z\u0259rur\u0259t yarand\u0131 v\u0259 1991-ci il oktyabr\u0131n 18-d\u0259 Az\u0259rbaycan Ali Soveti d\u00f6vl\u0259t m\u00fcst\u0259qilliyi haqq\u0131nda Konstitusiya akt\u0131 q\u0259bul etdi. \u018fslind\u0259, Az\u0259rbaycanda m\u00fcst\u0259qil d\u00f6vl\u0259t quruculu\u011fu, h\u0259l\u0259 Sovetl\u0259r Birliyinin da\u011f\u0131lmas\u0131na bir il qalm\u0131\u015f Ulu \u00f6nd\u0259r Heyd\u0259r \u018fliyevin Nax\u00e7\u0131van Ali M\u0259clisin\u0259 r\u0259hb\u0259rlik etdiyi d\u00f6n\u0259ml\u0259rd\u0259n ba\u015flam\u0131\u015fd\u0131. 1990-ci il noyabr\u0131n 17-d\u0259 Az-n Demokratik Respublikas\u0131n\u0131n \u00fc\u00e7r\u0259ngli bayra\u011f\u0131n\u0131n Nax\u00e7\u0131van Muxtar Respublikas\u0131n\u0131n d\u00f6vl\u0259t bayra\u011f\u0131 kimi q\u0259bul olunmas\u0131 v\u0259 anoloji q\u0259rar\u0131n q\u0259bulu \u00fc\u00e7\u00fcn Az\u0259rbaycan Ali Soveti qar\u015f\u0131s\u0131nda v\u0259sad\u0259t qald\u0131r\u0131lmas\u0131 da bunun \u0259yani n\u00fcmun\u0259sidir.<\/p>\n<p>M\u00fcr\u0259kk\u0259b geosiyasi \u015f\u0259raitd\u0259 m\u00fcst\u0259qillik \u0259ld\u0259 ed\u0259n Az\u0259rbaycan erm\u0259ni separatizmi v\u0259 \u00f6lk\u0259daxili xaosla \u00fczl\u0259\u015fmi\u015fdi. 1993-c\u00fc il iyunun 4-d\u0259 G\u0259nc\u0259d\u0259 ba\u015f ver\u0259n hadis\u0259l\u0259r Az\u0259rbaycan\u0131 v\u0259t\u0259nda\u015f m\u00fcharib\u0259si v\u0259 d\u00f6vl\u0259t m\u00fcst\u0259qilliyini real t\u0259hl\u00fck\u0259 qar\u015f\u0131s\u0131nda qoymu\u015fdu. Bel\u0259 a\u011f\u0131r d\u00f6n\u0259md\u0259 milyonlar\u0131n t\u0259kidi il\u0259 siyasi hakimiyy\u0259t\u0259 qay\u0131dan Ulu \u00f6nd\u0259r Heyd\u0259r \u018fliyev Az\u0259rbaycan\u0131n taleyind\u0259ki nigaran\u00e7\u0131l\u0131\u011fa son qoydu, \u00f6lk\u0259ni v\u0259t\u0259nda\u015f m\u00fcharib\u0259si t\u0259hl\u00fck\u0259sind\u0259n qurtard\u0131. 1993-c\u00fc il iyunun 15-d\u0259 Ali Sovetin s\u0259dri se\u00e7ildi v\u0259 15 iyun tarix\u0259 \u201cMilli Qurtulu\u015f G\u00fcn\u00fc\u201d kimi daxil oldu. Heyd\u0259r \u018fliyev qar\u015f\u0131ya \u00e7\u0131xan b\u00fct\u00fcn s\u0259dl\u0259ri yard\u0131, q\u0131sa vaxtda m\u00fcst\u0259qil d\u00f6vl\u0259t\u00e7ilik konsepsiyas\u0131n\u0131 formala\u015fd\u0131rd\u0131. 1993-c\u00fc ilin oktyabr\u0131nda prezident se\u00e7kil\u0259rind\u0259 xalq yekdillikl\u0259 Heyd\u0259r \u018fliyevi Az\u0259rbaycan\u0131n Prezidenti se\u00e7di. Ulu \u00f6nd\u0259r Heyd\u0259r \u018fliyev d\u00f6vl\u0259t quru\u00e7ulu\u011fu prosesind\u0259 ordunu \u0259sas amil hesab edirdi v\u0259 bu sah\u0259d\u0259 vacib islahatlar apard\u0131. 1994-c\u00fc il may\u0131n 12-d\u0259 Erm\u0259nistan-Az\u0259rbaycan m\u00fcharib\u0259sind\u0259 at\u0259\u015fk\u0259s\u0259 nail oldu. 1994-c\u00fc ilin sentyabr\u0131nda is\u0259 \u201c\u018fsrin m\u00fcqavil\u0259si\u201dnin imzalanmas\u0131 il\u0259 Az\u0259rbaycan iri beyn\u0259lxalq layih\u0259l\u0259r\u0259 qo\u015fuldu, sabit inki\u015faf yoluna \u00e7\u0131xd\u0131, m\u00fcst\u0259qil d\u00f6vl\u0259tin qanunverici oqran\u0131 olan Milli M\u0259clis\u0259 ilk se\u00e7kil\u0259r ke\u00e7irildi, 1995-ci il noyabr\u0131n 12-d\u0259 Heyd\u0259r \u018fliyevin memar\u0131 oldu\u011fu ilk Konstitusiya q\u0259bul olundu, \u00f6lk\u0259mizd\u0259 senzura l\u0259\u011fv edildi. 2001-ci ild\u0259 is\u0259 Az\u0259rbaycan Respublikas\u0131 Avropa \u015euras\u0131na tamh\u00fcquqlu \u00fczv q\u0259bul olundu.<\/p>\n<p>2003-c\u00fc ild\u0259n sonra 2008, 2013 v\u0259 2018-ci ill\u0259rd\u0259 ke\u00e7iril\u0259n prezident se\u00e7kil\u0259rind\u0259 yenid\u0259n inaml\u0131 q\u0259l\u0259b\u0259 qazanan \u0130lham \u018fliyev prezidentliyi d\u00f6vr\u00fcnd\u0259 \u00fcmummilli lider Heyd\u0259r \u018fliyevin t\u0259m\u0259lini qoydu\u011fu v\u0259t\u0259nda\u015f birliyi platformas\u0131na s\u00f6yk\u0259n\u0259r\u0259k daxili ictimai-siyasi sabitliyi daha da m\u00f6hk\u0259ml\u0259ndirdi.\u00a0Az\u0259rbaycanda demokratik t\u0259sisatlar\u0131n m\u00f6hk\u0259ml\u0259ndirilm\u0259si, siyasi pl\u00fcralizm, insan h\u00fcquq v\u0259 azadl\u0131qlar\u0131n\u0131n t\u0259min edilm\u0259si, v\u0259t\u0259nda\u015f c\u0259miyy\u0259ti institutlar\u0131n\u0131n g\u00fccl\u0259ndirilm\u0259si istiqam\u0259tind\u0259 ard\u0131c\u0131l siyas\u0259t h\u0259yata ke\u00e7irildi. \u00d6lk\u0259mizd\u0259 s\u00f6z v\u0259 m\u0259lumat azadl\u0131\u011f\u0131n\u0131n t\u0259min olunmas\u0131, demokratik, pl\u00fcralist m\u0259tbuat\u0131n formala\u015fmas\u0131 d\u00f6vl\u0259t siyas\u0259tinin \u0259sas istiqam\u0259tl\u0259rind\u0259n biridir. Prezident \u0130lham \u018fliyevin \u00f6t\u0259n d\u00f6vrd\u0259 median\u0131n maddi-texniki bazas\u0131n\u0131n m\u00f6hk\u0259ml\u0259ndirilm\u0259si, jurnalistl\u0259rin sosial m\u00fcdafi\u0259sinin g\u00fccl\u0259ndirilm\u0259si istiqam\u0259tind\u0259 atd\u0131\u011f\u0131 add\u0131mlar deyil\u0259nl\u0259ri bir daha t\u0259sdiql\u0259yir.<\/p>\n<p>\u00d6lk\u0259nin iqtisadi inki\u015faf\u0131n\u0131n t\u0259min olunmas\u0131n\u0131 \u0259sas v\u0259zif\u0259l\u0259rd\u0259n birin\u0259 \u00e7evir\u0259n d\u00f6vl\u0259t ba\u015f\u00e7\u0131s\u0131n\u0131n f\u0259aliyy\u0259ti n\u0259tic\u0259sind\u0259 n\u0259h\u0259ng transmilli energetika v\u0259 n\u0259qliyyat layih\u0259l\u0259ri h\u0259yata ke\u00e7irildi, 2006-c\u0131 ild\u0259 X\u0259z\u0259r v\u0259 Aral\u0131q d\u0259nizl\u0259rini birl\u0259\u015fdir\u0259n Bak\u0131-Tbilisi-Ceyhan \u0259sas ixrac neft k\u0259m\u0259ri, 2007-ci ild\u0259 Bak\u0131-Tbilisi-\u018frzurum qaz k\u0259m\u0259ri istifad\u0259y\u0259 verildi. Avropan\u0131n enerji t\u0259hl\u00fck\u0259sizliyind\u0259 b\u00f6y\u00fck rol oynayan, uzunlu\u011fu 3500 kilometr, d\u0259y\u0259ri 40 milyard dollardan \u00e7ox olan C\u0259nub Qaz D\u0259hlizi v\u0259 onun t\u0259rkib hiss\u0259si olan TANAP boru k\u0259m\u0259ri r\u0259sm\u0259n f\u0259aliyy\u0259t\u0259 ba\u015flad\u0131. \u201cAz\u0259ri\u201d, \u201c\u00c7\u0131raq\u201d yataqlar\u0131n\u0131n v\u0259 \u201cG\u00fcn\u0259\u015fli\u201d yata\u011f\u0131n\u0131n d\u0259rinlikd\u0259 yerl\u0259\u015f\u0259n hiss\u0259sinin birg\u0259 i\u015fl\u0259nm\u0259si v\u0259 hasilat\u0131n pay b\u00f6lg\u00fcs\u00fc haqq\u0131nda Sazi\u015f\u201din m\u00fcdd\u0259ti 2050-ci il\u0259 q\u0259d\u0259r uzad\u0131ld\u0131. \u015e\u0259rq-Q\u0259rb v\u0259 \u015eimal-C\u0259nub beyn\u0259lxalq n\u0259qliyyat d\u0259hlizl\u0259rinin yarad\u0131lmas\u0131 istiqam\u0259tind\u0259 i\u015fl\u0259r\u0259 ba\u015fland\u0131. Az\u0259rbaycan beyn\u0259lxalq n\u0259qliyyat d\u0259hlizl\u0259rind\u0259 f\u0259al i\u015ftirak etm\u0259kl\u0259 Avrasiyada m\u00fch\u00fcm tranzit v\u0259 logistika m\u0259rk\u0259zl\u0259rind\u0259n birin\u0259 \u00e7evrildi. Bunu Avropa v\u0259 Asiyan\u0131 birl\u0259\u015fdir\u0259n Bak\u0131-Tbilisi-Qars d\u0259mir yolunun tikintisinin u\u011furla ba\u015fa \u00e7atd\u0131r\u0131lmas\u0131 da t\u0259sdiql\u0259yir. Bundan \u0259lav\u0259, \u00f6lk\u0259mizi qon\u015fu d\u00f6vl\u0259tl\u0259rl\u0259 birl\u0259\u015fdir\u0259n yeni magistral yollar\u0131 tikildi. X\u0259z\u0259rd\u0259 \u0259n b\u00f6y\u00fck \u018fl\u0259t D\u0259niz Ticar\u0259t Liman\u0131 f\u0259aliyy\u0259t\u0259 ba\u015flay\u0131b. Bak\u0131da b\u00f6lg\u0259nin \u0259n b\u00f6y\u00fck G\u0259miqay\u0131rma zavodu in\u015fa olunub. Paytaxt da daxil olmaqla b\u00f6lg\u0259l\u0259rd\u0259 7 hava liman\u0131 yenid\u0259n qurularaq istifad\u0259y\u0259 verilib. Az\u0259rbaycan hava yollar\u0131n\u0131n t\u0259yyar\u0259 park\u0131 tamamil\u0259 yenil\u0259nib.<\/p>\n<p>Az\u0259rbaycan, eyni zamanda regionda elektrik enerjisi ixracat\u00e7\u0131s\u0131na \u00e7evrilib. \u00d6lk\u0259d\u0259 N\u0259h\u0259ng O\u011fuz-Q\u0259b\u0259l\u0259-Bak\u0131 su k\u0259m\u0259ri layih\u0259si icra edilib, Ceyranbatanda d\u00fcnyan\u0131n \u0259n b\u00f6y\u00fck sut\u0259mizl\u0259yici qur\u011fusu in\u015fa olunub.<\/p>\n<p>M\u00fcst\u0259qillik ill\u0259rinin \u0259n b\u00f6y\u00fck u\u011furlar\u0131ndan biri d\u0259 Az\u0259rbaycan\u0131n kosmik s\u0259nayesinin s\u00fcr\u0259tli inki\u015faf\u0131, \u00f6lk\u0259mizin ad\u0131n\u0131n azsayl\u0131 kosmik \u00f6lk\u0259l\u0259r s\u0131ras\u0131nda yer almas\u0131d\u0131r. \u0130lham \u018fliyevin prezidentliyi d\u00f6vr\u00fcnd\u0259 Az\u0259rbaycan d\u00fcnyada say\u0131 m\u0259hdud olan kosmik \u00f6lk\u0259l\u0259r s\u0131ras\u0131na qo\u015fulub. 2013-c\u00fc ild\u0259 Az\u0259rbaycan\u0131n ilk telekommunikasiya peyki \u201cAzerspace-1\u201d orbit\u0259 burax\u0131l\u0131b. Bunun ard\u0131nca Yer s\u0259thini m\u00fc\u015fahid\u0259 ed\u0259n \u201cAzersky\u201d, 2018-ci ilin sentyabr\u0131nda is\u0259 \u201cAzerspace-2\u201d peyki orbit\u0259 \u00e7\u0131xar\u0131l\u0131b.<\/p>\n<p>Az\u0259rbaycan iqtisadiyyat\u0131 ayr\u0131-ayr\u0131 sah\u0259l\u0259r \u00fczr\u0259 d\u0259f\u0259l\u0259rl\u0259 art\u0131b. 2003-2018-ci ill\u0259rd\u0259 \u00f6lk\u0259 iqtisadiyyat\u0131na 250 milyard dollar investisiya qoyulub. Davos D\u00fcnya \u0130qtisadi Forumu Az\u0259rbaycan iqtisadiyyat\u0131n\u0131 r\u0259qab\u0259tqabiliyy\u0259tliliyin\u0259 g\u00f6r\u0259 d\u00fcnyada 35-ci, \u00fcmumi infrastrukturun inki\u015faf\u0131na g\u00f6r\u0259 26-c\u0131 yerd\u0259 q\u0259rarla\u015fd\u0131r\u0131b, \u201c\u0130nkl\u00fcziv inki\u015faf indeksi\u201dnd\u0259 is\u0259 \u00f6lk\u0259miz 3-c\u00fc yerd\u0259dir. Qeyri-neft sektorunun inki\u015faf\u0131na x\u00fcsusi diqq\u0259t g\u00f6st\u0259r\u0259n Prezident \u0130lham \u018fliyevin xidm\u0259tl\u0259ri say\u0259sind\u0259 \u00f6lk\u0259d\u0259 m\u00fcasir texnologiyalar\u0131n t\u0259tbiq olundu\u011fu \u00e7oxsayl\u0131 istehsal y\u00f6n\u00fcml\u00fc m\u00fc\u0259ssis\u0259l\u0259r a\u00e7\u0131l\u0131b, s\u0259nayel\u0259\u015fm\u0259 siyas\u0259ti \u00e7\u0259r\u00e7iv\u0259sind\u0259 regionlarda yeni s\u0259naye zonalar\u0131 yarad\u0131l\u0131b. \u00d6lk\u0259nin sosial-m\u0259d\u0259ni v\u0259 t\u0259s\u0259rr\u00fcfat infrastrukturu tamamil\u0259 yenil\u0259nib. Minl\u0259rl\u0259 m\u0259kt\u0259b, y\u00fczl\u0259rl\u0259 tibb m\u00fc\u0259ssis\u0259si tikilib. \u00d6lk\u0259d\u0259 1,9 milyon yeni i\u015f yeri a\u00e7\u0131l\u0131b, maa\u015flar 5, pensiyalar is\u0259 8 d\u0259f\u0259d\u0259n \u00e7ox art\u0131r\u0131l\u0131b, i\u015fsizlik s\u0259viyy\u0259si 5 faiz\u0259, yoxsulluq is\u0259 49 faizd\u0259n 5,4 faiz\u0259 endirilib. Regionlar\u0131n inki\u015faf\u0131 il\u0259 ba\u011fl\u0131 q\u0259bul olunan d\u00f6vl\u0259t proqramlar\u0131 say\u0259sind\u0259 Az\u0259rbaycan\u0131n b\u00f6lg\u0259l\u0259ri daha da \u00e7i\u00e7\u0259kl\u0259nib. Turizmin inki\u015faf\u0131 il\u0259 ba\u011fl\u0131 kompleks t\u0259dbirl\u0259r g\u00f6r\u00fcl\u00fcb, paytaxtda v\u0259 b\u00f6lg\u0259l\u0259rd\u0259 5 ulduzlu otell\u0259rin tikilib istifad\u0259y\u0259 verilm\u0259si geni\u015f v\u00fcs\u0259t al\u0131b, \u00f6lk\u0259miz\u0259 turist ax\u0131n\u0131n\u0131 g\u00fccl\u0259ndirm\u0259k \u00fc\u00e7\u00fcn Asan Vizan\u0131n t\u0259tbiqin\u0259 ba\u015flan\u0131b.<\/p>\n<p>D\u00f6vl\u0259t ba\u015f\u00e7\u0131s\u0131n\u0131n t\u0259\u015f\u0259bb\u00fcs\u00fc il\u0259 \u0259n\u0259n\u0259vi k\u0259nd t\u0259s\u0259rr\u00fcfat\u0131 sah\u0259l\u0259rinin geni\u015fl\u0259ndirilm\u0259si istiqam\u0259tind\u0259 g\u00f6r\u00fcl\u0259n i\u015fl\u0259r \u00f6lk\u0259nin ixrac potensial\u0131n\u0131 \u0259h\u0259miyy\u0259tli d\u0259r\u0259c\u0259d\u0259 art\u0131r\u0131b. \u00d6lk\u0259d\u0259 ictimai v\u0259 sosial xidm\u0259tl\u0259r sah\u0259sind\u0259 ciddi institusional islahatlar apar\u0131l\u0131b, d\u00f6vl\u0259t orqanlar\u0131n\u0131n \u0259haliy\u0259 g\u00f6st\u0259rdiyi xidm\u0259tl\u0259ri vahid sistemd\u0259 birl\u0259\u015fdir\u0259n v\u0259 d\u00fcnyada Az\u0259rbaycan brendi kimi tan\u0131nan \u201cASAN xidm\u0259t\u201d m\u0259rk\u0259zl\u0259ri yarad\u0131l\u0131b.<\/p>\n<p>Az\u0259rbaycan\u0131n m\u00fcst\u0259qillik ill\u0259rind\u0259 qazand\u0131\u011f\u0131 \u0259n b\u00f6y\u00fck nailiyy\u0259tl\u0259rd\u0259n biri d\u0259 q\u00fcdr\u0259tli Orduya sahib olmas\u0131d\u0131r. Haz\u0131rda d\u00fcnyan\u0131n \u0259n g\u00fccl\u00fc 50 ordusu s\u0131ras\u0131nda olan Az\u0259rbaycan Silahl\u0131 Q\u00fcvv\u0259l\u0259ri m\u00f6ht\u0259\u015f\u0259m q\u0259l\u0259b\u0259l\u0259r\u0259 imza at\u0131r. 2016-c\u0131 il aprelind\u0259 Erm\u0259nistan\u0131n n\u00f6vb\u0259ti h\u0259rbi t\u0259xribat\u0131 il\u0259 \u00fczl\u0259\u015f\u0259n ordumuzun \u0259ks-h\u00fccuma ke\u00e7\u0259r\u0259k A\u011fd\u0259r\u0259, C\u0259bray\u0131l, F\u00fczuli rayonlar\u0131n\u0131n iki min hektar \u0259razisini i\u015f\u011faldan azad etm\u0259si, 2018-ci ild\u0259 is\u0259 Nax\u00e7\u0131van Muxtar Respublikas\u0131n\u0131n 11 min hektardan \u00e7ox \u0259razisini d\u00fc\u015fm\u0259n n\u0259zar\u0259tind\u0259n \u00e7\u0131xarmas\u0131 dedikl\u0259rimizi bir daha t\u0259sdiql\u0259yir.<\/p>\n<p><strong>Az\u0259rbaycan Silahl\u0131 Q\u00fcvv\u0259l\u0259rinin yarad\u0131lmas\u0131n\u0131n 100 illik yubileyi m\u00fcnasib\u0259til\u0259 Bak\u0131da Azadl\u0131q meydan\u0131nda ke\u00e7iril\u0259n t\u0259nt\u0259n\u0259li h\u0259rbi parad, paradda 240-dan \u00e7ox h\u0259rbi texnika, g\u0259mil\u0259r, 70-d\u0259n art\u0131q u\u00e7u\u015f vasit\u0259si, o c\u00fcml\u0259d\u0259n silahlanmaya yeni q\u0259bul edilmi\u015f \u0259n m\u00fcasir zirehli texnikalar, raket v\u0259 artilleriya qur\u011fular\u0131, hava h\u00fccumundan m\u00fcdafi\u0259 sisteml\u0259ri, helikopterl\u0259r, pilotsuz u\u00e7u\u015f aparatlar\u0131 kimi m\u00fcxt\u0259lif n\u00f6v \u0259n yeni silah v\u0259 texnikalar\u0131n n\u00fcmayi\u015fi d\u0259 Milli Ordumuzun q\u00fcdr\u0259tini bir daha g\u00f6z \u00f6n\u00fcn\u0259 g\u0259tirdi. Sentyabr\u0131n 15-d\u0259 paytaxt\u0131m\u0131zda, Azadl\u0131q meydan\u0131nda Bak\u0131 \u015f\u0259h\u0259rinin azad edilm\u0259sinin 100 illiyin\u0259 h\u0259sr olunmu\u015f parad da m\u00fcst\u0259qil Az\u0259rbaycan\u0131n d\u00fcnyan\u0131n \u0259n m\u00fcasir v\u0259 g\u00fccl\u00fc Orduya sahib oldu\u011funu g\u00f6st\u0259rdi.<\/strong><\/p>\n<p>Prezident \u0130lham \u018fliyev Erm\u0259nistan-Az\u0259rbaycan, Da\u011fl\u0131q Qaraba\u011f m\u00fcnaqi\u015f\u0259si il\u0259 ba\u011fl\u0131 prinsipial m\u00f6vqeyini h\u0259r zaman qoruyub saxlay\u0131b. O, d\u0259f\u0259l\u0259rl\u0259 b\u0259yan edib ki, \u201cAz\u0259rbaycan he\u00e7 vaxt \u00f6z \u0259razi b\u00fct\u00f6vl\u00fcy\u00fcn\u00fcn pozulmas\u0131 il\u0259 bar\u0131\u015fmayacaq, torpaqlar\u0131nda ikinci erm\u0259ni d\u00f6vl\u0259tinin yaranmas\u0131na yol verm\u0259y\u0259c\u0259k.<\/p>\n<p>Prezident \u0130lham \u018fliyevin milli maraqlara s\u00f6yk\u0259n\u0259n xarici siyas\u0259ti n\u0259tic\u0259sind\u0259 Az\u0259rbaycan m\u00fcst\u0259qil m\u00f6vqeyi il\u0259 se\u00e7il\u0259n d\u00f6vl\u0259t kimi tan\u0131n\u0131b, onun beyn\u0259lxalq n\u00fcfuzu y\u00fcks\u0259lib. 2011-ci ild\u0259 Az\u0259rbaycan 155 d\u00f6vl\u0259tin d\u0259st\u0259yi il\u0259 BMT T\u0259hl\u00fck\u0259sizlik \u015euras\u0131na qeyri-daimi \u00fczv se\u00e7ilib, 120 d\u00f6vl\u0259tin t\u0259msil olundu\u011fu Qo\u015fulmama H\u0259r\u0259kat\u0131na \u00fczv q\u0259bul olunub. Az\u0259rbaycan Avropa \u0130ttifaq\u0131na \u00fczv 9 \u00f6lk\u0259 il\u0259 strateji t\u0259r\u0259fda\u015fl\u0131q \u0259laq\u0259l\u0259ri qurub. Bu n\u0259tic\u0259nin \u0259ld\u0259 olunmas\u0131nda \u00f6lk\u0259mizin d\u00fcnyada formala\u015fd\u0131rd\u0131\u011f\u0131 m\u00fcsb\u0259t imicin, Az\u0259rbaycana olan inam v\u0259 etimad b\u00f6y\u00fck rol oynay\u0131b.<\/p>\n<p>Multikulturalizm v\u0259 tolerantl\u0131q \u0259n\u0259n\u0259l\u0259rinin ya\u015fad\u0131lmas\u0131 da m\u00fcst\u0259qil Az\u0259rbaycan d\u00f6vl\u0259tinin h\u0259r zaman diqq\u0259t m\u0259rk\u0259zind\u0259dir. Bu g\u00fcn d\u00fcnyada sivilizasiyalar v\u0259 m\u0259d\u0259niyy\u0259tl\u0259raras\u0131 dialoq m\u0259kan\u0131 kimi tan\u0131nan, m\u0259hz bu keyfiyy\u0259tl\u0259ri il\u0259 Roma Papas\u0131 Fransiskin Bak\u0131ya s\u0259f\u0259rini \u015f\u0259rtl\u0259ndir\u0259n Az\u0259rbaycan n\u00fcfuzlu beyn\u0259lxalq forumlar\u0131n ke\u00e7irilm\u0259 m\u0259kan\u0131na \u00e7evrilib.<\/p>\n<p>Bu g\u00fcn Az\u0259rbaycan h\u0259m d\u0259 idman \u00f6lk\u0259si kimi tan\u0131n\u0131r. \u0130dman\u00e7\u0131lar\u0131m\u0131z sonuncu Rio Olimpiyadas\u0131nda 18 medal qazanmaqla tarixi rekorda imza at\u0131blar. Az\u0259rbaycan, 2015-ci ild\u0259 tarixd\u0259 ilk d\u0259f\u0259 ke\u00e7iril\u0259n Avropa Oyunlar\u0131na, 2017-ci ild\u0259 is\u0259 IV \u0130slam H\u0259mr\u0259yliyi Oyunlar\u0131na ev sahibliyi edib. 2016-c\u0131 ild\u0259n etibar\u0259n Bak\u0131da h\u0259r il \u00fcmumi auditoriyas\u0131 500 milyon n\u0259f\u0259rd\u0259n \u00e7ox olan \u201cFormula 1\u201d yar\u0131\u015flar\u0131 t\u0259\u015fkil edilir. Xalq\u0131m\u0131z\u0131n ke\u00e7diyi tarixi m\u0259rh\u0259l\u0259l\u0259r, milli ideologiyam\u0131z\u0131n \u0259sas prinsipl\u0259ri bu g\u00fcn Az\u0259rbaycan d\u00f6vl\u0259tinin y\u00fcr\u00fctd\u00fcy\u00fc siyas\u0259td\u0259 tam m\u0259nas\u0131 il\u0259 ifad\u0259 olunub. Bunun t\u0259m\u0259lind\u0259 is\u0259 q\u0259dim tariximiz\u0259, \u015fanl\u0131 ke\u00e7mi\u015fimiz\u0259, z\u0259ngin m\u0259d\u0259ni irsimiz\u0259 v\u0259 \u0259lb\u0259tt\u0259 ki, ana dilin\u0259, \u0259d\u0259biyyat\u0131na olan m\u0259h\u0259bb\u0259t dayan\u0131b. Az\u0259rbaycan m\u0259d\u0259niyy\u0259tinin sora\u011f\u0131 haz\u0131rda b\u00f6y\u00fck s\u0259hn\u0259l\u0259rd\u0259n g\u0259lir, \u00f6lk\u0259mizi t\u0259bli\u011fin\u0259 xidm\u0259t edir. Musiqimizin t\u0259m\u0259l da\u015f\u0131 olan mu\u011fam art\u0131q d\u00fcnya musiqisin\u0259 \u00e7evirilib. 2012-ci ild\u0259 Bak\u0131da ke\u00e7iril\u0259n beyn\u0259lxalq \u201cEvrovijn\u201d mahn\u0131 yar\u0131\u015fmas\u0131n\u0131n u\u011furlu t\u0259\u015fkili g\u00f6st\u0259rib ki, \u00f6lk\u0259mizin malik oldu\u011fu m\u0259d\u0259ni d\u0259y\u0259rl\u0259r mill\u0259tl\u0259rin v\u0259 xalqlar\u0131n maraq dair\u0259sind\u0259n he\u00e7 vaxt \u00e7\u0131xmay\u0131b v\u0259 son ill\u0259rin Az\u0259rbaycan\u0131 bu q\u0259na\u0259ti daha da m\u00f6hk\u0259ml\u0259ndirib. Prezident \u0130lham \u018fliyevin r\u0259hb\u0259rliyi alt\u0131nda Az\u0259rbaycan bir s\u0131ra qabaqc\u0131l \u00f6lk\u0259l\u0259rin onillikl\u0259r \u0259rzind\u0259 ke\u00e7diyi inki\u015faf m\u0259rh\u0259l\u0259sini s\u00fcr\u0259tl\u0259 adlayaraq b\u00f6y\u00fck naliyy\u0259t\u0259 imza at\u0131b. M\u0259hz Prezident \u0130lham \u018fliyevin xidm\u0259tl\u0259ri say\u0259sind\u0259 \u00f6lk\u0259mizin m\u00fcst\u0259qillik dayaqlar\u0131 daha da m\u00f6hk\u0259ml\u0259nib, Az\u0259rbaycan\u0131n \u0259ld\u0259 etdiyi u\u011furlar, n\u00fcmayi\u015f etdirdiyi q\u0259tiyy\u0259t s\u00fcbut edib ki, xalq\u0131m\u0131z m\u00fcst\u0259qil ya\u015fama\u011fa v\u0259 \u00f6z d\u00f6vl\u0259t\u00e7ilik \u0259n\u0259n\u0259l\u0259rini qoruyub saxlama\u011fa qadirdir, Az\u0259rbaycan\u0131n m\u00fcst\u0259qilliyi \u0259b\u0259didir, d\u00f6nm\u0259zdir v\u0259 sars\u0131lmazd\u0131r.<\/p>\n","protected":false},"excerpt":{"rendered":"<p>ARANTV.AZ x\u0259b\u0259r verir ki, 27 il \u0259vv\u0259l, 1991-ci il oktyabr\u0131n 18-d\u0259 Az\u0259rbaycan Ali Soveti D\u00f6vl\u0259t M\u00fcst\u0259qilliyi haqq\u0131nda Konstitusiya Akt\u0131 q\u0259bul etdi. 1993-c\u00fc ild\u0259 xalq\u0131n t\u0259kidli t\u0259l\u0259bi il\u0259 \u00f6lk\u0259mizd\u0259 ikinci d\u0259f\u0259 hakimiyy\u0259t\u0259 g\u0259l\u0259n \u00dcmummilli lider Heyd\u0259r \u018fliyev Az\u0259rbaycan\u0131n m\u00fcst\u0259qilliyini \u0259b\u0259di v\u0259 d\u00f6nm\u0259z etdi. Bu g\u00fcn m\u00fcst\u0259qil Az\u0259rbaycan, Prezident \u0130lham \u018fliyevin r\u0259hb\u0259rliyi il\u0259 art\u0131q d\u00fcnyada b\u00f6y\u00fck n\u00fcfuz v\u0259 s\u00f6z sahibin\u0259 \u00e7evrilib. XX \u0259srin sonlar\u0131nda d\u00fcnya siyasi m\u0259nz\u0259r\u0259sind\u0259 h\u00f6km s\u00fcr\u0259n yeni tendensiyalar fonunda Sovetl\u0259r Birliyi d\u00fcnya x\u0259rit\u0259sind\u0259n silindi. M\u00fcst\u0259qil d\u00f6vl\u0259tl\u0259rin meydana g\u0259lm\u0259si \u00fc\u00e7\u00fcn tarixi z\u0259rur\u0259t yarand\u0131 v\u0259 1991-ci il oktyabr\u0131n 18-d\u0259 Az\u0259rbaycan Ali&hellip;<\/p>\n","protected":false},"author":2,"featured_media":19671,"comment_status":"closed","ping_status":"closed","sticky":false,"template":"","format":"standard","meta":{"om_disable_all_campaigns":false,"_monsterinsights_skip_tracking":false,"_monsterinsights_sitenote_active":false,"_monsterinsights_sitenote_note":"","_monsterinsights_sitenote_category":0},"categories":[19],"tags":[],"aioseo_notices":[],"gutentor_comment":0,"rttpg_featured_image_url":{"full":["https:\/\/arantv.az\/wp-content\/uploads\/2018\/10\/jqjvopksl3fhvc2pt9umv53j15bay.jpg",549,326,false],"landscape":["https:\/\/arantv.az\/wp-content\/uploads\/2018\/10\/jqjvopksl3fhvc2pt9umv53j15bay.jpg",549,326,false],"portraits":["https:\/\/arantv.az\/wp-content\/uploads\/2018\/10\/jqjvopksl3fhvc2pt9umv53j15bay.jpg",549,326,false],"thumbnail":["https:\/\/arantv.az\/wp-content\/uploads\/2018\/10\/jqjvopksl3fhvc2pt9umv53j15bay-150x150.jpg",150,150,true],"medium":["https:\/\/arantv.az\/wp-content\/uploads\/2018\/10\/jqjvopksl3fhvc2pt9umv53j15bay-300x178.jpg",300,178,true],"large":["https:\/\/arantv.az\/wp-content\/uploads\/2018\/10\/jqjvopksl3fhvc2pt9umv53j15bay.jpg",549,326,false],"1536x1536":["https:\/\/arantv.az\/wp-content\/uploads\/2018\/10\/jqjvopksl3fhvc2pt9umv53j15bay.jpg",549,326,false],"2048x2048":["https:\/\/arantv.az\/wp-content\/uploads\/2018\/10\/jqjvopksl3fhvc2pt9umv53j15bay.jpg",549,326,false],"post-thumbnail":["https:\/\/arantv.az\/wp-content\/uploads\/2018\/10\/jqjvopksl3fhvc2pt9umv53j15bay-240x172.jpg",240,172,true],"advps-thumb-one":["https:\/\/arantv.az\/wp-content\/uploads\/2018\/10\/jqjvopksl3fhvc2pt9umv53j15bay.jpg",549,326,false]},"rttpg_author":{"display_name":"V\u00fcsal Rafiqo\u011flu","author_link":"https:\/\/arantv.az\/?author=2"},"rttpg_comment":0,"rttpg_category":"<a href=\"https:\/\/arantv.az\/?cat=19\" rel=\"category\">G\u00fcnd\u0259m<\/a>","rttpg_excerpt":"ARANTV.AZ x\u0259b\u0259r verir ki, 27 il \u0259vv\u0259l, 1991-ci il oktyabr\u0131n 18-d\u0259 Az\u0259rbaycan Ali Soveti D\u00f6vl\u0259t M\u00fcst\u0259qilliyi haqq\u0131nda Konstitusiya Akt\u0131 q\u0259bul etdi. 1993-c\u00fc ild\u0259 xalq\u0131n t\u0259kidli t\u0259l\u0259bi il\u0259 \u00f6lk\u0259mizd\u0259 ikinci d\u0259f\u0259 hakimiyy\u0259t\u0259 g\u0259l\u0259n \u00dcmummilli lider Heyd\u0259r \u018fliyev Az\u0259rbaycan\u0131n m\u00fcst\u0259qilliyini \u0259b\u0259di v\u0259 d\u00f6nm\u0259z etdi. Bu g\u00fcn m\u00fcst\u0259qil Az\u0259rbaycan, Prezident \u0130lham \u018fliyevin r\u0259hb\u0259rliyi il\u0259 art\u0131q d\u00fcnyada b\u00f6y\u00fck n\u00fcfuz&hellip;","_links":{"self":[{"href":"https:\/\/arantv.az\/index.php?rest_route=\/wp\/v2\/posts\/19670"}],"collection":[{"href":"https:\/\/arantv.az\/index.php?rest_route=\/wp\/v2\/posts"}],"about":[{"href":"https:\/\/arantv.az\/index.php?rest_route=\/wp\/v2\/types\/post"}],"author":[{"embeddable":true,"href":"https:\/\/arantv.az\/index.php?rest_route=\/wp\/v2\/users\/2"}],"replies":[{"embeddable":true,"href":"https:\/\/arantv.az\/index.php?rest_route=%2Fwp%2Fv2%2Fcomments&post=19670"}],"version-history":[{"count":0,"href":"https:\/\/arantv.az\/index.php?rest_route=\/wp\/v2\/posts\/19670\/revisions"}],"wp:featuredmedia":[{"embeddable":true,"href":"https:\/\/arantv.az\/index.php?rest_route=\/wp\/v2\/media\/19671"}],"wp:attachment":[{"href":"https:\/\/arantv.az\/index.php?rest_route=%2Fwp%2Fv2%2Fmedia&parent=19670"}],"wp:term":[{"taxonomy":"category","embeddable":true,"href":"https:\/\/arantv.az\/index.php?rest_route=%2Fwp%2Fv2%2Fcategories&post=19670"},{"taxonomy":"post_tag","embeddable":true,"href":"https:\/\/arantv.az\/index.php?rest_route=%2Fwp%2Fv2%2Ftags&post=19670"}],"curies":[{"name":"wp","href":"https:\/\/api.w.org\/{rel}","templated":true}]}}