{"id":19677,"date":"2018-10-18T09:21:45","date_gmt":"2018-10-18T06:21:45","guid":{"rendered":"http:\/\/arantv.az\/?p=19677"},"modified":"2018-10-18T09:21:45","modified_gmt":"2018-10-18T06:21:45","slug":"sumqayitda-iki-qardasdan-d%c9%99hs%c9%99tli-%c9%99m%c9%99l-qohumlarini-yer%c9%99-yixdilar-sonra","status":"publish","type":"post","link":"https:\/\/arantv.az\/?p=19677","title":{"rendered":"Sumqay\u0131tda iki qarda\u015fdan D\u018fH\u015e\u018fTL\u0130 \u018fM\u018fL: qohumlar\u0131n\u0131 yer\u0259 y\u0131xd\u0131lar, sonra&#8230;"},"content":{"rendered":"<p><strong>Sumqay\u0131t \u015f\u0259h\u0259rind\u0259 cinay\u0259t t\u00f6r\u0259tm\u0259kd\u0259 t\u0259qsirli bilin\u0259n Beyl\u0259qan rayon sakini, 1988-ci il t\u0259v\u0259ll\u00fcdl\u00fc Elvin Cavadov v\u0259 onun qarda\u015f\u0131, 1987-ci il t\u0259v\u0259ll\u00fcdl\u00fc Emin Cavadovun cinay\u0259t i\u015fi \u00fczr\u0259 m\u0259hk\u0259m\u0259 prosesi ba\u015fa \u00e7at\u0131b.<\/strong><\/p>\n<p><b>ARANTV.AZ\u00a0<\/b>x\u0259b\u0259r verir ki, Elvin Cavadov 21 yanvar 2016-c\u0131 il tarixd\u0259, saat 11 rad\u0259l\u0259rind\u0259 Sumqay\u0131t \u015f\u0259h\u0259ri, 4-c\u00fc mikrorayon \u0259razisind\u0259 yerl\u0259\u015f\u0259n \u201cUcuzluq\u201d ma\u011fazas\u0131nda qarda\u015f\u0131 Eminl\u0259 birlikd\u0259 qabaqcadan \u0259lbir olan bir qrup \u015f\u0259xs hal\u0131nda qohumu Mira\u011fa Bayramova qar\u015f\u0131 zorak\u0131l\u0131q edib.<\/p>\n<p><strong>Q\u0131zla dan\u0131\u015fan o\u011flan d\u00f6y\u00fcld\u00fc<\/strong><\/p>\n<p>Onlar Mira\u011fan\u0131n h\u0259min ma\u011fazada sat\u0131c\u0131 i\u015fl\u0259y\u0259n \u015e\u0259fiq\u0259 \u018flizad\u0259 il\u0259 s\u00f6hb\u0259tl\u0259rin\u0259 he\u00e7 bir s\u0259b\u0259b olmadan m\u00fcdaxil\u0259 edibl\u0259r. Mira\u011fa Bayramov v\u0259 ma\u011fazada olan qeyri-m\u00fc\u0259yy\u0259n \u015f\u0259xsl\u0259r\u0259 qar\u015f\u0131 zorak\u0131l\u0131q g\u00f6st\u0259ribl\u0259r.<\/p>\n<p><strong>Xuliqanl\u0131q ittiham\u0131<\/strong><\/p>\n<p>Daha sonra Emin Mira\u011faya badalaq vuraraq yer\u0259 y\u0131x\u0131b, ona \u00e7oxlu sayda t\u0259pik z\u0259rb\u0259l\u0259ri endirib. Bununla da Mira\u011fa Bayramov x\u0259sar\u0259t al\u0131b.<\/p>\n<p>\u0130stintaq orqan\u0131 t\u0259r\u0259find\u0259n h\u0259r iki t\u0259qsirl\u0259ndiril\u0259n \u015f\u0259xs\u0259 qar\u015f\u0131 Cinay\u0259t M\u0259c\u0259ll\u0259sinin 221.2.1-ci (bir qrup \u015f\u0259xs t\u0259r\u0259find\u0259n v\u0259 ya t\u0259krar xuliqanl\u0131q t\u00f6r\u0259tm\u0259k) madd\u0259si il\u0259 ittiham elan edilib.<\/p>\n<p><strong>\u0130slah c\u0259zas\u0131<\/strong><\/p>\n<p>Sumqay\u0131t \u015f\u0259h\u0259r M\u0259hk\u0259m\u0259sinin h\u00f6km\u00fc il\u0259 Elvin Cavadov 1 il 11 ay 24 g\u00fcn, Emin Cavadov is\u0259 1 il 11 ay 27 g\u00fcn m\u00fcdd\u0259tin\u0259 islah i\u015fl\u0259ri c\u0259zas\u0131na m\u0259hkum olunublar.<\/p>\n<p>H\u00f6kmd\u0259n naraz\u0131 qalan Elvin Cavadov v\u0259 Emin Cavadov apelyasiya \u015fikay\u0259ti veribl\u0259r, onlar bar\u0259l\u0259rind\u0259 b\u0259ra\u0259t verilm\u0259sini xahi\u015f edibl\u0259r.<\/p>\n<p><strong>F\u0259rqli \u015fikay\u0259tl\u0259r<\/strong><\/p>\n<div id=\"AdributorNativeVideo0\" class=\"AdributorNativeVideo\"><\/div>\n<p>H\u0259m\u00e7inin z\u0259r\u0259r\u00e7\u0259kmi\u015fin n\u00fcmay\u0259nd\u0259si d\u0259 apelyasiya \u015fikay\u0259ti verib. N\u00fcmay\u0259nd\u0259 birinci instansiya m\u0259hk\u0259m\u0259sinin h\u00f6km\u00fcn\u00fcn l\u0259\u011fv edilm\u0259sini, t\u0259qsirl\u0259ndiril\u0259n \u015f\u0259xsl\u0259r\u0259 daha a\u011f\u0131r ittiham verilm\u0259si \u00fc\u00e7\u00fcn i\u015fin prokurorlu\u011fa qaytar\u0131lmas\u0131n\u0131 ist\u0259yib.<\/p>\n<p>H\u00f6kmd\u0259n prokuror t\u0259r\u0259find\u0259n d\u0259 apelyasiya protesti verilib. Prokuror qeyd edib ki, birinci instansiya m\u0259hk\u0259m\u0259sinin h\u00f6km\u00fc l\u0259\u011fv edilm\u0259lidir, t\u0259qsirl\u0259ndiril\u0259n \u015f\u0259xsl\u0259r\u0259 qar\u015f\u0131 c\u0259za daha a\u011f\u0131r\u0131 il\u0259 \u0259v\u0259z olunmal\u0131d\u0131r.<\/p>\n<p><strong>H\u00f6km d\u0259yi\u015fm\u0259di, protest verildi<\/strong><\/p>\n<p>Bir m\u00fcdd\u0259t \u0259vv\u0259l Sumqay\u0131t Apelyasiya M\u0259hk\u0259m\u0259sind\u0259 bu \u015fikay\u0259tl\u0259r \u00fczr\u0259 ara\u015fd\u0131rma apar\u0131l\u0131b. Hakim hey\u0259ti h\u00f6km\u00fc d\u0259yi\u015fiklik ets\u0259 d\u0259, c\u0259za d\u0259yi\u015fdirilm\u0259yib, apelyasiya \u015fikay\u0259tl\u0259ri t\u0259min olunmay\u0131b.<\/p>\n<p>Bundan sonra prokurorluq kasasiya protesti verib. Ali M\u0259hk\u0259m\u0259d\u0259 i\u015f\u0259 baxan hakiml\u0259r Sumqay\u0131t Apelyasiya M\u0259hk\u0259m\u0259sinin q\u0259rar\u0131n\u0131 l\u0259\u011fv edib, i\u015fin yenid\u0259n apelyasiya instansiyas\u0131nda ara\u015fd\u0131r\u0131lmas\u0131 bar\u0259d\u0259 q\u0259rar q\u0259bul edib.<\/p>\n<p>Sumqay\u0131t Apelyasiya M\u0259hk\u0259m\u0259sind\u0259 bu d\u0259f\u0259 \u015fikay\u0259tl\u0259r hakim F\u0259rmay\u0131l Zeynall\u0131n\u0131n s\u0259drlik etdiyi kollegiyada ara\u015fd\u0131r\u0131l\u0131b.<\/p>\n<p><strong>C\u0259za d\u0259yi\u015fm\u0259di<\/strong><\/p>\n<p>Apelyasiya protesti v\u0259 \u015fikay\u0259tl\u0259rinin d\u0259lill\u0259rini ara\u015fd\u0131ran hakim hey\u0259ti sonda q\u0259rar elan edib. Bu yax\u0131nlarda a\u00e7\u0131qlanan q\u0259rara g\u00f6r\u0259, prokurorun protesti t\u0259min olunub.<\/p>\n<p>Elvin Cavadovun bar\u0259sind\u0259 olan B\u0259rd\u0259 rayon M\u0259hk\u0259m\u0259sinin 11 fevral 2016-c\u0131 il tarixli h\u00f6km\u00fcn\u0259 Cinay\u0259t M\u0259c\u0259ll\u0259sinin 263.2-ci madd\u0259si il\u0259 t\u0259yin edilmi\u015f 3 il m\u00fcdd\u0259tin\u0259 n\u0259qliyyat vasit\u0259l\u0259rini idar\u0259 etm\u0259k h\u00fcququndan m\u0259hrum etm\u0259 c\u0259zas\u0131n\u0131n \u00e7\u0259kilm\u0259mi\u015f 1 ay 15 g\u00fcn c\u0259za haz\u0131rk\u0131 h\u00f6kml\u0259 birl\u0259\u015fdirilib.<\/p>\n<p>H\u00f6km qalan hiss\u0259d\u0259 d\u0259yi\u015fdirilm\u0259yib.<\/p>\n<p>publika.az<\/p>\n","protected":false},"excerpt":{"rendered":"<p>Sumqay\u0131t \u015f\u0259h\u0259rind\u0259 cinay\u0259t t\u00f6r\u0259tm\u0259kd\u0259 t\u0259qsirli bilin\u0259n Beyl\u0259qan rayon sakini, 1988-ci il t\u0259v\u0259ll\u00fcdl\u00fc Elvin Cavadov v\u0259 onun qarda\u015f\u0131, 1987-ci il t\u0259v\u0259ll\u00fcdl\u00fc Emin Cavadovun cinay\u0259t i\u015fi \u00fczr\u0259 m\u0259hk\u0259m\u0259 prosesi ba\u015fa \u00e7at\u0131b. ARANTV.AZ\u00a0x\u0259b\u0259r verir ki, Elvin Cavadov 21 yanvar 2016-c\u0131 il tarixd\u0259, saat 11 rad\u0259l\u0259rind\u0259 Sumqay\u0131t \u015f\u0259h\u0259ri, 4-c\u00fc mikrorayon \u0259razisind\u0259 yerl\u0259\u015f\u0259n \u201cUcuzluq\u201d ma\u011fazas\u0131nda qarda\u015f\u0131 Eminl\u0259 birlikd\u0259 qabaqcadan \u0259lbir olan bir qrup \u015f\u0259xs hal\u0131nda qohumu Mira\u011fa Bayramova qar\u015f\u0131 zorak\u0131l\u0131q edib. Q\u0131zla dan\u0131\u015fan o\u011flan d\u00f6y\u00fcld\u00fc Onlar Mira\u011fan\u0131n h\u0259min ma\u011fazada sat\u0131c\u0131 i\u015fl\u0259y\u0259n \u015e\u0259fiq\u0259 \u018flizad\u0259 il\u0259 s\u00f6hb\u0259tl\u0259rin\u0259 he\u00e7 bir s\u0259b\u0259b olmadan m\u00fcdaxil\u0259 edibl\u0259r. Mira\u011fa Bayramov v\u0259 ma\u011fazada&hellip;<\/p>\n","protected":false},"author":2,"featured_media":19678,"comment_status":"closed","ping_status":"closed","sticky":false,"template":"","format":"standard","meta":{"om_disable_all_campaigns":false,"_monsterinsights_skip_tracking":false,"_monsterinsights_sitenote_active":false,"_monsterinsights_sitenote_note":"","_monsterinsights_sitenote_category":0},"categories":[5],"tags":[],"aioseo_notices":[],"gutentor_comment":0,"rttpg_featured_image_url":{"full":["https:\/\/arantv.az\/wp-content\/uploads\/2018\/10\/hebsxana_1-1.jpg",800,450,false],"landscape":["https:\/\/arantv.az\/wp-content\/uploads\/2018\/10\/hebsxana_1-1.jpg",800,450,false],"portraits":["https:\/\/arantv.az\/wp-content\/uploads\/2018\/10\/hebsxana_1-1.jpg",800,450,false],"thumbnail":["https:\/\/arantv.az\/wp-content\/uploads\/2018\/10\/hebsxana_1-1-150x150.jpg",150,150,true],"medium":["https:\/\/arantv.az\/wp-content\/uploads\/2018\/10\/hebsxana_1-1-300x169.jpg",300,169,true],"large":["https:\/\/arantv.az\/wp-content\/uploads\/2018\/10\/hebsxana_1-1.jpg",640,360,false],"1536x1536":["https:\/\/arantv.az\/wp-content\/uploads\/2018\/10\/hebsxana_1-1.jpg",800,450,false],"2048x2048":["https:\/\/arantv.az\/wp-content\/uploads\/2018\/10\/hebsxana_1-1.jpg",800,450,false],"post-thumbnail":["https:\/\/arantv.az\/wp-content\/uploads\/2018\/10\/hebsxana_1-1-240x172.jpg",240,172,true],"advps-thumb-one":["https:\/\/arantv.az\/wp-content\/uploads\/2018\/10\/hebsxana_1-1.jpg",800,450,false]},"rttpg_author":{"display_name":"V\u00fcsal Rafiqo\u011flu","author_link":"https:\/\/arantv.az\/?author=2"},"rttpg_comment":0,"rttpg_category":"<a href=\"https:\/\/arantv.az\/?cat=5\" rel=\"category\">Hadis\u0259<\/a>","rttpg_excerpt":"Sumqay\u0131t \u015f\u0259h\u0259rind\u0259 cinay\u0259t t\u00f6r\u0259tm\u0259kd\u0259 t\u0259qsirli bilin\u0259n Beyl\u0259qan rayon sakini, 1988-ci il t\u0259v\u0259ll\u00fcdl\u00fc Elvin Cavadov v\u0259 onun qarda\u015f\u0131, 1987-ci il t\u0259v\u0259ll\u00fcdl\u00fc Emin Cavadovun cinay\u0259t i\u015fi \u00fczr\u0259 m\u0259hk\u0259m\u0259 prosesi ba\u015fa \u00e7at\u0131b. ARANTV.AZ\u00a0x\u0259b\u0259r verir ki, Elvin Cavadov 21 yanvar 2016-c\u0131 il tarixd\u0259, saat 11 rad\u0259l\u0259rind\u0259 Sumqay\u0131t \u015f\u0259h\u0259ri, 4-c\u00fc mikrorayon \u0259razisind\u0259 yerl\u0259\u015f\u0259n \u201cUcuzluq\u201d ma\u011fazas\u0131nda qarda\u015f\u0131 Eminl\u0259 birlikd\u0259 qabaqcadan \u0259lbir&hellip;","_links":{"self":[{"href":"https:\/\/arantv.az\/index.php?rest_route=\/wp\/v2\/posts\/19677"}],"collection":[{"href":"https:\/\/arantv.az\/index.php?rest_route=\/wp\/v2\/posts"}],"about":[{"href":"https:\/\/arantv.az\/index.php?rest_route=\/wp\/v2\/types\/post"}],"author":[{"embeddable":true,"href":"https:\/\/arantv.az\/index.php?rest_route=\/wp\/v2\/users\/2"}],"replies":[{"embeddable":true,"href":"https:\/\/arantv.az\/index.php?rest_route=%2Fwp%2Fv2%2Fcomments&post=19677"}],"version-history":[{"count":0,"href":"https:\/\/arantv.az\/index.php?rest_route=\/wp\/v2\/posts\/19677\/revisions"}],"wp:featuredmedia":[{"embeddable":true,"href":"https:\/\/arantv.az\/index.php?rest_route=\/wp\/v2\/media\/19678"}],"wp:attachment":[{"href":"https:\/\/arantv.az\/index.php?rest_route=%2Fwp%2Fv2%2Fmedia&parent=19677"}],"wp:term":[{"taxonomy":"category","embeddable":true,"href":"https:\/\/arantv.az\/index.php?rest_route=%2Fwp%2Fv2%2Fcategories&post=19677"},{"taxonomy":"post_tag","embeddable":true,"href":"https:\/\/arantv.az\/index.php?rest_route=%2Fwp%2Fv2%2Ftags&post=19677"}],"curies":[{"name":"wp","href":"https:\/\/api.w.org\/{rel}","templated":true}]}}