{"id":19686,"date":"2018-10-18T09:28:35","date_gmt":"2018-10-18T06:28:35","guid":{"rendered":"http:\/\/arantv.az\/?p=19686"},"modified":"2018-10-18T09:28:35","modified_gmt":"2018-10-18T06:28:35","slug":"g%c9%99l%c9%99n-ilin-budc%c9%99-z%c9%99rfi-milli-m%c9%99clis%c9%99-daxil-olub","status":"publish","type":"post","link":"https:\/\/arantv.az\/?p=19686","title":{"rendered":"G\u0259l\u0259n ilin b\u00fcdc\u0259 z\u0259rfi Milli M\u0259clis\u0259 daxil olub"},"content":{"rendered":"<p><b>Az\u0259rbaycan\u0131n 2019-cu il \u00fczr\u0259 b\u00fcdc\u0259 z\u0259rfi Milli M\u0259clis\u0259 (MM) daxil olub.<\/p>\n<p>ARANTV.AZ-\u0131n m\u0259lumat\u0131na g\u00f6r\u0259, z\u0259rf\u0259 &#8220;2019-cu il d\u00f6vl\u0259t b\u00fcdc\u0259si haqq\u0131nda\u201d, &#8221; 2019-cu il \u00fc\u00e7\u00fcn ya\u015fay\u0131\u015f minimumu haqq\u0131nda\u201d, &#8220;2019-cu il \u00fc\u00e7\u00fcn ehtiyac meyar\u0131n\u0131n h\u0259ddi haqq\u0131nda\u201d, &#8220;D\u00f6vl\u0259t Sosial M\u00fcdafi\u0259 Fondunun 2019-cu il b\u00fcdc\u0259si haqq\u0131nda\u201d qanun layih\u0259l\u0259ri, MM-in v\u0259 Hesablama Palatas\u0131n\u0131n g\u0259l\u0259n il \u00fc\u00e7\u00fcn x\u0259rcl\u0259r smetalar\u0131 daxildir.<\/b><\/p>\n<p>report<\/p>\n","protected":false},"excerpt":{"rendered":"<p>Az\u0259rbaycan\u0131n 2019-cu il \u00fczr\u0259 b\u00fcdc\u0259 z\u0259rfi Milli M\u0259clis\u0259 (MM) daxil olub. ARANTV.AZ-\u0131n m\u0259lumat\u0131na g\u00f6r\u0259, z\u0259rf\u0259 &#8220;2019-cu il d\u00f6vl\u0259t b\u00fcdc\u0259si haqq\u0131nda\u201d, &#8221; 2019-cu il \u00fc\u00e7\u00fcn ya\u015fay\u0131\u015f minimumu haqq\u0131nda\u201d, &#8220;2019-cu il \u00fc\u00e7\u00fcn ehtiyac meyar\u0131n\u0131n h\u0259ddi haqq\u0131nda\u201d, &#8220;D\u00f6vl\u0259t Sosial M\u00fcdafi\u0259 Fondunun 2019-cu il b\u00fcdc\u0259si haqq\u0131nda\u201d qanun layih\u0259l\u0259ri, MM-in v\u0259 Hesablama Palatas\u0131n\u0131n g\u0259l\u0259n il \u00fc\u00e7\u00fcn x\u0259rcl\u0259r smetalar\u0131 daxildir. report<\/p>\n","protected":false},"author":2,"featured_media":19687,"comment_status":"closed","ping_status":"closed","sticky":false,"template":"","format":"standard","meta":{"om_disable_all_campaigns":false,"_monsterinsights_skip_tracking":false,"_monsterinsights_sitenote_active":false,"_monsterinsights_sitenote_note":"","_monsterinsights_sitenote_category":0},"categories":[19],"tags":[],"aioseo_notices":[],"gutentor_comment":0,"rttpg_featured_image_url":{"full":["https:\/\/arantv.az\/wp-content\/uploads\/2018\/10\/1539842984_a89d0310-9cd7-483d-bd0a-9bbbd302191f.jpg",450,300,false],"landscape":["https:\/\/arantv.az\/wp-content\/uploads\/2018\/10\/1539842984_a89d0310-9cd7-483d-bd0a-9bbbd302191f.jpg",450,300,false],"portraits":["https:\/\/arantv.az\/wp-content\/uploads\/2018\/10\/1539842984_a89d0310-9cd7-483d-bd0a-9bbbd302191f.jpg",450,300,false],"thumbnail":["https:\/\/arantv.az\/wp-content\/uploads\/2018\/10\/1539842984_a89d0310-9cd7-483d-bd0a-9bbbd302191f-150x150.jpg",150,150,true],"medium":["https:\/\/arantv.az\/wp-content\/uploads\/2018\/10\/1539842984_a89d0310-9cd7-483d-bd0a-9bbbd302191f-300x200.jpg",300,200,true],"large":["https:\/\/arantv.az\/wp-content\/uploads\/2018\/10\/1539842984_a89d0310-9cd7-483d-bd0a-9bbbd302191f.jpg",450,300,false],"1536x1536":["https:\/\/arantv.az\/wp-content\/uploads\/2018\/10\/1539842984_a89d0310-9cd7-483d-bd0a-9bbbd302191f.jpg",450,300,false],"2048x2048":["https:\/\/arantv.az\/wp-content\/uploads\/2018\/10\/1539842984_a89d0310-9cd7-483d-bd0a-9bbbd302191f.jpg",450,300,false],"post-thumbnail":["https:\/\/arantv.az\/wp-content\/uploads\/2018\/10\/1539842984_a89d0310-9cd7-483d-bd0a-9bbbd302191f-240x172.jpg",240,172,true],"advps-thumb-one":["https:\/\/arantv.az\/wp-content\/uploads\/2018\/10\/1539842984_a89d0310-9cd7-483d-bd0a-9bbbd302191f.jpg",450,300,false]},"rttpg_author":{"display_name":"V\u00fcsal Rafiqo\u011flu","author_link":"https:\/\/arantv.az\/?author=2"},"rttpg_comment":0,"rttpg_category":"<a href=\"https:\/\/arantv.az\/?cat=19\" rel=\"category\">G\u00fcnd\u0259m<\/a>","rttpg_excerpt":"Az\u0259rbaycan\u0131n 2019-cu il \u00fczr\u0259 b\u00fcdc\u0259 z\u0259rfi Milli M\u0259clis\u0259 (MM) daxil olub. ARANTV.AZ-\u0131n m\u0259lumat\u0131na g\u00f6r\u0259, z\u0259rf\u0259 &#8220;2019-cu il d\u00f6vl\u0259t b\u00fcdc\u0259si haqq\u0131nda\u201d, &#8221; 2019-cu il \u00fc\u00e7\u00fcn ya\u015fay\u0131\u015f minimumu haqq\u0131nda\u201d, &#8220;2019-cu il \u00fc\u00e7\u00fcn ehtiyac meyar\u0131n\u0131n h\u0259ddi haqq\u0131nda\u201d, &#8220;D\u00f6vl\u0259t Sosial M\u00fcdafi\u0259 Fondunun 2019-cu il b\u00fcdc\u0259si haqq\u0131nda\u201d qanun layih\u0259l\u0259ri, MM-in v\u0259 Hesablama Palatas\u0131n\u0131n g\u0259l\u0259n il \u00fc\u00e7\u00fcn x\u0259rcl\u0259r smetalar\u0131 daxildir. report","_links":{"self":[{"href":"https:\/\/arantv.az\/index.php?rest_route=\/wp\/v2\/posts\/19686"}],"collection":[{"href":"https:\/\/arantv.az\/index.php?rest_route=\/wp\/v2\/posts"}],"about":[{"href":"https:\/\/arantv.az\/index.php?rest_route=\/wp\/v2\/types\/post"}],"author":[{"embeddable":true,"href":"https:\/\/arantv.az\/index.php?rest_route=\/wp\/v2\/users\/2"}],"replies":[{"embeddable":true,"href":"https:\/\/arantv.az\/index.php?rest_route=%2Fwp%2Fv2%2Fcomments&post=19686"}],"version-history":[{"count":0,"href":"https:\/\/arantv.az\/index.php?rest_route=\/wp\/v2\/posts\/19686\/revisions"}],"wp:featuredmedia":[{"embeddable":true,"href":"https:\/\/arantv.az\/index.php?rest_route=\/wp\/v2\/media\/19687"}],"wp:attachment":[{"href":"https:\/\/arantv.az\/index.php?rest_route=%2Fwp%2Fv2%2Fmedia&parent=19686"}],"wp:term":[{"taxonomy":"category","embeddable":true,"href":"https:\/\/arantv.az\/index.php?rest_route=%2Fwp%2Fv2%2Fcategories&post=19686"},{"taxonomy":"post_tag","embeddable":true,"href":"https:\/\/arantv.az\/index.php?rest_route=%2Fwp%2Fv2%2Ftags&post=19686"}],"curies":[{"name":"wp","href":"https:\/\/api.w.org\/{rel}","templated":true}]}}