{"id":19696,"date":"2018-10-18T09:35:02","date_gmt":"2018-10-18T06:35:02","guid":{"rendered":"http:\/\/arantv.az\/?p=19696"},"modified":"2018-10-18T09:35:02","modified_gmt":"2018-10-18T06:35:02","slug":"dovl%c9%99t-turizm-agentliyi-bir-nec%c9%99-olk%c9%99d%c9%99-numay%c9%99nd%c9%99lik-acmaq-ist%c9%99yir","status":"publish","type":"post","link":"https:\/\/arantv.az\/?p=19696","title":{"rendered":"D\u00f6vl\u0259t Turizm Agentliyi bir ne\u00e7\u0259 \u00f6lk\u0259d\u0259 n\u00fcmay\u0259nd\u0259lik a\u00e7maq ist\u0259yir"},"content":{"rendered":"<blockquote><p><em><strong>Az\u0259rbaycan\u0131n turizm potensial\u0131n\u0131n b\u00fct\u00fcn d\u00fcnyaya tan\u0131d\u0131lmas\u0131 \u00fc\u00e7\u00fcn s\u0259yl\u0259rimizi art\u0131rmal\u0131y\u0131q.<\/strong><\/em><\/p><\/blockquote>\n<p><strong>ARANTV.AZ<\/strong> trend-\u0259 istinad\u0259n x\u0259b\u0259r verir ki, bunu Milli Turizm Sammitind\u0259 \u00e7\u0131x\u0131\u015f ed\u0259n D\u00f6vl\u0259t Turizm Agentliyinin (DTA) s\u0259dri Fuad Na\u011f\u0131yev deyib.<\/p>\n<p>F.Na\u011f\u0131yev qeyd edib ki, bu ilin aprel ay\u0131nda t\u0259sis edil\u0259n agentlik \u00f6t\u0259n aylar \u0259rzind\u0259 xeyli i\u015f g\u00f6r\u0259 bilib: &#8220;Biz \u00f6hd\u0259miz\u0259 d\u00fc\u015f\u0259n m\u0259suliyy\u0259tin f\u0259rqind\u0259yik v\u0259 \u00f6z i\u015fimizi qurmu\u015fuq&#8221;.<\/p>\n<p>Son bir ne\u00e7\u0259 ild\u0259 \u00f6lk\u0259 turizminin \u00e7ox u\u011furlu yol ke\u00e7diyini dey\u0259n F.Na\u011f\u0131yev turizm t\u0259hsilinin d\u0259 \u00e7ox \u00f6n\u0259mli oldu\u011funu bildirib.<\/p>\n<p>Onun s\u00f6zl\u0259rin\u0259 g\u00f6r\u0259, n\u00f6vb\u0259ti h\u0259d\u0259fl\u0259rd\u0259n biri DTA-n\u0131n bir ne\u00e7\u0259 \u00f6lk\u0259d\u0259 n\u00fcmay\u0259nd\u0259likl\u0259rini a\u00e7maqd\u0131r.<\/p>\n<p>F.Na\u011f\u0131yev \u0259lav\u0259 edib ki, Agentlik t\u0259r\u0259find\u0259n turistl\u0259r\u0259 g\u00f6st\u0259ril\u0259n xidm\u0259tin art\u0131r\u0131lmas\u0131 \u00fc\u00e7\u00fcn d\u0259 add\u0131mlar at\u0131lacaq.<\/p>\n","protected":false},"excerpt":{"rendered":"<p>Az\u0259rbaycan\u0131n turizm potensial\u0131n\u0131n b\u00fct\u00fcn d\u00fcnyaya tan\u0131d\u0131lmas\u0131 \u00fc\u00e7\u00fcn s\u0259yl\u0259rimizi art\u0131rmal\u0131y\u0131q. ARANTV.AZ trend-\u0259 istinad\u0259n x\u0259b\u0259r verir ki, bunu Milli Turizm Sammitind\u0259 \u00e7\u0131x\u0131\u015f ed\u0259n D\u00f6vl\u0259t Turizm Agentliyinin (DTA) s\u0259dri Fuad Na\u011f\u0131yev deyib. F.Na\u011f\u0131yev qeyd edib ki, bu ilin aprel ay\u0131nda t\u0259sis edil\u0259n agentlik \u00f6t\u0259n aylar \u0259rzind\u0259 xeyli i\u015f g\u00f6r\u0259 bilib: &#8220;Biz \u00f6hd\u0259miz\u0259 d\u00fc\u015f\u0259n m\u0259suliyy\u0259tin f\u0259rqind\u0259yik v\u0259 \u00f6z i\u015fimizi qurmu\u015fuq&#8221;. Son bir ne\u00e7\u0259 ild\u0259 \u00f6lk\u0259 turizminin \u00e7ox u\u011furlu yol ke\u00e7diyini dey\u0259n F.Na\u011f\u0131yev turizm t\u0259hsilinin d\u0259 \u00e7ox \u00f6n\u0259mli oldu\u011funu bildirib. Onun s\u00f6zl\u0259rin\u0259 g\u00f6r\u0259, n\u00f6vb\u0259ti h\u0259d\u0259fl\u0259rd\u0259n biri DTA-n\u0131n bir ne\u00e7\u0259 \u00f6lk\u0259d\u0259 n\u00fcmay\u0259nd\u0259likl\u0259rini a\u00e7maqd\u0131r. F.Na\u011f\u0131yev \u0259lav\u0259 edib&hellip;<\/p>\n","protected":false},"author":2,"featured_media":19697,"comment_status":"closed","ping_status":"closed","sticky":false,"template":"","format":"standard","meta":{"om_disable_all_campaigns":false,"_monsterinsights_skip_tracking":false,"_monsterinsights_sitenote_active":false,"_monsterinsights_sitenote_note":"","_monsterinsights_sitenote_category":0},"categories":[1],"tags":[],"aioseo_notices":[],"gutentor_comment":0,"rttpg_featured_image_url":{"full":["https:\/\/arantv.az\/wp-content\/uploads\/2018\/10\/695684.jpg",800,600,false],"landscape":["https:\/\/arantv.az\/wp-content\/uploads\/2018\/10\/695684.jpg",800,600,false],"portraits":["https:\/\/arantv.az\/wp-content\/uploads\/2018\/10\/695684.jpg",800,600,false],"thumbnail":["https:\/\/arantv.az\/wp-content\/uploads\/2018\/10\/695684-150x150.jpg",150,150,true],"medium":["https:\/\/arantv.az\/wp-content\/uploads\/2018\/10\/695684-300x225.jpg",300,225,true],"large":["https:\/\/arantv.az\/wp-content\/uploads\/2018\/10\/695684.jpg",640,480,false],"1536x1536":["https:\/\/arantv.az\/wp-content\/uploads\/2018\/10\/695684.jpg",800,600,false],"2048x2048":["https:\/\/arantv.az\/wp-content\/uploads\/2018\/10\/695684.jpg",800,600,false],"post-thumbnail":["https:\/\/arantv.az\/wp-content\/uploads\/2018\/10\/695684-240x172.jpg",240,172,true],"advps-thumb-one":["https:\/\/arantv.az\/wp-content\/uploads\/2018\/10\/695684.jpg",800,600,false]},"rttpg_author":{"display_name":"V\u00fcsal Rafiqo\u011flu","author_link":"https:\/\/arantv.az\/?author=2"},"rttpg_comment":0,"rttpg_category":"<a href=\"https:\/\/arantv.az\/?cat=1\" rel=\"category\">C\u0259miyy\u0259t<\/a>","rttpg_excerpt":"Az\u0259rbaycan\u0131n turizm potensial\u0131n\u0131n b\u00fct\u00fcn d\u00fcnyaya tan\u0131d\u0131lmas\u0131 \u00fc\u00e7\u00fcn s\u0259yl\u0259rimizi art\u0131rmal\u0131y\u0131q. ARANTV.AZ trend-\u0259 istinad\u0259n x\u0259b\u0259r verir ki, bunu Milli Turizm Sammitind\u0259 \u00e7\u0131x\u0131\u015f ed\u0259n D\u00f6vl\u0259t Turizm Agentliyinin (DTA) s\u0259dri Fuad Na\u011f\u0131yev deyib. F.Na\u011f\u0131yev qeyd edib ki, bu ilin aprel ay\u0131nda t\u0259sis edil\u0259n agentlik \u00f6t\u0259n aylar \u0259rzind\u0259 xeyli i\u015f g\u00f6r\u0259 bilib: &#8220;Biz \u00f6hd\u0259miz\u0259 d\u00fc\u015f\u0259n m\u0259suliyy\u0259tin f\u0259rqind\u0259yik v\u0259 \u00f6z i\u015fimizi&hellip;","_links":{"self":[{"href":"https:\/\/arantv.az\/index.php?rest_route=\/wp\/v2\/posts\/19696"}],"collection":[{"href":"https:\/\/arantv.az\/index.php?rest_route=\/wp\/v2\/posts"}],"about":[{"href":"https:\/\/arantv.az\/index.php?rest_route=\/wp\/v2\/types\/post"}],"author":[{"embeddable":true,"href":"https:\/\/arantv.az\/index.php?rest_route=\/wp\/v2\/users\/2"}],"replies":[{"embeddable":true,"href":"https:\/\/arantv.az\/index.php?rest_route=%2Fwp%2Fv2%2Fcomments&post=19696"}],"version-history":[{"count":0,"href":"https:\/\/arantv.az\/index.php?rest_route=\/wp\/v2\/posts\/19696\/revisions"}],"wp:featuredmedia":[{"embeddable":true,"href":"https:\/\/arantv.az\/index.php?rest_route=\/wp\/v2\/media\/19697"}],"wp:attachment":[{"href":"https:\/\/arantv.az\/index.php?rest_route=%2Fwp%2Fv2%2Fmedia&parent=19696"}],"wp:term":[{"taxonomy":"category","embeddable":true,"href":"https:\/\/arantv.az\/index.php?rest_route=%2Fwp%2Fv2%2Fcategories&post=19696"},{"taxonomy":"post_tag","embeddable":true,"href":"https:\/\/arantv.az\/index.php?rest_route=%2Fwp%2Fv2%2Ftags&post=19696"}],"curies":[{"name":"wp","href":"https:\/\/api.w.org\/{rel}","templated":true}]}}