{"id":19699,"date":"2018-10-18T09:36:13","date_gmt":"2018-10-18T06:36:13","guid":{"rendered":"http:\/\/arantv.az\/?p=19699"},"modified":"2018-10-18T09:36:13","modified_gmt":"2018-10-18T06:36:13","slug":"az%c9%99rbaycanda-hotell%c9%99rin-onlayn-reytinqi-qurulacaq","status":"publish","type":"post","link":"https:\/\/arantv.az\/?p=19699","title":{"rendered":"Az\u0259rbaycanda hotell\u0259rin onlayn reytinqi qurulacaq"},"content":{"rendered":"<blockquote><p><em><strong>Az\u0259rbaycan\u0131 keyfiyy\u0259tli turizm brendi kimi d\u00fcnyaya tan\u0131tmaq \u00fc\u00e7\u00fcn bacar\u0131q laz\u0131md\u0131r. Biz yeni bazarlar a\u00e7mal\u0131, onlayn t\u0259dar\u00fck \u015f\u0259b\u0259k\u0259si yaratmal\u0131y\u0131q.<\/strong><\/em><\/p><\/blockquote>\n<p><strong>ARANTV.AZ<\/strong> trend-\u0259 istinad\u0259n x\u0259b\u0259r verir ki, bunu Milli Turizm Sammitind\u0259 \u00e7\u0131x\u0131\u015f ed\u0259n Az\u0259rbaycan Turizm B\u00fcrosunun icra\u00e7\u0131 direktoru Florian Sengstschmidt deyib.<\/p>\n<p>Onun s\u00f6zl\u0259rin\u0259 g\u00f6r\u0259, F.Sengstschmidt qeyd edib ki, &#8220;H\u0259r bir \u00f6lk\u0259 \u00f6z\u00fcn\u00fc g\u00f6z\u0259l m\u0259nz\u0259r\u0259si il\u0259 d\u00fcnyaya tan\u0131tma\u011fa \u00e7al\u0131\u015f\u0131r. \u00d6z\u00fcn\u00fc qlobal r\u0259qab\u0259td\u0259 f\u0259rqliliyini g\u00f6st\u0259rir. Bu f\u0259rqlilyi h\u0259r k\u0259s yarada bilir. Bizim strategiya da bu f\u0259rqliliyi inki\u015faf etdirm\u0259kdir. Biz turizmin inki\u015faf\u0131 \u00fc\u00e7\u00fcn bir \u00e7ox h\u0259d\u0259fl\u0259r se\u00e7mi\u015fik. Bu g\u00fcn onlardan ilkini-turizm brendini t\u0259qdim edirik. Yeni brendin d\u00fcnya ictimaiyy\u0259tin\u0259 t\u0259qdimat\u0131 is\u0259 bu ilin noyabr\u0131nda Londonda ke\u00e7iril\u0259c\u0259k &#8220;D\u00fcnya S\u0259yah\u0259t Bazar\u0131&#8221; (London WTM) s\u0259rgisind\u0259 ba\u015f tutacaq&#8221;.<\/p>\n<div id=\"AdributorNativeVideo0\" class=\"AdributorNativeVideo\"><\/div>\n<p>F.Sengstschmidt qeyd edib ki, qar\u015f\u0131l\u0131ql\u0131 \u0259m\u0259kda\u015fl\u0131q n\u0259tic\u0259sind\u0259 turizm strategiyas\u0131 \u00f6lk\u0259 \u00fc\u00e7\u00fcn daha \u00f6n\u0259mli olacaq.<\/p>\n<p>Onun s\u00f6zl\u0259rin\u0259 g\u00f6r\u0259, n\u0259z\u0259rd\u0259 tutulan turizm strategiyas\u0131na uy\u011fun olaraq, hotell\u0259rin onlayn reytinqini qurulacaq, b\u0259l\u0259d\u00e7il\u0259rin sertifikat\u0131 olacaq: &#8220;Tarixi qoruqlarla ba\u011fl\u0131 layih\u0259l\u0259r haz\u0131rlan\u0131r. Tarixi qoruqlardan s\u0259m\u0259r\u0259li istifad\u0259 il\u0259 ba\u011fl\u0131 ilk layih\u0259 Basqal b\u00f6lg\u0259si \u00fczr\u0259 olacaq. Yanarda\u011fda \u00e7ox g\u00f6z\u0259l s\u0259rgi m\u0259rk\u0259zi a\u00e7acay\u0131q. \u015eahda\u011fda da m\u00f6vcud infrastruktur geni\u015fl\u0259ndirilir. 24 saat \u0259rzind\u0259 i\u015fl\u0259y\u0259n &#8220;Qaynar x\u0259tt&#8221;, informasiya texnologiyalar\u0131ndan istifad\u0259 bizim \u00fc\u00e7\u00fcn \u00e7ox vacib al\u0259tdir. Biz stimulla\u015fd\u0131r\u0131c\u0131 t\u0259dbirl\u0259rl\u0259 d\u0259 ba\u011fl\u0131 t\u0259klifl\u0259rimoz ver\u0259c\u0259yik&#8221;.<\/p>\n","protected":false},"excerpt":{"rendered":"<p>Az\u0259rbaycan\u0131 keyfiyy\u0259tli turizm brendi kimi d\u00fcnyaya tan\u0131tmaq \u00fc\u00e7\u00fcn bacar\u0131q laz\u0131md\u0131r. Biz yeni bazarlar a\u00e7mal\u0131, onlayn t\u0259dar\u00fck \u015f\u0259b\u0259k\u0259si yaratmal\u0131y\u0131q. ARANTV.AZ trend-\u0259 istinad\u0259n x\u0259b\u0259r verir ki, bunu Milli Turizm Sammitind\u0259 \u00e7\u0131x\u0131\u015f ed\u0259n Az\u0259rbaycan Turizm B\u00fcrosunun icra\u00e7\u0131 direktoru Florian Sengstschmidt deyib. Onun s\u00f6zl\u0259rin\u0259 g\u00f6r\u0259, F.Sengstschmidt qeyd edib ki, &#8220;H\u0259r bir \u00f6lk\u0259 \u00f6z\u00fcn\u00fc g\u00f6z\u0259l m\u0259nz\u0259r\u0259si il\u0259 d\u00fcnyaya tan\u0131tma\u011fa \u00e7al\u0131\u015f\u0131r. \u00d6z\u00fcn\u00fc qlobal r\u0259qab\u0259td\u0259 f\u0259rqliliyini g\u00f6st\u0259rir. Bu f\u0259rqlilyi h\u0259r k\u0259s yarada bilir. Bizim strategiya da bu f\u0259rqliliyi inki\u015faf etdirm\u0259kdir. Biz turizmin inki\u015faf\u0131 \u00fc\u00e7\u00fcn bir \u00e7ox h\u0259d\u0259fl\u0259r se\u00e7mi\u015fik. Bu g\u00fcn onlardan ilkini-turizm brendini t\u0259qdim edirik. Yeni brendin&hellip;<\/p>\n","protected":false},"author":2,"featured_media":19700,"comment_status":"closed","ping_status":"closed","sticky":false,"template":"","format":"standard","meta":{"om_disable_all_campaigns":false,"_monsterinsights_skip_tracking":false,"_monsterinsights_sitenote_active":false,"_monsterinsights_sitenote_note":"","_monsterinsights_sitenote_category":0},"categories":[1],"tags":[],"aioseo_notices":[],"gutentor_comment":0,"rttpg_featured_image_url":{"full":["https:\/\/arantv.az\/wp-content\/uploads\/2018\/10\/hotel-2338487576.jpg",800,600,false],"landscape":["https:\/\/arantv.az\/wp-content\/uploads\/2018\/10\/hotel-2338487576.jpg",800,600,false],"portraits":["https:\/\/arantv.az\/wp-content\/uploads\/2018\/10\/hotel-2338487576.jpg",800,600,false],"thumbnail":["https:\/\/arantv.az\/wp-content\/uploads\/2018\/10\/hotel-2338487576-150x150.jpg",150,150,true],"medium":["https:\/\/arantv.az\/wp-content\/uploads\/2018\/10\/hotel-2338487576-300x225.jpg",300,225,true],"large":["https:\/\/arantv.az\/wp-content\/uploads\/2018\/10\/hotel-2338487576.jpg",640,480,false],"1536x1536":["https:\/\/arantv.az\/wp-content\/uploads\/2018\/10\/hotel-2338487576.jpg",800,600,false],"2048x2048":["https:\/\/arantv.az\/wp-content\/uploads\/2018\/10\/hotel-2338487576.jpg",800,600,false],"post-thumbnail":["https:\/\/arantv.az\/wp-content\/uploads\/2018\/10\/hotel-2338487576-240x172.jpg",240,172,true],"advps-thumb-one":["https:\/\/arantv.az\/wp-content\/uploads\/2018\/10\/hotel-2338487576.jpg",800,600,false]},"rttpg_author":{"display_name":"V\u00fcsal Rafiqo\u011flu","author_link":"https:\/\/arantv.az\/?author=2"},"rttpg_comment":0,"rttpg_category":"<a href=\"https:\/\/arantv.az\/?cat=1\" rel=\"category\">C\u0259miyy\u0259t<\/a>","rttpg_excerpt":"Az\u0259rbaycan\u0131 keyfiyy\u0259tli turizm brendi kimi d\u00fcnyaya tan\u0131tmaq \u00fc\u00e7\u00fcn bacar\u0131q laz\u0131md\u0131r. Biz yeni bazarlar a\u00e7mal\u0131, onlayn t\u0259dar\u00fck \u015f\u0259b\u0259k\u0259si yaratmal\u0131y\u0131q. ARANTV.AZ trend-\u0259 istinad\u0259n x\u0259b\u0259r verir ki, bunu Milli Turizm Sammitind\u0259 \u00e7\u0131x\u0131\u015f ed\u0259n Az\u0259rbaycan Turizm B\u00fcrosunun icra\u00e7\u0131 direktoru Florian Sengstschmidt deyib. Onun s\u00f6zl\u0259rin\u0259 g\u00f6r\u0259, F.Sengstschmidt qeyd edib ki, &#8220;H\u0259r bir \u00f6lk\u0259 \u00f6z\u00fcn\u00fc g\u00f6z\u0259l m\u0259nz\u0259r\u0259si il\u0259 d\u00fcnyaya tan\u0131tma\u011fa \u00e7al\u0131\u015f\u0131r.&hellip;","_links":{"self":[{"href":"https:\/\/arantv.az\/index.php?rest_route=\/wp\/v2\/posts\/19699"}],"collection":[{"href":"https:\/\/arantv.az\/index.php?rest_route=\/wp\/v2\/posts"}],"about":[{"href":"https:\/\/arantv.az\/index.php?rest_route=\/wp\/v2\/types\/post"}],"author":[{"embeddable":true,"href":"https:\/\/arantv.az\/index.php?rest_route=\/wp\/v2\/users\/2"}],"replies":[{"embeddable":true,"href":"https:\/\/arantv.az\/index.php?rest_route=%2Fwp%2Fv2%2Fcomments&post=19699"}],"version-history":[{"count":0,"href":"https:\/\/arantv.az\/index.php?rest_route=\/wp\/v2\/posts\/19699\/revisions"}],"wp:featuredmedia":[{"embeddable":true,"href":"https:\/\/arantv.az\/index.php?rest_route=\/wp\/v2\/media\/19700"}],"wp:attachment":[{"href":"https:\/\/arantv.az\/index.php?rest_route=%2Fwp%2Fv2%2Fmedia&parent=19699"}],"wp:term":[{"taxonomy":"category","embeddable":true,"href":"https:\/\/arantv.az\/index.php?rest_route=%2Fwp%2Fv2%2Fcategories&post=19699"},{"taxonomy":"post_tag","embeddable":true,"href":"https:\/\/arantv.az\/index.php?rest_route=%2Fwp%2Fv2%2Ftags&post=19699"}],"curies":[{"name":"wp","href":"https:\/\/api.w.org\/{rel}","templated":true}]}}